{"id":63250,"date":"2025-09-03T14:07:53","date_gmt":"2025-09-03T12:07:53","guid":{"rendered":"https:\/\/ticker-noticiasep.microcontenidos.com\/NoticiaRSS.vbhtml?user=FRND562DLP&amp;cod=20250903140753"},"modified":"2025-09-03T14:07:53","modified_gmt":"2025-09-03T12:07:53","slug":"sociedad-la-armada-reune-a-la-industria-de-defensa-en-las-jornadas-aindef-para-abordar-el-reto-del-buque-autonomo","status":"publish","type":"post","link":"https:\/\/webciudadana.net\/?p=63250","title":{"rendered":"Sociedad: La Armada re\u00fane a la industria de defensa en las Jornadas AINDEF para abordar el reto del buque aut\u00f3nomo"},"content":{"rendered":"\n<div><img decoding=\"async\" src=\"https:\/\/img.europapress.es\/fotoweb\/fotonoticia_20250903140753_300.jpg\" class=\"ff-og-image-inserted\"><\/div>\n<p>(Informaci\u00f3n remitida por la empresa firmante)<\/p>\n<p>\nEl encuentro se celebrar\u00e1 el pr\u00f3ximo 24 de septiembre en el Cuartel General de la Armada, en el marco de la XV Semana Naval.<\/p>\n<p>\nEl evento marcar\u00e1 el inicio del Proyecto \u201cElementos Esenciales del Buque Aut\u00f3nomo\u201d, un programa de un a\u00f1o de duraci\u00f3n abierto a empresas del sector.<\/p>\n<p>\n*<\/p>\n<p>\nMadrid, 3 de septiembre de 2025 \u2013 La Armada celebrar\u00e1 el pr\u00f3ximo 24 de septiembre en el Cuartel General de la Armada en Madrid una nueva edici\u00f3n de las Jornadas T\u00e9cnicas Armada\u2013Industria Defensa (AINDEF), enmarcadas en la XV Semana Naval. Este encuentro se ha consolidado como el principal foro de intercambio entre la Armada, la industria nacional y el sistema cient\u00edfico-tecnol\u00f3gico. Su finalidad es impulsar la colaboraci\u00f3n civil-militar en torno a los retos tecnol\u00f3gicos que marcar\u00e1n el futuro de la defensa naval: autonom\u00eda, sostenibilidad, digitalizaci\u00f3n y operaciones en el multidominio.<\/p>\n<p>\nEn esta edici\u00f3n, el eje central ser\u00e1 el lanzamiento del Proyecto \u201cElementos Esenciales del Buque Aut\u00f3nomo\u201d, una iniciativa innovadora y ambiciosa que marcar\u00e1 un hito en la transformaci\u00f3n de las capacidades mar\u00edtimas. . El proyecto, con una duraci\u00f3n de un a\u00f1o, se estructura en cuatro fases: exposici\u00f3n de retos y bases concursales, selecci\u00f3n de las mejores soluciones, cocreaci\u00f3n y desarrollo de pruebas de concepto y presentaci\u00f3n final de resultados. Abierto a la participaci\u00f3n de empresas del sector de la defensa, busca movilizar al ecosistema tecnol\u00f3gico e industrial nacional para dar respuesta a los desaf\u00edos de la Armada en el \u00e1mbito de la autonom\u00eda naval, la inteligencia artificial embebida y la sostenibilidad en el mar, contribuyendo a reforzar la soberan\u00eda tecnol\u00f3gica y la autonom\u00eda estrat\u00e9gica de Espa\u00f1a en el horizonte 2050.<\/p>\n<p>\n\u201cAINDEF 2025 representa una oportunidad \u00fanica para estrechar lazos con la industria, compartir necesidades operativas y avanzar en soluciones tecnol\u00f3gicas de futuro\u201d, se\u00f1ala el Vicealmirante Nicol\u00e1s Lapique, Almirante Director de Ingenier\u00eda y Construcciones Navales<\/p>\n<p>\nLas jornadas contar\u00e1n con la colaboraci\u00f3n de Funditec, que a trav\u00e9s de su unidad especializada en proyectos de innovaci\u00f3n para el sector de la defensa Funditec Defence, participar\u00e1 en AINDEF. Una cooperaci\u00f3n, fruto de un acuerdo entre la instituci\u00f3n naval y los agentes de innovaci\u00f3n tecnol\u00f3gica, con el objetivo de acelerar el desarrollo de capacidades estrat\u00e9gicas para la defensa..<\/p>\n<p>\n*<\/p>\n<p>\nFunditec es actualmente un centro tecnol\u00f3gico espa\u00f1ol con una l\u00ednea espec\u00edfica dedicada a defensa, lo que le otorga un papel singular como nexo entre el ecosistema de I+D+i y las necesidades estrat\u00e9gicas de las Fuerzas Armadas.<\/p>\n<p>\nSe puede encontrar m\u00e1s informaci\u00f3n y programa completo en www.aindef.es.<\/p>\n<p>\n*<\/p>\n<p>\nSOBRE LA ARMADA:<\/p>\n<p>\nLa Armada es el principal referente de la acci\u00f3n del Estado en la mar y garante de la seguridad mar\u00edtima de Espa\u00f1a. Su misi\u00f3n es proteger los intereses nacionales en los espacios mar\u00edtimos de soberan\u00eda e inter\u00e9s, contribuyendo a la defensa colectiva en el marco de la OTAN, la Uni\u00f3n Europea y otras organizaciones internacionales. Con una vocaci\u00f3n global y una preparaci\u00f3n orientada al combate, la Armada trabaja para continuar siendo decisiva y relevante en y desde la mar, mediante una Flota equilibrada, moderna y siempre alistada. Se proyecta como una Fuerza vanguardista en tecnolog\u00eda, comprometida con la sostenibilidad, firme en la disuasi\u00f3n y ejemplar en el cuidado y desarrollo de su personal.<\/p>\n<p>\nSu estrecha colaboraci\u00f3n con la industria nacional, el mundo acad\u00e9mico y el sistema cient\u00edfico-tecnol\u00f3gico constituye un pilar esencial para reforzar la soberan\u00eda tecnol\u00f3gica y la autonom\u00eda estrat\u00e9gica de Espa\u00f1a, consolidando as\u00ed su papel como garante de la defensa y del bienestar de los espa\u00f1oles.<\/p>\n<p>\n*<\/p>\n<p>\nSOBRE FUNDITEC<\/p>\n<p>\nFunditec es una fundaci\u00f3n tecnol\u00f3gica con m\u00e1s de 20 a\u00f1os de trayectoria, acreditada como centro tecnol\u00f3gico desde 2021, con sedes en Madrid y Barcelona, y un equipo de m\u00e1s de 120 investigadores. Desde su creaci\u00f3n en 2003, Funditec ha trabajado en m\u00e1s de 250 proyectos de innovaci\u00f3n en \u00e1mbitos como la inteligencia artificial, la energ\u00eda, la salud, los materiales avanzados o la ciberseguridad.<\/p>\n<p>\nActualmente, es socio preferente de CDTI y de la Comisi\u00f3n Europea en programas como Horizonte Europa o el Fondo Europeo de Defensa. Su estructura combina dos grandes \u00e1reas: Investigaci\u00f3n (como centro tecnol\u00f3gico acreditado) e Innovaci\u00f3n (a trav\u00e9s de sus unidades Innova, Intelligence y Defence), lo que le permite abordar tanto proyectos p\u00fablicos como colaboraciones con la industria.<\/p>\n<p>\n*<\/p>\n<p>\nContactos:<\/p>\n<p>\nFunditec:<\/p>\n<p>\nCurro Romero Arrechea<\/p>\n<p>\nDirector de Comunicaci\u00f3n<\/p>\n<p>\ncromero@funditec.es<\/p>\n<p>\n+34 650 67 45 54<\/p>\n<p>\n*Armada:<\/p>\n<p>\ncomunicacion@fn.mde.es<\/p>\n<p>\nTel.: (+34) 91 379 50 47\/48***<\/p>\n<p>\narmada.defensa.gob.es<\/p>\n<p>\n*<\/p>\n<p>\n*<\/p>\n","protected":false},"excerpt":{"rendered":"<p>(Informaci\u00f3n remitida por la empresa firmante) El encuentro se celebrar\u00e1 el pr\u00f3ximo 24 de septiembre en el Cuartel General de la Armada, en el marco de la XV Semana Naval. El evento marcar\u00e1 el inicio del Proyecto \u201cElementos Esenciales del Buque Aut\u00f3nomo\u201d, un programa de un a\u00f1o de duraci\u00f3n abierto a empresas del sector. * [&hellip;]<\/p>\n","protected":false},"author":1,"featured_media":0,"comment_status":"closed","ping_status":"closed","sticky":false,"template":"","format":"standard","meta":{"footnotes":""},"categories":[2],"tags":[],"class_list":["post-63250","post","type-post","status-publish","format-standard","hentry","category-noticias"],"_links":{"self":[{"href":"https:\/\/webciudadana.net\/index.php?rest_route=\/wp\/v2\/posts\/63250","targetHints":{"allow":["GET"]}}],"collection":[{"href":"https:\/\/webciudadana.net\/index.php?rest_route=\/wp\/v2\/posts"}],"about":[{"href":"https:\/\/webciudadana.net\/index.php?rest_route=\/wp\/v2\/types\/post"}],"author":[{"embeddable":true,"href":"https:\/\/webciudadana.net\/index.php?rest_route=\/wp\/v2\/users\/1"}],"replies":[{"embeddable":true,"href":"https:\/\/webciudadana.net\/index.php?rest_route=%2Fwp%2Fv2%2Fcomments&post=63250"}],"version-history":[{"count":0,"href":"https:\/\/webciudadana.net\/index.php?rest_route=\/wp\/v2\/posts\/63250\/revisions"}],"wp:attachment":[{"href":"https:\/\/webciudadana.net\/index.php?rest_route=%2Fwp%2Fv2%2Fmedia&parent=63250"}],"wp:term":[{"taxonomy":"category","embeddable":true,"href":"https:\/\/webciudadana.net\/index.php?rest_route=%2Fwp%2Fv2%2Fcategories&post=63250"},{"taxonomy":"post_tag","embeddable":true,"href":"https:\/\/webciudadana.net\/index.php?rest_route=%2Fwp%2Fv2%2Ftags&post=63250"}],"curies":[{"name":"wp","href":"https:\/\/api.w.org\/{rel}","templated":true}]}}