{"id":63279,"date":"2025-09-04T10:02:37","date_gmt":"2025-09-04T08:02:37","guid":{"rendered":"https:\/\/ticker-noticiasep.microcontenidos.com\/NoticiaRSS.vbhtml?user=FRND562DLP&amp;cod=20250904100237"},"modified":"2025-09-04T10:02:37","modified_gmt":"2025-09-04T08:02:37","slug":"sociedad-astoria-llegara-a-vallsur-con-la-presencia-de-las-marcas-internacionales-mas-exclusivas","status":"publish","type":"post","link":"https:\/\/webciudadana.net\/?p=63279","title":{"rendered":"Sociedad: Astoria llegar\u00e1 a Vallsur con la presencia de las marcas internacionales m\u00e1s exclusivas"},"content":{"rendered":"\n<div><img decoding=\"async\" src=\"https:\/\/img.europapress.es\/fotoweb\/fotonoticia_20250904100237_300.jpg\" class=\"ff-og-image-inserted\"><\/div>\n<p>(Informaci\u00f3n remitida por la empresa firmante)<\/p>\n<p> \u00b7 La reconocida tienda multimarca de moda ha anunciado la pr\u00f3xima apertura de su nuevo establecimiento en el centro comercial vallisoletano <\/p>\n<p> \u00b7 Vallsur contin\u00faa de esta forma sumando y reforzando su amplia y variada oferta comercial tras dar la bienvenida a Casa del libro el pasado mes de julio y a la zapater\u00eda RKS, que se incorporar\u00e1 tras el verano<\/p>\n<p> Valladolid, 4 de septiembre de 2025.- Vallsur contin\u00faa dando la bienvenida a nuevas marcas con el objetivo de sumar y reforzar su variada y amplia oferta comercial de moda, ocio y restauraci\u00f3n. As\u00ed, la \u00faltima firma en anunciar su llegada al centro comercial vallisoletano ha sido Astoria con la apertura de su nuevo establecimiento previsto para el mes de octubre.<\/p>\n<p> La reconocida tienda multimarca de moda perteneciente al Grupo Patrimi contar\u00e1 con un espacio de 148 metros cuadrados para dar cabida a las marcas internacionales m\u00e1s prestigiosas y exclusivas. En esta nueva tienda, los clientes podr\u00e1n encontrar colecciones de Levi&#8217;s, Lacoste, EA7 Emporio Armani, Tommy Jeans, Calvin Klein, Silbon, Antony Morato y Morgan, entre otros, en un entorno dise\u00f1ado para ofrecer una experiencia de compra innovadora y diferencial.<\/p>\n<p> Con una clara apuesta por la innovaci\u00f3n y la imagen, Astoria ha cuidado cada detalle del nuevo punto de venta, combinando un dise\u00f1o moderno con una disposici\u00f3n que facilita la comodidad y el descubrimiento de las \u00faltimas tendencias en una clara apuesta por la innovaci\u00f3n y la imagen. Adem\u00e1s, como valor a\u00f1adido, la tienda ofrecer\u00e1 importantes descuentos durante los 365 d\u00edas del a\u00f1o, acercando la moda premium a un p\u00fablico m\u00e1s amplio y exigente en constante b\u00fasqueda de calidad y estilo.<\/p>\n<p> La llegada de este nuevo establecimiento se suma a la apertura de Casa del Libro el pasado mes de julio y a la zapater\u00eda RKS, que abrir\u00e1 en Vallsur tras el verano. Unas nuevas incorporaciones con las que el centro comercial vallisoletano quiere ofrecer a sus visitantes m\u00faltiples opciones para adaptarse a sus gustos, preferencias y necesidades.<\/p>\n<p> Sobre Vallsur &#8211; www.vallsur.com <\/p>\n<p> Desde su apertura, el centro comercial Vallsur, gestionado por CBRE REAL ESTATE, se ha convertido en un referente en la ciudad de Valladolid. Con una superficie de 35.160 m2, m\u00e1s de 90 tiendas y 2.000 plazas de aparcamiento, el centro pone a disposici\u00f3n de sus clientes una gran oferta de servicios cuyo objetivo es satisfacer todas sus necesidades. Adem\u00e1s, Vallsur tiene una clara pol\u00edtica de compromiso en el medio ambiente, tal y como demuestra su sistema de gesti\u00f3n ambiental de acuerdo a la normativa ISO 14001:2004.<\/p>\n<p> Para m\u00e1s informaci\u00f3n o gesti\u00f3n de entrevistas: <\/p>\n<p> AGENCIA DE COMUNICACI\u00d3N DE VALLSUR: <\/p>\n<p> europa press Comunicaci\u00f3n &#8211; 91 359 26 00 <\/p>\n<p> LETICIA G\u00d3MEZ &#8211; leticiagomez@europapress.es <\/p>\n<p> SILVIA MULLOR &#8211; silviamullor@europapress.es<\/p>\n","protected":false},"excerpt":{"rendered":"<p>(Informaci\u00f3n remitida por la empresa firmante) \u00b7 La reconocida tienda multimarca de moda ha anunciado la pr\u00f3xima apertura de su nuevo establecimiento en el centro comercial vallisoletano \u00b7 Vallsur contin\u00faa de esta forma sumando y reforzando su amplia y variada oferta comercial tras dar la bienvenida a Casa del libro el pasado mes de julio [&hellip;]<\/p>\n","protected":false},"author":1,"featured_media":0,"comment_status":"closed","ping_status":"closed","sticky":false,"template":"","format":"standard","meta":{"footnotes":""},"categories":[2],"tags":[],"class_list":["post-63279","post","type-post","status-publish","format-standard","hentry","category-noticias"],"_links":{"self":[{"href":"https:\/\/webciudadana.net\/index.php?rest_route=\/wp\/v2\/posts\/63279","targetHints":{"allow":["GET"]}}],"collection":[{"href":"https:\/\/webciudadana.net\/index.php?rest_route=\/wp\/v2\/posts"}],"about":[{"href":"https:\/\/webciudadana.net\/index.php?rest_route=\/wp\/v2\/types\/post"}],"author":[{"embeddable":true,"href":"https:\/\/webciudadana.net\/index.php?rest_route=\/wp\/v2\/users\/1"}],"replies":[{"embeddable":true,"href":"https:\/\/webciudadana.net\/index.php?rest_route=%2Fwp%2Fv2%2Fcomments&post=63279"}],"version-history":[{"count":0,"href":"https:\/\/webciudadana.net\/index.php?rest_route=\/wp\/v2\/posts\/63279\/revisions"}],"wp:attachment":[{"href":"https:\/\/webciudadana.net\/index.php?rest_route=%2Fwp%2Fv2%2Fmedia&parent=63279"}],"wp:term":[{"taxonomy":"category","embeddable":true,"href":"https:\/\/webciudadana.net\/index.php?rest_route=%2Fwp%2Fv2%2Fcategories&post=63279"},{"taxonomy":"post_tag","embeddable":true,"href":"https:\/\/webciudadana.net\/index.php?rest_route=%2Fwp%2Fv2%2Ftags&post=63279"}],"curies":[{"name":"wp","href":"https:\/\/api.w.org\/{rel}","templated":true}]}}