{"id":63282,"date":"2025-09-04T13:41:08","date_gmt":"2025-09-04T11:41:08","guid":{"rendered":"https:\/\/ticker-noticiasep.microcontenidos.com\/NoticiaRSS.vbhtml?user=FRND562DLP&amp;cod=20250904134108"},"modified":"2025-09-04T13:41:08","modified_gmt":"2025-09-04T11:41:08","slug":"el-faro-y-alimentos-de-extremadura-impulsan-los-productos-locales","status":"publish","type":"post","link":"https:\/\/webciudadana.net\/?p=63282","title":{"rendered":"El Faro y Alimentos de Extremadura impulsan los productos locales"},"content":{"rendered":"\n<div><img decoding=\"async\" src=\"https:\/\/img.europapress.es\/fotoweb\/fotonoticia_20250904134108_300.jpg\" class=\"ff-og-image-inserted\"><\/div>\n<p>(Informaci\u00f3n remitida por la empresa firmante)<\/p>\n<p>\nEl espacio promocional estar\u00e1 ubicado en la galer\u00eda comercial del centro y contar\u00e1 con la presencia de cerca de una veintena de empresas extreme\u00f1as y estar\u00e1 disponible desde este viernes 5 de septiembre y hasta el pr\u00f3ximo 15 de noviembre<\/p>\n<p>\n\u201cNos sentimos muy orgullosos de poner a disposici\u00f3n de los productores locales un espacio que sirve de escaparate para la promoci\u00f3n de nuestra tierra en todas sus dimensiones\u201d, se\u00f1alan desde la gerencia de El Faro<\/p>\n<p>\nBADAJOZ, 4 (EUROPA PRESS)<\/p>\n<p>\nEl centro comercial El Faro, en colaboraci\u00f3n con Extremadura Avante y Alimentos de Extremadura, lanza una iniciativa para promover los productos agroalimentarios de la regi\u00f3n. Este espacio promocional, ubicado en la galer\u00eda comercial del centro, contar\u00e1 con la presencia de cerca de 20 empresas extreme\u00f1as y estar\u00e1 disponible desde este viernes 5 de septiembre hasta el pr\u00f3ximo 15 de noviembre.<\/p>\n<p>\nDurante los fines de semana, en el horario comercial habitual, los visitantes podr\u00e1n disfrutar de degustaciones, venta directa y acciones promocionales de productos locales. Este punto de encuentro del comercio extreme\u00f1o ofrecer\u00e1 una variedad de productos como vinos, aceites, quesos, embutidos, pat\u00e9s, mostazas artesanales, higos y otros alimentos de la comunidad.<\/p>\n<p>\nDesde la gerencia de El Faro han valorado esta colaboraci\u00f3n como una iniciativa especialmente significativa para el centro. \u201cNos sentimos muy orgullosos de poner a disposici\u00f3n de los productores locales un espacio que sirve de escaparate para la promoci\u00f3n de nuestra tierra en todas sus dimensiones. Hemos querido dar especial protagonismo a nuestros alimentos, que representan una parte fundamental de nuestra cultura, nuestra identidad y nuestra forma de vivir\u201d.<\/p>\n<p>\nLas empresas que participar\u00e1n en este evento incluyen Orencio Hoyo, Aceites Alguijuela, Piment\u00f3n Tapiex, Olivareros, Coolsar, Cooperativa San Mauro, Indalitos, Pago los Balancines, La Unidad, Dame un Muerdo, Covica, Quesos Reborto, Los Curado, Bodegas El Maestrino, Embutidos Farcedo, Bodegas Romale, Higourmet, Embutidos Morato y Casas de Hitos Extremadura 1.<\/p>\n<p>\nSeg\u00fan han explicado desde Extremadura Avante y Alimentos de Extremadura, \u201cesta colaboraci\u00f3n es una oportunidad \u00fanica para destacar la calidad y diversidad de los productos de la regi\u00f3n, fortaleciendo as\u00ed el comercio local y la econom\u00eda de Extremadura\u201d.<\/p>\n<p>\nSobre El Faro <\/p>\n<p>\nInaugurado en 2012, El Faro es el principal centro comercial de referencia en Extremadura. Propiedad de Castellana Properties y gestionado por Cushman &amp; Wakefield, en sus m\u00e1s de 66.000 m* de superficie comercial el centro re\u00fane una amplia y variada oferta de moda, restauraci\u00f3n, ocio y servicios, con m\u00e1s de 100 establecimientos, incluyendo marcas nacionales e internacionales de primer nivel.<\/p>\n<p>\nEn total, el centro comercial genera un total de m\u00e1s de 1.200 puestos de trabajo, y acoge m\u00e1s de 8M de visitas al a\u00f1o. Ubicado junto a la A-5 y a pocos minutos del centro de Badajoz, El Faro es un espacio din\u00e1mico, moderno y accesible, que apuesta por la innovaci\u00f3n, la sostenibilidad y la experiencia del visitante. Adem\u00e1s, acoge numerosas actividades culturales, sociales y de entretenimiento a lo largo del a\u00f1o, reforzando su papel como punto de encuentro para familias, j\u00f3venes y visitantes de ambos lados de la frontera.<\/p>\n<p>\nCONTACTO DE PRENSA:<\/p>\n<p>\nLeopoldo Eduardo Alonso Llofriu<\/p>\n<p>\n95 492 49 00<\/p>\n<p>\nleopoldoalonso@europapress.es<\/p>\n<p>\nSandra Delgado<\/p>\n<p>\n91 359 26 00<\/p>\n<p>\nsandradelgado@europapress.es<\/p>\n","protected":false},"excerpt":{"rendered":"<p>(Informaci\u00f3n remitida por la empresa firmante) El espacio promocional estar\u00e1 ubicado en la galer\u00eda comercial del centro y contar\u00e1 con la presencia de cerca de una veintena de empresas extreme\u00f1as y estar\u00e1 disponible desde este viernes 5 de septiembre y hasta el pr\u00f3ximo 15 de noviembre \u201cNos sentimos muy orgullosos de poner a disposici\u00f3n de [&hellip;]<\/p>\n","protected":false},"author":1,"featured_media":0,"comment_status":"closed","ping_status":"closed","sticky":false,"template":"","format":"standard","meta":{"footnotes":""},"categories":[2],"tags":[],"class_list":["post-63282","post","type-post","status-publish","format-standard","hentry","category-noticias"],"_links":{"self":[{"href":"https:\/\/webciudadana.net\/index.php?rest_route=\/wp\/v2\/posts\/63282","targetHints":{"allow":["GET"]}}],"collection":[{"href":"https:\/\/webciudadana.net\/index.php?rest_route=\/wp\/v2\/posts"}],"about":[{"href":"https:\/\/webciudadana.net\/index.php?rest_route=\/wp\/v2\/types\/post"}],"author":[{"embeddable":true,"href":"https:\/\/webciudadana.net\/index.php?rest_route=\/wp\/v2\/users\/1"}],"replies":[{"embeddable":true,"href":"https:\/\/webciudadana.net\/index.php?rest_route=%2Fwp%2Fv2%2Fcomments&post=63282"}],"version-history":[{"count":0,"href":"https:\/\/webciudadana.net\/index.php?rest_route=\/wp\/v2\/posts\/63282\/revisions"}],"wp:attachment":[{"href":"https:\/\/webciudadana.net\/index.php?rest_route=%2Fwp%2Fv2%2Fmedia&parent=63282"}],"wp:term":[{"taxonomy":"category","embeddable":true,"href":"https:\/\/webciudadana.net\/index.php?rest_route=%2Fwp%2Fv2%2Fcategories&post=63282"},{"taxonomy":"post_tag","embeddable":true,"href":"https:\/\/webciudadana.net\/index.php?rest_route=%2Fwp%2Fv2%2Ftags&post=63282"}],"curies":[{"name":"wp","href":"https:\/\/api.w.org\/{rel}","templated":true}]}}