{"id":63287,"date":"2025-09-04T17:01:31","date_gmt":"2025-09-04T15:01:31","guid":{"rendered":"https:\/\/ticker-noticiasep.microcontenidos.com\/NoticiaRSS.vbhtml?user=FRND562DLP&amp;cod=20250904170131"},"modified":"2025-09-04T17:01:31","modified_gmt":"2025-09-04T15:01:31","slug":"mundo-urevo-anuncio-su-ecosistema-de-bienestar-3x8-en-ifa-2025","status":"publish","type":"post","link":"https:\/\/webciudadana.net\/?p=63287","title":{"rendered":"Mundo: UREVO anunci\u00f3 su \u00abEcosistema de Bienestar 3&#215;8\u00bb en IFA 2025"},"content":{"rendered":"\n<div><img decoding=\"async\" src=\"https:\/\/img.europapress.es\/fotoweb\/fotonoticia_20250904170131_300.jpg\" class=\"ff-og-image-inserted\"><\/div>\n<p>(Informaci\u00f3n remitida por la empresa firmante)<\/p>\n<p>\n&#8211;UREVO anunci\u00f3 su \u00abEcosistema de Bienestar 3&#215;8\u00bb con soluciones inteligentes de fitness y bienestar de \u00faltima generaci\u00f3n en IFA 2025<\/p>\n<p>\nBERLIN, 4 de septiembre de 2025 \/PRNewswire\/ &#8212; UREVO, l\u00edder mundial en equipos inteligentes para el bienestar personal, debuta en IFA con una cartera exclusiva inspirada en su pionero Ecosistema de Bienestar 3&#215;8 Horas. Este concepto refleja la misi\u00f3n de UREVO de apoyar a los usuarios durante toda su jornada \u2014incluyendo el trabajo, la vida personal y el sue\u00f1o\u2014 mediante la integraci\u00f3n perfecta de inteligencia, tecnolog\u00eda de fitness y dise\u00f1os que optimizan el espacio en una soluci\u00f3n integral.<\/p>\n<p> La fase de 8 Horas de Trabajo se centra en mantener la actividad mientras se trabaja. UREVO aborda este problema con la Serie CyberPad, cintas de correr compactas para debajo del escritorio, dise\u00f1adas para integrar el movimiento en la jornada laboral sin comprometer la productividad.<\/p>\n<p> La fase de 8 Horas de Vida se centra en el ejercicio y la recuperaci\u00f3n. La gama de tecnolog\u00eda de bienestar incluye productos como FoldiMix 5L Pro, una cinta de correr plegable para el hogar que ocupa poco espacio; y las Botas de Recuperaci\u00f3n Inal\u00e1mbricas con Inteligencia Artificial, que ofrecen programas de recuperaci\u00f3n controlados por app y funciones de calentamiento para una relajaci\u00f3n personalizada despu\u00e9s de la actividad. El producto ya est\u00e1 disponible para reservar en Indiegogo.<\/p>\n<p> Dentro de la fase de 8 Horas de Sue\u00f1o, el ecosistema introduce innovaciones conceptuales centradas en un descanso m\u00e1s inteligente. Estos desarrollos est\u00e1n dise\u00f1ados para mejorar la calidad del sue\u00f1o mediante la monitorizaci\u00f3n inteligente y la tecnolog\u00eda de confort adaptativo, ampliando el bienestar al ciclo de recuperaci\u00f3n nocturno.<\/p>\n<p> Conectando a la perfecci\u00f3n todos los aspectos del ecosistema, la app UREVO SmartCoach funciona como un Centro de Salud Integral. La app permite a los usuarios monitorizar datos de salud, realizar un seguimiento de los entrenamientos y personalizar planes de recuperaci\u00f3n en una \u00fanica plataforma. Compatible con toda la l\u00ednea de productos, combina programas de entrenamiento multimodo con coaching basado en IA para ayudar a los usuarios a monitorizar el rendimiento, personalizar la recuperaci\u00f3n y mantenerse motivados, haciendo que la gesti\u00f3n del fitness y el bienestar sea m\u00e1s inteligente e integrada que nunca.<\/p>\n<p> Desde el gran avance de la serie SpaceWalk, la colecci\u00f3n de cintas de correr ligeras de UREVO, la marca ha liderado el mercado de soluciones de fitness inteligentes y que optimizan el espacio. Actualmente, la marca atiende a m\u00e1s de un mill\u00f3n de usuarios en todo el mundo a trav\u00e9s de m\u00e1s de 30 distribuidores, y la comunidad de la aplicaci\u00f3n UREVO SmartCoach crece un 30 % mes a mes.<\/p>\n<p> \u00danase a nosotros para descubrir las \u00faltimas innovaciones de UREVO en el pabell\u00f3n 17, stand n\u00b0 115 de Messe Berlin, del 5 al 9 de septiembre de 2025.<\/p>\n<p> Para obtener m\u00e1s informaci\u00f3n sobre UREVO, visite http:\/\/urevo.com\/.<\/p>\n<p> Acerca de UREVO<\/p>\n<p>\nEn UREVO, creemos que cada paso, cada calor\u00eda quemada y cada meta alcanzada es un testimonio de la fuerza y la resiliencia de cada persona.<\/p>\n<p> Nuestra misi\u00f3n es brindar salud, felicidad y belleza a todos, haciendo la vida m\u00e1s vibrante y gratificante.<\/p>\n<p> UREVO es m\u00e1s que una marca: es tu aliado de confianza en fitness personal y pionero en promover una forma de vida m\u00e1s saludable y bella.<\/p>\n<p> Foto &#8211; https:\/\/mma.prnewswire.com\/media\/2760765\/press_release_image.jpg<\/p>\n<p> View original content:https:\/\/www.prnewswire.com\/news-releases\/urevo-anuncio-su-ecosistema-de-bienestar-3&#215;8-en-ifa-2025-302543098.html<\/p>\n","protected":false},"excerpt":{"rendered":"<p>(Informaci\u00f3n remitida por la empresa firmante) &#8211;UREVO anunci\u00f3 su \u00abEcosistema de Bienestar 3&#215;8\u00bb con soluciones inteligentes de fitness y bienestar de \u00faltima generaci\u00f3n en IFA 2025 BERLIN, 4 de septiembre de 2025 \/PRNewswire\/ &#8212; UREVO, l\u00edder mundial en equipos inteligentes para el bienestar personal, debuta en IFA con una cartera exclusiva inspirada en su pionero [&hellip;]<\/p>\n","protected":false},"author":1,"featured_media":0,"comment_status":"closed","ping_status":"closed","sticky":false,"template":"","format":"standard","meta":{"footnotes":""},"categories":[2],"tags":[],"class_list":["post-63287","post","type-post","status-publish","format-standard","hentry","category-noticias"],"_links":{"self":[{"href":"https:\/\/webciudadana.net\/index.php?rest_route=\/wp\/v2\/posts\/63287","targetHints":{"allow":["GET"]}}],"collection":[{"href":"https:\/\/webciudadana.net\/index.php?rest_route=\/wp\/v2\/posts"}],"about":[{"href":"https:\/\/webciudadana.net\/index.php?rest_route=\/wp\/v2\/types\/post"}],"author":[{"embeddable":true,"href":"https:\/\/webciudadana.net\/index.php?rest_route=\/wp\/v2\/users\/1"}],"replies":[{"embeddable":true,"href":"https:\/\/webciudadana.net\/index.php?rest_route=%2Fwp%2Fv2%2Fcomments&post=63287"}],"version-history":[{"count":0,"href":"https:\/\/webciudadana.net\/index.php?rest_route=\/wp\/v2\/posts\/63287\/revisions"}],"wp:attachment":[{"href":"https:\/\/webciudadana.net\/index.php?rest_route=%2Fwp%2Fv2%2Fmedia&parent=63287"}],"wp:term":[{"taxonomy":"category","embeddable":true,"href":"https:\/\/webciudadana.net\/index.php?rest_route=%2Fwp%2Fv2%2Fcategories&post=63287"},{"taxonomy":"post_tag","embeddable":true,"href":"https:\/\/webciudadana.net\/index.php?rest_route=%2Fwp%2Fv2%2Ftags&post=63287"}],"curies":[{"name":"wp","href":"https:\/\/api.w.org\/{rel}","templated":true}]}}