{"id":63303,"date":"2025-09-05T09:01:51","date_gmt":"2025-09-05T07:01:51","guid":{"rendered":"https:\/\/ticker-noticiasep.microcontenidos.com\/NoticiaRSS.vbhtml?user=FRND562DLP&amp;cod=20250905090151"},"modified":"2025-09-05T09:01:51","modified_gmt":"2025-09-05T07:01:51","slug":"mundo-rayneo-y-bang-olufsen-forjan-una-alianza-estrategica-global-de-licencias","status":"publish","type":"post","link":"https:\/\/webciudadana.net\/?p=63303","title":{"rendered":"Mundo: RayNeo y Bang &amp; Olufsen forjan una alianza estrat\u00e9gica global de licencias"},"content":{"rendered":"\n<div><img decoding=\"async\" src=\"https:\/\/img.europapress.es\/fotoweb\/fotonoticia_20250905090151_300.jpg\" class=\"ff-og-image-inserted\"><\/div>\n<p>(Informaci\u00f3n remitida por la empresa firmante)<\/p>\n<p>\nRayNeo, l\u00edder mundial en gafas de realidad aumentada, anunci\u00f3 hoy una alianza estrat\u00e9gica global de licencias con Bang &amp; Olufsen para incorporar &#8216;Audio by Bang &amp; Olufsen&#8217; a las pr\u00f3ximas gafas de realidad aumentada de RayNeo.<\/p>\n<p> BERLIN, 5 de septiembre de 2025 \/PRNewswire\/ &#8212; RayNeo, l\u00edder mundial en gafas de realidad aumentada, anunci\u00f3 hoy una asociaci\u00f3n de licencia estrat\u00e9gica global a largo plazo con Bang &amp; Olufsen.<\/p>\n<p> Expandiendo los sentidos de la realidad aumentada<\/p>\n<p>\nA medida que la tecnolog\u00eda de RA avanza, los usuarios esperan cada vez m\u00e1s una experiencia rica y multisensorial. Al combinar las innovadoras capacidades de RA de RayNeo con Audio by Bang &amp; Olufsen, esta colaboraci\u00f3n mejora la funcionalidad y el atractivo de las gafas de RA, transformando el audio en una parte integral de c\u00f3mo los usuarios experimentan el contenido, interact\u00faan con su entorno y se mantienen conectados.<\/p>\n<p> Audio by Bang &amp; Olufsen<\/p>\n<p>\nAudio by Bang &amp; Olufsen, ofrece una experiencia de audio superior a los usuarios de RayNeo, meticulosamente optimizada por los mismos ingenieros que dise\u00f1an, optimizan y perfeccionan los ic\u00f3nicos altavoces de Bang &amp; Olufsen.<\/p>\n<p> \u00abNos complace anunciar nuestra colaboraci\u00f3n con RayNeo y esperamos con inter\u00e9s el lanzamiento de sus pr\u00f3ximos productos con nuestras tecnolog\u00edas ac\u00fasticas, que ofrecer\u00e1n una experiencia de sonido superior a los clientes de RayNeo\u00bb, declar\u00f3 Duncan McCue, vicepresidente de Desarrollo de Negocio y Alianzas Estrat\u00e9gicas de Bang &amp; Olufsen.<\/p>\n<p> \u00abUna tecnolog\u00eda excepcional debe ofrecer un valor tangible al usuario\u00bb, afirm\u00f3 Howie Li, consejero delegado de RayNeo. \u00abAl aprovechar las capacidades l\u00edderes de Bang &amp; Olufsen en ingenier\u00eda ac\u00fastica, redefiniremos los l\u00edmites del entretenimiento port\u00e1til y brindaremos a los usuarios una experiencia sensorial hol\u00edstica inigualable\u00bb.<\/p>\n<p> La integraci\u00f3n de Audio by Bang &amp; Olufsen en las gafas de RA de RayNeo marca el inicio de una asociaci\u00f3n a largo plazo, que re\u00fane la experiencia en innovaci\u00f3n en RA e ingenier\u00eda y tecnolog\u00edas ac\u00fasticas.<\/p>\n<p> Acerca de RayNeo<\/p>\n<p>\nRayNeo es una marca l\u00edder en el sector de la realidad aumentada (RA), dedicada a redefinir la realidad aumentada mediante tecnolog\u00eda revolucionaria e innovaci\u00f3n en dispositivos port\u00e1tiles. RayNeo desarrolla gafas de RA que se integran a la perfecci\u00f3n en la vida cotidiana, ofreciendo experiencias inmersivas e intuitivas. Al combinar un dise\u00f1o vanguardista con tecnolog\u00edas avanzadas, RayNeo permite a los usuarios explorar e interactuar con el mundo digital como nunca antes. Comprometida con dar forma al futuro de la RA, RayNeo impulsa la innovaci\u00f3n mediante la colaboraci\u00f3n y un enfoque centrado en el usuario. Para m\u00e1s informaci\u00f3n sobre RayNeo y su innovadora tecnolog\u00eda de RA, visite www.rayneo.com.<\/p>\n<p>\nAcerca de Bang &amp; Olufsen<\/p>\n<p>\nBang &amp; Olufsen es una marca de audio de lujo fundada en 1925 en Struer, Dinamarca, por Peter Bang y Svend Olufsen, cuya dedicaci\u00f3n y visi\u00f3n siguen siendo la base de la compa\u00f1\u00eda. Durante casi un siglo, Bang &amp; Olufsen ha superado los l\u00edmites de la tecnolog\u00eda de audio y se mantiene a la vanguardia de la innovaci\u00f3n ac\u00fastica.<\/p>\n<p> Hoy en d\u00eda, cada producto Bang &amp; Olufsen se caracteriza por la combinaci\u00f3n \u00fanica de un sonido excepcional, un dise\u00f1o atemporal y una artesan\u00eda inigualable. Los productos innovadores y vanguardistas de la compa\u00f1\u00eda se venden en todo el mundo en las tiendas Bang &amp; Olufsen, en bang-olufsen.com y en tiendas seleccionadas.<\/p>\n<p> Contacto de prensa: lixj@rayneo.com<\/p>\n<p>\nFoto &#8212; https:\/\/mma.prnewswire.com\/media\/2764177\/RayNeo_Bang___Olufsen_Forge_Global_Strategic_Licensing_Partnership.jpg<\/p>\n<p>\nLogo &#8212; https:\/\/mma.prnewswire.com\/media\/2272584\/RayNeo_Logo.jpg<\/p>\n<p> View original content:https:\/\/www.prnewswire.com\/news-releases\/rayneo-y-bang&#8211;olufsen-forjan-una-alianza-estrategica-global-de-licencias-302547200.html<\/p>\n","protected":false},"excerpt":{"rendered":"<p>(Informaci\u00f3n remitida por la empresa firmante) RayNeo, l\u00edder mundial en gafas de realidad aumentada, anunci\u00f3 hoy una alianza estrat\u00e9gica global de licencias con Bang &amp; Olufsen para incorporar &#8216;Audio by Bang &amp; Olufsen&#8217; a las pr\u00f3ximas gafas de realidad aumentada de RayNeo. BERLIN, 5 de septiembre de 2025 \/PRNewswire\/ &#8212; RayNeo, l\u00edder mundial en gafas [&hellip;]<\/p>\n","protected":false},"author":1,"featured_media":0,"comment_status":"closed","ping_status":"closed","sticky":false,"template":"","format":"standard","meta":{"footnotes":""},"categories":[2],"tags":[],"class_list":["post-63303","post","type-post","status-publish","format-standard","hentry","category-noticias"],"_links":{"self":[{"href":"https:\/\/webciudadana.net\/index.php?rest_route=\/wp\/v2\/posts\/63303","targetHints":{"allow":["GET"]}}],"collection":[{"href":"https:\/\/webciudadana.net\/index.php?rest_route=\/wp\/v2\/posts"}],"about":[{"href":"https:\/\/webciudadana.net\/index.php?rest_route=\/wp\/v2\/types\/post"}],"author":[{"embeddable":true,"href":"https:\/\/webciudadana.net\/index.php?rest_route=\/wp\/v2\/users\/1"}],"replies":[{"embeddable":true,"href":"https:\/\/webciudadana.net\/index.php?rest_route=%2Fwp%2Fv2%2Fcomments&post=63303"}],"version-history":[{"count":0,"href":"https:\/\/webciudadana.net\/index.php?rest_route=\/wp\/v2\/posts\/63303\/revisions"}],"wp:attachment":[{"href":"https:\/\/webciudadana.net\/index.php?rest_route=%2Fwp%2Fv2%2Fmedia&parent=63303"}],"wp:term":[{"taxonomy":"category","embeddable":true,"href":"https:\/\/webciudadana.net\/index.php?rest_route=%2Fwp%2Fv2%2Fcategories&post=63303"},{"taxonomy":"post_tag","embeddable":true,"href":"https:\/\/webciudadana.net\/index.php?rest_route=%2Fwp%2Fv2%2Ftags&post=63303"}],"curies":[{"name":"wp","href":"https:\/\/api.w.org\/{rel}","templated":true}]}}