{"id":63306,"date":"2025-09-05T09:01:30","date_gmt":"2025-09-05T07:01:30","guid":{"rendered":"https:\/\/ticker-noticiasep.microcontenidos.com\/NoticiaRSS.vbhtml?user=FRND562DLP&amp;cod=20250905090130"},"modified":"2025-09-05T09:01:30","modified_gmt":"2025-09-05T07:01:30","slug":"mundo-lexar-en-ifa-2025-talleres-para-creadores-y-productos-destacados","status":"publish","type":"post","link":"https:\/\/webciudadana.net\/?p=63306","title":{"rendered":"Mundo: Lexar en IFA 2025: Talleres para Creadores y Productos Destacados"},"content":{"rendered":"\n<div><img decoding=\"async\" src=\"https:\/\/img.europapress.es\/fotoweb\/fotonoticia_20250905090130_300.jpg\" class=\"ff-og-image-inserted\"><\/div>\n<p>(Informaci\u00f3n remitida por la empresa firmante)<\/p>\n<p>\nBERL\u00cdN, 5 de septiembre de 2025 \/PRNewswire\/ &#8212; Lexar, un l\u00edder global en soluciones de memoria flash, exhibir\u00e1 sus ofertas del 5 al 9 de septiembre de 2025 en IFA en el Hall 20, Stand 101. El programa est\u00e1 dise\u00f1ado para creadores de contenido y presenta un resumen de soluciones de productos seleccionados. Bajo el lema de IFA \u00abRespalda el futuro\u00bb, Lexar enfatiza no solo las ventajas t\u00e9cnicas de sus productos, sino que tambi\u00e9n lleva la creatividad al frente a trav\u00e9s de talleres pr\u00e1cticos y sesiones en vivo.<\/p>\n<p> Puntos Destacados del Programa para Creadores<\/p>\n<p>\n6 de septiembre, 1:30 PM \u2013 3:00 PM<\/p>\n<p>\nEl fot\u00f3grafo de moda Felix Rachor demostrar\u00e1 flujos de trabajo eficientes de \u00abdisparar mientras se previsualiza\u00bb en una configuraci\u00f3n de rodaje en vivo.<\/p>\n<p>\n7 de septiembre, 2:00 PM \u2013 3:00 PM<\/p>\n<p>\nLa fot\u00f3grafa de exteriores Emily Endean compartir\u00e1 su camino para convertirse en creadora a tiempo completo y discutir\u00e1 la construcci\u00f3n de comunidad entre fot\u00f3grafas.<\/p>\n<p>\n7 de septiembre, 4:45 PM \u2013 5:30 PM<\/p>\n<p>\nEl cineasta y piloto de dron Matthias Dangl explicar\u00e1 el uso pr\u00e1ctico de soluciones de almacenamiento en su flujo de trabajo en el escenario de creadores en el IFA Creator Hub en Palaisden.<\/p>\n<p> M\u00e1s informaci\u00f3n sobre las sesiones se puede encontrar en el programa oficial de IFA en ifa-berlin.com.<\/p>\n<p> Productos Destacados en el Stand<\/p>\n<p>\nUn enfoque especial estar\u00e1 en el Lexar TouchLock Portable SSD, que se presentar\u00e1 a una amplia audiencia por primera vez en IFA. Esta unidad se puede desbloquear utilizando un tel\u00e9fono inteligente habilitado con NFC y cuenta con cifrado de hardware para proteger datos sensibles. Con velocidades de lectura de hasta 430 MB\/s y velocidades de escritura de hasta 400 MB\/s, junto con caracter\u00edsticas como resistencia a golpes de hasta dos metros y compatibilidad con MagSafe, este SSD est\u00e1 destinado a usuarios que priorizan la seguridad y el uso m\u00f3vil.<\/p>\n<p> Adem\u00e1s, Lexar mostrar\u00e1 el microSD Express PLAY PRO con capacidad de 1 TB, el SSD NM1090 PRO y el Professional Go Portable SSD con hub, que admite filmaci\u00f3n m\u00f3vil con conectividad adicional USB-C.<\/p>\n<p> Otro punto destacado es la aplicaci\u00f3n de Lexar (descarga), cuya funci\u00f3n principal es la copia de seguridad autom\u00e1tica de fotos (incluidas las Live Photos) y videos. Es compatible con todos los SSD port\u00e1tiles de Lexar y funciona tanto con dispositivos iOS como Android.<\/p>\n<p> Actividades Interactivas para Visitantes<\/p>\n<p>\nEn el stand de Lexar se llevar\u00e1n a cabo diversas actividades interactivas, entre ellas un desaf\u00edo de memoria, una campa\u00f1a de tarjetas rasca y gana con premios instant\u00e1neos y una rifa de tres d\u00edas con premios como una Nintendo Switch 2, una PlayStation 5 y un DJI Pocket 3.<\/p>\n<p> Nos Vemos en IFA<\/p>\n<p>\nLexar invita a los visitantes a unirse a ellos en el Hall 20-101 del 5 al 9 de septiembre de 2025 para participar en las sesiones para creadores y explorar las soluciones de almacenamiento destacadas.<\/p>\n<p> Acerca de Lexar:<\/p>\n<p>\nDurante m\u00e1s de 29 a\u00f1os, Lexar ha sido una marca en la que confiar, l\u00edder global en soluciones de memoria. Nuestra galardonada gama de productos, incluye tarjetas de memoria, unidades Flash USB, lectores de tarjetas, unidades de estado s\u00f3lido y DRAM. Con tantas opciones, es f\u00e1cil encontrar la soluci\u00f3n Lexar adecuada para sus necesidades. Para m\u00e1s informaci\u00f3n, visite lexar.com y s\u00edganos en Instagram, Facebook, X y LinkedIn.<\/p>\n<p> Contacto de Medios:lexarbm@lexar.com<\/p>\n<p>\nFoto &#8212; https:\/\/mma.prnewswire.com\/media\/2762132\/2025IFA_KV.jpg<\/p>\n<p>\nLogotipo &#8211; https:\/\/mma.prnewswire.com\/media\/2498763\/Lexar_Logo.jpg<\/p>\n<p> View original content:https:\/\/www.prnewswire.com\/news-releases\/lexar-en-ifa-2025-talleres-para-creadores-y-productos-destacados-302543692.html<\/p>\n","protected":false},"excerpt":{"rendered":"<p>(Informaci\u00f3n remitida por la empresa firmante) BERL\u00cdN, 5 de septiembre de 2025 \/PRNewswire\/ &#8212; Lexar, un l\u00edder global en soluciones de memoria flash, exhibir\u00e1 sus ofertas del 5 al 9 de septiembre de 2025 en IFA en el Hall 20, Stand 101. El programa est\u00e1 dise\u00f1ado para creadores de contenido y presenta un resumen de [&hellip;]<\/p>\n","protected":false},"author":1,"featured_media":0,"comment_status":"closed","ping_status":"closed","sticky":false,"template":"","format":"standard","meta":{"footnotes":""},"categories":[2],"tags":[],"class_list":["post-63306","post","type-post","status-publish","format-standard","hentry","category-noticias"],"_links":{"self":[{"href":"https:\/\/webciudadana.net\/index.php?rest_route=\/wp\/v2\/posts\/63306","targetHints":{"allow":["GET"]}}],"collection":[{"href":"https:\/\/webciudadana.net\/index.php?rest_route=\/wp\/v2\/posts"}],"about":[{"href":"https:\/\/webciudadana.net\/index.php?rest_route=\/wp\/v2\/types\/post"}],"author":[{"embeddable":true,"href":"https:\/\/webciudadana.net\/index.php?rest_route=\/wp\/v2\/users\/1"}],"replies":[{"embeddable":true,"href":"https:\/\/webciudadana.net\/index.php?rest_route=%2Fwp%2Fv2%2Fcomments&post=63306"}],"version-history":[{"count":0,"href":"https:\/\/webciudadana.net\/index.php?rest_route=\/wp\/v2\/posts\/63306\/revisions"}],"wp:attachment":[{"href":"https:\/\/webciudadana.net\/index.php?rest_route=%2Fwp%2Fv2%2Fmedia&parent=63306"}],"wp:term":[{"taxonomy":"category","embeddable":true,"href":"https:\/\/webciudadana.net\/index.php?rest_route=%2Fwp%2Fv2%2Fcategories&post=63306"},{"taxonomy":"post_tag","embeddable":true,"href":"https:\/\/webciudadana.net\/index.php?rest_route=%2Fwp%2Fv2%2Ftags&post=63306"}],"curies":[{"name":"wp","href":"https:\/\/api.w.org\/{rel}","templated":true}]}}