{"id":63307,"date":"2025-09-05T11:01:52","date_gmt":"2025-09-05T09:01:52","guid":{"rendered":"https:\/\/ticker-noticiasep.microcontenidos.com\/NoticiaRSS.vbhtml?user=FRND562DLP&amp;cod=20250905110152"},"modified":"2025-09-05T11:01:52","modified_gmt":"2025-09-05T09:01:52","slug":"salud-experta-de-uic-barcelona-pide-potenciar-al-fisioterapeuta-en-atencion-primaria-para-mejorar-la-eficiencia","status":"publish","type":"post","link":"https:\/\/webciudadana.net\/?p=63307","title":{"rendered":"Salud: Experta de UIC Barcelona pide potenciar al fisioterapeuta en atenci\u00f3n primaria para mejorar la eficiencia"},"content":{"rendered":"\n<p>(Informaci\u00f3n remitida por la empresa firmante)<\/p>\n<p>\nD\u00cdA MUNDIAL DE LA FISIOTERAPIA &#8211; 8 DE SEPTIEMBRE.<\/p>\n<p>\nLa investigadora y profesora del Grado en Fisioterapia Carolina Climent critica que, \u00aba pesar del coste econ\u00f3mico y social del dolor cr\u00f3nico, se sigan priorizando f\u00e1rmacos y procedimientos invasivos, a menudo inefectivos para el dolor cr\u00f3nico\u00bb.<\/p>\n<p>\nCliment lamenta que s\u00f3lo el 17% de las unidades de dolor en Espa\u00f1a son \u00abverdaderamente multidisciplinares\u00bb.<\/p>\n<p>\nApuesta por un abordaje biopsicosocial para tratar el dolor cr\u00f3nico con el objetivo de \u00abcomprender a la persona en su totalidad\u00bb.<\/p>\n<p> Barcelona, 5 de septiembre de 2025.- La investigadora y profesora del Grado en Fisioterapia de UIC Barcelona Carolina Climent ha reclamado a la sanidad p\u00fablica que refuerce el rol del fisioterapeuta en atenci\u00f3n primaria con el objetivo de mejorar los resultados y reducir costes.<\/p>\n<p> Con motivo del D\u00eda Mundial de la Fisioterapia, que se celebra el 8 de septiembre, Climent ha criticado que, \u00aba pesar del coste econ\u00f3mico y social que supone el dolor cr\u00f3nico, se sigan priorizando f\u00e1rmacos y procedimientos invasivos, a menudo inefectivos para el dolor persistente\u00bb. En este sentido, ha recordado que en Espa\u00f1a m\u00e1s de ocho millones de personas viven con dolor cr\u00f3nico y un 65% de ellas lo padecen de forma incapacitante, con un coste para la sanidad p\u00fablica de m\u00e1s de 16.000 millones de euros anuales.<\/p>\n<p> Ante estas cifras, la especialista en dolor cr\u00f3nico y fibromialgia ha insistido en que deber\u00eda ser \u00abprioritario\u00bb invertir en fisioterapia porque \u00abno s\u00f3lo mejora los resultados, sino que tambi\u00e9n reduce los costes a largo plazo, disminuye el consumo de f\u00e1rmacos y las visitas m\u00e9dicas repetidas\u00bb.<\/p>\n<p> Climent destaca tambi\u00e9n que, en algunos casos, el dolor cr\u00f3nico \u00abno es simplemente un s\u00edntoma f\u00edsico\u00bb sino \u00abuna enfermedad compleja en s\u00ed misma con m\u00faltiples determinantes: biol\u00f3gicos, psicol\u00f3gicos y sociales\u00bb, como indica la nueva clasificaci\u00f3n del dolor por parte de la Asociaci\u00f3n Internacional para el Estudio del Dolor. Por este motivo, ha apostado por ofrecer a los pacientes un abordaje biopsicosocial y centrado en la persona que \u00abpermita comprender al paciente en su totalidad, teniendo en cuenta su historia, contexto, emociones, creencias y patrones de movimiento\u00bb.<\/p>\n<p>\nNeurociencia del dolor en fisioterapia.<\/p>\n<p> La profesora de UIC Barcelona ha afirmado que la fisioterapia ha sido pionera en integrar la neurociencia del dolor en su pr\u00e1ctica cl\u00ednica. \u00abHoy sabemos que el dolor no siempre indica da\u00f1os en los tejidos, sino que puede mantenerse por procesos neurofisiol\u00f3gicos complejos, incluyendo sensibilizaci\u00f3n central, aprendizaje previo, emociones y contexto social\u00bb, ha a\u00f1adido.<\/p>\n<p> Adem\u00e1s, seg\u00fan la especialista, la fisioterapia deber\u00eda ser la v\u00eda para la educaci\u00f3n en dolor de los pacientes. En esta l\u00ednea, ha comentado que, \u00ablejos de ser una simple explicaci\u00f3n, se trata de un proceso pedag\u00f3gico cl\u00ednico donde se ayuda a las personas a comprender c\u00f3mo funciona el dolor, por qu\u00e9 persiste y c\u00f3mo pueden influir en \u00e9l, lo que tiene un impacto directo en la reducci\u00f3n del miedo, la catastrofizaci\u00f3n y la dependencia sanitaria\u00bb. \u00abLa educaci\u00f3n en dolor es tan relevante como el ejercicio y debe estar integrada en toda intervenci\u00f3n fisioterap\u00e9utica con personas con dolor cr\u00f3nico\u00bb, ha concluido.<\/p>\n<p>\nMarta Gonz\u00e1lez Mart\u00ednez.<\/p>\n<p>\nResponsable de Comunicaci\u00f3n del Campus Sant Cugat.<\/p>\n<p>\nT. +34 935 042 000. Ext: 5153 \/ 675 78 34 18.<\/p>\n<p>\nJosep Trueta, s\/n 08195 Sant Cugat del Vall\u00e8s.<\/p>\n<p>\nSobre UIC Barcelona.<\/p>\n<p> La Universitat Internacional de Catalunya (UIC Barcelona) naci\u00f3 en 1997 con el objetivo de ofrecer una formaci\u00f3n universitaria de calidad y promover la investigaci\u00f3n como servicio a la sociedad. Ligada al mundo empresarial y con un marcado car\u00e1cter internacional, imparte 16 grados, 17 dobles grados, 49 dobles titulaciones internacionales y m\u00e1s de 70 m\u00e1sters y una amplia oferta de programas de posgrado en sus dos campus, situados en Barcelona y Sant Cugat del Vall\u00e8s. Como parte de su compromiso con la sociedad, UIC Barcelona tambi\u00e9n cuenta con tres cl\u00ednicas universitarias ubicadas en el Campus Sant Cugat: la Cl\u00ednica Universitaria de Odontolog\u00eda, Support &#8211; Cl\u00ednica Universitaria de Psicolog\u00eda y Psiquiatr\u00eda, y Cuides UIC Barcelona, centrada en la atenci\u00f3n a pacientes con enfermedades avanzadas y cuidados paliativos. <\/p>\n","protected":false},"excerpt":{"rendered":"<p>(Informaci\u00f3n remitida por la empresa firmante) D\u00cdA MUNDIAL DE LA FISIOTERAPIA &#8211; 8 DE SEPTIEMBRE. La investigadora y profesora del Grado en Fisioterapia Carolina Climent critica que, \u00aba pesar del coste econ\u00f3mico y social del dolor cr\u00f3nico, se sigan priorizando f\u00e1rmacos y procedimientos invasivos, a menudo inefectivos para el dolor cr\u00f3nico\u00bb. Climent lamenta que s\u00f3lo [&hellip;]<\/p>\n","protected":false},"author":1,"featured_media":0,"comment_status":"closed","ping_status":"closed","sticky":false,"template":"","format":"standard","meta":{"footnotes":""},"categories":[2],"tags":[],"class_list":["post-63307","post","type-post","status-publish","format-standard","hentry","category-noticias"],"_links":{"self":[{"href":"https:\/\/webciudadana.net\/index.php?rest_route=\/wp\/v2\/posts\/63307","targetHints":{"allow":["GET"]}}],"collection":[{"href":"https:\/\/webciudadana.net\/index.php?rest_route=\/wp\/v2\/posts"}],"about":[{"href":"https:\/\/webciudadana.net\/index.php?rest_route=\/wp\/v2\/types\/post"}],"author":[{"embeddable":true,"href":"https:\/\/webciudadana.net\/index.php?rest_route=\/wp\/v2\/users\/1"}],"replies":[{"embeddable":true,"href":"https:\/\/webciudadana.net\/index.php?rest_route=%2Fwp%2Fv2%2Fcomments&post=63307"}],"version-history":[{"count":0,"href":"https:\/\/webciudadana.net\/index.php?rest_route=\/wp\/v2\/posts\/63307\/revisions"}],"wp:attachment":[{"href":"https:\/\/webciudadana.net\/index.php?rest_route=%2Fwp%2Fv2%2Fmedia&parent=63307"}],"wp:term":[{"taxonomy":"category","embeddable":true,"href":"https:\/\/webciudadana.net\/index.php?rest_route=%2Fwp%2Fv2%2Fcategories&post=63307"},{"taxonomy":"post_tag","embeddable":true,"href":"https:\/\/webciudadana.net\/index.php?rest_route=%2Fwp%2Fv2%2Ftags&post=63307"}],"curies":[{"name":"wp","href":"https:\/\/api.w.org\/{rel}","templated":true}]}}