{"id":63308,"date":"2025-09-05T10:54:51","date_gmt":"2025-09-05T08:54:51","guid":{"rendered":"https:\/\/ticker-noticiasep.microcontenidos.com\/NoticiaRSS.vbhtml?user=FRND562DLP&amp;cod=20250905105451"},"modified":"2025-09-05T10:54:51","modified_gmt":"2025-09-05T08:54:51","slug":"sociedad-grupo-insur-celebra-80-anos-construyendo-futuro-inspiracion-legado-y-compromiso","status":"publish","type":"post","link":"https:\/\/webciudadana.net\/?p=63308","title":{"rendered":"Sociedad: Grupo Insur celebra 80 a\u00f1os construyendo futuro: inspiraci\u00f3n, legado y compromiso"},"content":{"rendered":"\n<div><img decoding=\"async\" src=\"https:\/\/img.europapress.es\/fotoweb\/fotonoticia_20250905105451_300.jpg\" class=\"ff-og-image-inserted\"><\/div>\n<p>(Informaci\u00f3n remitida por la empresa firmante)<\/p>\n<p>\n&#8211; La compa\u00f1\u00eda sevillana celebra este s\u00e1bado 6 de septiembre la efem\u00e9ride de su fundaci\u00f3n, que servir\u00e1 como pistoletazo de salida para los actos conmemorativos de su 80 aniversario<\/p>\n<p>\n&#8211; \u00abSe trata de la conmemoraci\u00f3n de una trayectoria forjada por la dedicaci\u00f3n y compromiso de miles de personas\u00bb, explica Ricardo Pumar, presidente de Grupo Insur<\/p>\n<p>\n&#8211; Con la campa\u00f1a &#8217;80 a\u00f1os inspirando juntos&#8217;, Insur quiere rendir un homenaje a todas las personas que han formado parte del Grupo.<\/p>\n<p> &#8211; \u00abEs un momento para celebrar, pero sobre todo para reconocer y agradecer a todos los que nos han acompa\u00f1ado en este camino\u00bb, indica Raquel Bravo, directora de Cliente, Comunicaci\u00f3n e Innovaci\u00f3n de Grupo Insur<\/p>\n<p>\n&#8211; Uno de los eventos destacados tendr\u00e1 lugar el 24 de septiembre con un gran acto institucional en el Real Alc\u00e1zar de Sevilla<\/p>\n<p>\nSevilla, 5 septiembre de 2025 &#8211; Grupo Insur, compa\u00f1\u00eda patrimonialista y promotora de referencia en el sector inmobiliario, celebra este a\u00f1o su 80 aniversario. Y en concreto el s\u00e1bado 6 de septiembre se conmemora la fecha exacta de los 80 a\u00f1os de su fundaci\u00f3n. La compa\u00f1\u00eda sevillana celebra ocho d\u00e9cadas de trayectoria en las que ha crecido, evolucionado y consolidado su liderazgo, manteni\u00e9ndose fiel a sus valores fundamentales: sostenibilidad, innovaci\u00f3n, confianza y cercan\u00eda. \u00abPara nosotros celebrar 80 a\u00f1os es un hito que nos llena de orgullo, no es solo un aniversario de una empresa, es la conmemoraci\u00f3n de una trayectoria forjada por la dedicaci\u00f3n y el compromiso de miles de personas\u00bb, asegura Ricardo Pumar, presidente de Grupo Insur.<\/p>\n<p> Desde sus or\u00edgenes en 1945, Grupo Insur ha sabido mirar m\u00e1s all\u00e1, iniciando un camino con visi\u00f3n y determinaci\u00f3n que lo ha llevado a convertirse en una de las compa\u00f1\u00edas referentes del sector inmobiliario en Espa\u00f1a. En su apuesta por la innovaci\u00f3n, la sostenibilidad y la creaci\u00f3n de valor, Grupo Insur afronta los retos futuros con el prop\u00f3sito de seguir liderando un sector en plena transformaci\u00f3n. \u00abEste aniversario no es el final de un camino, sino el impulso para los pr\u00f3ximos 80 a\u00f1os, inspirando y creando valor de la mano de todos nuestros socios y colaboradores\u00bb precisa Pumar.<\/p>\n<p>\nCampa\u00f1a \u00ab80 a\u00f1os inspirando juntos\u00bb.<\/p>\n<p> Una de las acciones del 80 aniversario es la campa\u00f1a corporativa \u00ab80 a\u00f1os inspirando juntos \u00ab, que busca ser un homenaje a todos los que han formado parte del camino: desde clientes, empleados y accionistas, hasta colaboradores y socios.<\/p>\n<p> \u00abEl 80 aniversario es un momento para reflexionar, pero, sobre todo, para celebrar, por eso con esta campa\u00f1a queremos agradecer y reconocer a todos los que han sido parte de este viaje\u00bb, explica Raquel Bravo, directora de Cliente, Comunicaci\u00f3n e Innovaci\u00f3n de Grupo Insur. En ese sentido, la campa\u00f1a es una invitaci\u00f3n abierta a la creaci\u00f3n de nuevas historias de \u00e9xito. \u00abDurante este periodo, seguiremos conectando con nuestras audiencias y demostrar c\u00f3mo la innovaci\u00f3n y el trabajo en equipo han sido y seguir\u00e1n siendo el coraz\u00f3n de nuestra empresa\u00bb, reflexiona Raquel Bravo. La campa\u00f1a se desarrollar\u00e1 durante los pr\u00f3ximos meses a trav\u00e9s de acciones en medios de comunicaci\u00f3n, redes sociales, eventos institucionales y acciones internas dirigidas a sus equipos. \u00abEl lema &#8216;Inspirando Juntos&#8217; no podr\u00eda ser m\u00e1s acertado, porque en estas ocho d\u00e9cadas, nuestro \u00e9xito ha sido el reflejo de la pasi\u00f3n compartida con nuestros colaboradores, la confianza de nuestros clientes y el apoyo de las comunidades a las que servimos\u00bb, a\u00f1ade Ricardo Pumar.<\/p>\n<p> Gran evento en el Real Alc\u00e1zar de Sevilla.<\/p>\n<p> La serie de acciones y actos conmemorativos tendr\u00e1n su punto culminante el pr\u00f3ximo 24 de septiembre con un evento en el Real Alc\u00e1zar de Sevilla, donde acudir\u00e1n representantes pol\u00edticos e institucionales, del sector inmobiliario y patrimonial, as\u00ed como accionistas, clientes, empleados y profesionales de la informaci\u00f3n, entre otros. Durante el evento, adem\u00e1s de repasar su historia, grandes hitos y desaf\u00edos se avanzar\u00e1 las prioridades de los pr\u00f3ximos a\u00f1os y la evoluci\u00f3n del sector inmobiliario ante los retos actuales del mercado.<\/p>\n<p> En l\u00ednea con esta visi\u00f3n, la compa\u00f1\u00eda ya trabaja en su nuevo Plan Estrat\u00e9gico 2026-2030, una hoja de ruta que marcar\u00e1 las prioridades para los pr\u00f3ximos a\u00f1os y que busca reforzar su posici\u00f3n en el mercado a trav\u00e9s de un crecimiento sostenible, la digitalizaci\u00f3n de procesos, la excelencia operativa y el compromiso con el entorno social y ambiental.<\/p>\n<p> Sobre Grupo Insur <\/p>\n<p>\nGrupo Insur es un grupo inmobiliario patrimonialista y promotor cotizado con 80 a\u00f1os de experiencia, comprometido con las personas, la integridad, la innovaci\u00f3n y el medioambiente, creando valor para todos sus grupos de inter\u00e9s. Es l\u00edder en gesti\u00f3n de inmuebles en Andaluc\u00eda con una cartera patrimonial de 117.000 metros cuadrados entre oficinas, hoteles y locales comerciales y 3.000 plazas de aparcamiento. En su actividad de promoci\u00f3n, cuenta con una cartera de 4.598 viviendas en las zonas prime de Andaluc\u00eda y Madrid y 80.385 metros cuadrados de proyectos de promoci\u00f3n terciaria, de los que 50.555 metros cuadrados est\u00e1n en desarrollo y tres de ellos, los proyectos de oficinas \u00c1gora y Noa en M\u00e1laga, y Elever en Madrid (Las Tablas) est\u00e1n en construcci\u00f3n. Cuenta con un modelo de negocio diferencial con el que contribuye a la creaci\u00f3n de proyectos de vida, inspirando y mejorando el bienestar de las personas. M\u00e1s informaci\u00f3n en grupoinsur.com.<\/p>\n<p> Contacto de Prensa: Manuel Recio 600 90 55 93 manuelrecio@europapress.es Sandra Delgado 600 90 50 85 sandradelgado@europapress.es Leopoldo Eduardo Alonso Llofriu 600 90 56 25 leopoldoalonso@europapress.es <\/p>\n<p>\nEMISOR: GRUPO INSUR.<\/p>\n","protected":false},"excerpt":{"rendered":"<p>(Informaci\u00f3n remitida por la empresa firmante) &#8211; La compa\u00f1\u00eda sevillana celebra este s\u00e1bado 6 de septiembre la efem\u00e9ride de su fundaci\u00f3n, que servir\u00e1 como pistoletazo de salida para los actos conmemorativos de su 80 aniversario &#8211; \u00abSe trata de la conmemoraci\u00f3n de una trayectoria forjada por la dedicaci\u00f3n y compromiso de miles de personas\u00bb, explica [&hellip;]<\/p>\n","protected":false},"author":1,"featured_media":0,"comment_status":"closed","ping_status":"closed","sticky":false,"template":"","format":"standard","meta":{"footnotes":""},"categories":[2],"tags":[],"class_list":["post-63308","post","type-post","status-publish","format-standard","hentry","category-noticias"],"_links":{"self":[{"href":"https:\/\/webciudadana.net\/index.php?rest_route=\/wp\/v2\/posts\/63308","targetHints":{"allow":["GET"]}}],"collection":[{"href":"https:\/\/webciudadana.net\/index.php?rest_route=\/wp\/v2\/posts"}],"about":[{"href":"https:\/\/webciudadana.net\/index.php?rest_route=\/wp\/v2\/types\/post"}],"author":[{"embeddable":true,"href":"https:\/\/webciudadana.net\/index.php?rest_route=\/wp\/v2\/users\/1"}],"replies":[{"embeddable":true,"href":"https:\/\/webciudadana.net\/index.php?rest_route=%2Fwp%2Fv2%2Fcomments&post=63308"}],"version-history":[{"count":0,"href":"https:\/\/webciudadana.net\/index.php?rest_route=\/wp\/v2\/posts\/63308\/revisions"}],"wp:attachment":[{"href":"https:\/\/webciudadana.net\/index.php?rest_route=%2Fwp%2Fv2%2Fmedia&parent=63308"}],"wp:term":[{"taxonomy":"category","embeddable":true,"href":"https:\/\/webciudadana.net\/index.php?rest_route=%2Fwp%2Fv2%2Fcategories&post=63308"},{"taxonomy":"post_tag","embeddable":true,"href":"https:\/\/webciudadana.net\/index.php?rest_route=%2Fwp%2Fv2%2Ftags&post=63308"}],"curies":[{"name":"wp","href":"https:\/\/api.w.org\/{rel}","templated":true}]}}