{"id":63312,"date":"2025-09-05T14:13:44","date_gmt":"2025-09-05T12:13:44","guid":{"rendered":"https:\/\/ticker-noticiasep.microcontenidos.com\/NoticiaRSS.vbhtml?user=FRND562DLP&amp;cod=20250905141344"},"modified":"2025-09-05T14:13:44","modified_gmt":"2025-09-05T12:13:44","slug":"mundo-ugreen-reinventa-la-tecnologia-cotidiana-con-carga-de-ultima-generacion-y-almacenamiento-con-ia-en-ifa-2025","status":"publish","type":"post","link":"https:\/\/webciudadana.net\/?p=63312","title":{"rendered":"Mundo: UGREEN reinventa la tecnolog\u00eda cotidiana con carga de \u00faltima generaci\u00f3n y almacenamiento con IA en IFA 2025"},"content":{"rendered":"\n<div><img decoding=\"async\" src=\"https:\/\/img.europapress.es\/fotoweb\/fotonoticia_20250905141344_300.jpg\" class=\"ff-og-image-inserted\"><\/div>\n<p>(Informaci\u00f3n remitida por la empresa firmante)<\/p>\n<p>\nBERL\u00cdN, 5 de septiembre de 2025 \/PRNewswire\/ &#8212; En IFA 2025, celebrada del 5 al 9 de septiembre, UGREEN, l\u00edder mundial en electr\u00f3nica de consumo, muestra su l\u00ednea de productos MagFlow de \u00faltima generaci\u00f3n, dise\u00f1ada para simplificar, acelerar y hacer m\u00e1s fiable la carga diaria. En su expositor (pabell\u00f3n 3.2, expositor 145), UGREEN tambi\u00e9n muestra sus pr\u00f3ximos productos NAS con IA, incluidos an\u00e1lisis t\u00e9cnicos y demostraciones en vivo.<\/p>\n<p> UGREEN, reconocido mundialmente como l\u00edder en tecnolog\u00eda de consumo, ofrece ahora m\u00e1s de 70 categor\u00edas de productos para entornos laborales, dom\u00e9sticos y m\u00f3viles. Su constante enfoque en el dise\u00f1o inteligente y la calidad de la fabricaci\u00f3n le ha permitido consolidar su reputaci\u00f3n por integrar la tecnolog\u00eda a la perfecci\u00f3n en la vida moderna. La nueva serie MagFlow refleja esta visi\u00f3n, combinando ingenier\u00eda avanzada con el compromiso de ofrecer soluciones accesibles y eficientes para una amplia gama de usos.<\/p>\n<p> La expansi\u00f3n de la serie MagFlow llega poco despu\u00e9s de que UGREEN anunciara en julio uno de los primeros bancos de energ\u00eda magn\u00e9ticos Qi2 de 25 W de la industria. En IFA 2025, la marca lanza la l\u00ednea completa con una gama de cargadores inal\u00e1mbricos Qi2 de 25 W dise\u00f1ados para satisfacer las necesidades de los estilos de vida acelerados, ofreciendo una amplia compatibilidad m\u00e1s all\u00e1 de los dispositivos Apple y dise\u00f1ados espec\u00edficamente para la carga magn\u00e9tica. Ya sea en movimiento, en el trabajo o en casa, la l\u00ednea ofrece una experiencia de carga vers\u00e1til para cada rutina.<\/p>\n<p> El modelo estrella de la serie, el UGREEN MagFlow Magnetic Power Bank de 10.000 mAh y 25 W, ofrece carga inal\u00e1mbrica ultrarr\u00e1pida de 25 W, carga r\u00e1pida bidireccional de 30 W y amplia compatibilidad con diversos dispositivos. Ofrece una portabilidad ligera sin necesidad de cables adicionales, proporcionando una carga r\u00e1pida durante los desplazamientos, en estaciones de tren o aeropuertos.<\/p>\n<p> El cargador inal\u00e1mbrico magn\u00e9tico MagFlow 2 en 1 de 25 W ofrece un dise\u00f1o plegable y compatibilidad con dos dispositivos, combinando portabilidad con una potente funcionalidad. Ofrece compatibilidad fluida con conexiones por cable e inal\u00e1mbricas simult\u00e1neamente, lo que permite una productividad sin complicaciones. El soporte integrado aumenta a\u00fan m\u00e1s la comodidad, permitiendo cargar mientras se trabaja o se atienden llamadas en la oficina.<\/p>\n<p> Como complemento a estos productos principales, se encuentran el cargador inal\u00e1mbrico magn\u00e9tico MagFlow 3 en 1 de 25 W y el cargador inal\u00e1mbrico magn\u00e9tico de escritorio MagFlow 3 en 1 de 25 W. Ambos ofrecen compatibilidad con varios dispositivos, lo que permite a los usuarios cargar dispositivos Apple juntos con solo colocarlos sobre la elegante unidad de cabecera. Cargar durante la noche se vuelve muy sencillo, mientras que la posibilidad de transmitir o navegar mientras se carga a\u00f1ade a\u00fan m\u00e1s flexibilidad.<\/p>\n<p> M\u00e1s all\u00e1 de la carga m\u00f3vil, UGREEN refuerza su liderazgo en el sector del almacenamiento inteligente al presentar las \u00faltimas novedades de la exitosa serie NASync. Adem\u00e1s de la serie NASync DXP existente, los asistentes a IFA 2025 tambi\u00e9n pueden experimentar las nuevas series NASync DH y iDX, dirigidas tanto a principiantes como a usuarios avanzados.<\/p>\n<p> Una zona interactiva dedicada demuestra c\u00f3mo AI NAS combina un rendimiento robusto con beneficios pr\u00e1cticos, con explicaciones de expertos y sesiones pr\u00e1cticas. Este enfoque inmersivo subraya la solidez t\u00e9cnica y la visi\u00f3n estrat\u00e9gica de la marca para dar forma a la pr\u00f3xima generaci\u00f3n de soluciones de almacenamiento inteligente.<\/p>\n<p> Al abordar las necesidades cambiantes de los estilos de vida m\u00f3viles y el almacenamiento inteligente, UGREEN destaca su ambici\u00f3n de mantenerse a la vanguardia de la innovaci\u00f3n global, ofreciendo beneficios tangibles para la vida moderna.<\/p>\n<p> Foto &#8211; https:\/\/mma.prnewswire.com\/media\/2765676\/13fff0ac9f1b22a19a24f0519598b86.jpg<\/p>\n<p>\nFoto &#8212; https:\/\/mma.prnewswire.com\/media\/2765677\/0756a391a52908ddbed1ef997bd7bef.jpg<\/p>\n<p>\nLogo &#8212; https:\/\/mma.prnewswire.com\/media\/2634148\/5485396\/UGREEN_Limited_Logo.jpg<\/p>\n<p> View original content:https:\/\/www.prnewswire.com\/news-releases\/ugreen-reinventa-la-tecnologia-cotidiana-con-carga-de-ultima-generacion-y-almacenamiento-con-ia-en-ifa-2025-302547657.html<\/p>\n","protected":false},"excerpt":{"rendered":"<p>(Informaci\u00f3n remitida por la empresa firmante) BERL\u00cdN, 5 de septiembre de 2025 \/PRNewswire\/ &#8212; En IFA 2025, celebrada del 5 al 9 de septiembre, UGREEN, l\u00edder mundial en electr\u00f3nica de consumo, muestra su l\u00ednea de productos MagFlow de \u00faltima generaci\u00f3n, dise\u00f1ada para simplificar, acelerar y hacer m\u00e1s fiable la carga diaria. En su expositor (pabell\u00f3n [&hellip;]<\/p>\n","protected":false},"author":1,"featured_media":0,"comment_status":"closed","ping_status":"closed","sticky":false,"template":"","format":"standard","meta":{"footnotes":""},"categories":[2],"tags":[],"class_list":["post-63312","post","type-post","status-publish","format-standard","hentry","category-noticias"],"_links":{"self":[{"href":"https:\/\/webciudadana.net\/index.php?rest_route=\/wp\/v2\/posts\/63312","targetHints":{"allow":["GET"]}}],"collection":[{"href":"https:\/\/webciudadana.net\/index.php?rest_route=\/wp\/v2\/posts"}],"about":[{"href":"https:\/\/webciudadana.net\/index.php?rest_route=\/wp\/v2\/types\/post"}],"author":[{"embeddable":true,"href":"https:\/\/webciudadana.net\/index.php?rest_route=\/wp\/v2\/users\/1"}],"replies":[{"embeddable":true,"href":"https:\/\/webciudadana.net\/index.php?rest_route=%2Fwp%2Fv2%2Fcomments&post=63312"}],"version-history":[{"count":0,"href":"https:\/\/webciudadana.net\/index.php?rest_route=\/wp\/v2\/posts\/63312\/revisions"}],"wp:attachment":[{"href":"https:\/\/webciudadana.net\/index.php?rest_route=%2Fwp%2Fv2%2Fmedia&parent=63312"}],"wp:term":[{"taxonomy":"category","embeddable":true,"href":"https:\/\/webciudadana.net\/index.php?rest_route=%2Fwp%2Fv2%2Fcategories&post=63312"},{"taxonomy":"post_tag","embeddable":true,"href":"https:\/\/webciudadana.net\/index.php?rest_route=%2Fwp%2Fv2%2Ftags&post=63312"}],"curies":[{"name":"wp","href":"https:\/\/api.w.org\/{rel}","templated":true}]}}