{"id":63330,"date":"2025-09-08T07:15:42","date_gmt":"2025-09-08T05:15:42","guid":{"rendered":"https:\/\/ticker-noticiasep.microcontenidos.com\/NoticiaRSS.vbhtml?user=FRND562DLP&amp;cod=20250908071542"},"modified":"2025-09-08T07:15:42","modified_gmt":"2025-09-08T05:15:42","slug":"mundo-bluetti-presenta-pioneer-na-rvsolar-system-y-fridgepower-en-ifa-2025","status":"publish","type":"post","link":"https:\/\/webciudadana.net\/?p=63330","title":{"rendered":"Mundo: BLUETTI presenta Pioneer Na, RVSolar System y FridgePower en IFA 2025"},"content":{"rendered":"\n<div><img decoding=\"async\" src=\"https:\/\/img.europapress.es\/fotoweb\/fotonoticia_20250908071542_300.jpg\" class=\"ff-og-image-inserted\"><\/div>\n<p>(Informaci\u00f3n remitida por la empresa firmante)<\/p>\n<p>\nBERLIN, 8. September 2025 \/PRNewswire\/ &#8212; BLUETTI, l\u00edder mundial en almacenamiento de energ\u00eda limpia, present\u00f3 tres productos innovadores en IFA 2025: Pioneer Na (sodio), el sistema RVSolar y FridgePower. Pioneer Na y RVSolar ya han ganado el premio IFA Tech for Good Social Impact por innovaci\u00f3n y sostenibilidad.<\/p>\n<p>\nPioneer Na: Primera Estaci\u00f3n de energ\u00eda port\u00e1til de iones de sodio del mundo<\/p>\n<p>\nLa Pioneer Na estrena tecnolog\u00eda de iones de sodio para almacenamiento port\u00e1til, con un rendimiento fiable incluso en condiciones de fr\u00edo extremo de hasta -25 \u00b0C (-13 \u00b0F). Con carga dual CA + FV, se recarga del 0 al 80% en 35 minutos. Con una potencia de salida de 1.500 W (2.250 W en modo Power Lifting) y una bater\u00eda de iones de sodio de 900 Wh, no contiene cobalto ni litio, lo que supone un gran avance en el almacenamiento sostenible. Ideal para regiones fr\u00edas y expediciones polares, el Pioneer Na estar\u00e1 disponible en todo el mundo a partir del 15 de octubre de 2025.<\/p>\n<p> Sistema RVSolar: Vivir sin conexi\u00f3n a la red el\u00e9ctrica es m\u00e1s f\u00e1cil<\/p>\n<p>\nEl sistema RVSolar es la primera soluci\u00f3n totalmente integrada de BLUETTI para autocaravanas, barcos y caba\u00f1as, construida sobre un potente concentrador 5 en 1 para el control centralizado de la energ\u00eda. Su dise\u00f1o modular permite una instalaci\u00f3n sencilla en 30 minutos, sin cableado complejo. Compatible con bater\u00edas y paneles solares de terceros mediante el protocolo CAN, permite una expansi\u00f3n flexible y rentable. Con una potencia de salida de 5 kVA\/6.000 W que alimenta el 99% de los electrodom\u00e9sticos, ampliable a 122 kWh para una semana de autonom\u00eda, ofrece cuatro opciones de carga, 90 minutos de recarga y un tiempo de carga del SAI inferior a 20 ms. Certificado seg\u00fan los est\u00e1ndares UL y RV-C, el sistema RVSolar se lanzar\u00e1 globalmente a partir del 30 de septiembre de 2025.<\/p>\n<p> FridgePower: Respaldo inteligente ultrafino en cualquier lugar<\/p>\n<p>\nFridgePower tiene tan solo 75 mm de grosor, aproximadamente el ancho de un smartphone, y se adapta perfectamente a instalaciones planas, verticales o de pared. Compatible con Google Home y Amazon Alexa, ofrece control de voz manos libres. Con una capacidad de 2.016 Wh y una potencia de salida de 1.800 W, ampliable hasta 8.064 Wh con tres m\u00f3dulos BlueCell 200, alimenta refrigeradores, electrodom\u00e9sticos y equipos aislados de la red el\u00e9ctrica. Con un autoconsumo ultrabajo, un 87% inferior al de la competencia, garantiza la eficiencia, mientras que la monitorizaci\u00f3n inteligente predice la demanda, se activa autom\u00e1ticamente y emite alertas. FridgePower estar\u00e1 disponible en todo el mundo a partir del 4 de noviembre de 2025.<\/p>\n<p> Conozca a BLUETTI en IFA 2025<\/p>\n<p>\nDel 5 al 9 de septiembre, expositor H2.2-213, Messe Berlin<\/p>\n<p>\nAcerca de BLUETTI<\/p>\n<p>\nComo pionero tecnol\u00f3gico en energ\u00eda limpia, BLUETTI ofrece almacenamiento de energ\u00eda asequible para hogares y actividades al aire libre. A trav\u00e9s de su iniciativa LAAF (Iluminando a una familia africana, por sus siglas en ingl\u00e9s), ha apoyado a m\u00e1s de 60.000 residentes en comunidades africanas sin acceso a la red el\u00e9ctrica\u00bb<\/p>\n<p>\nFoto &#8212; https:\/\/mma.prnewswire.com\/media\/2766627\/mmexport1757248404972.jpg<\/p>\n<p> View original content:https:\/\/www.prnewswire.com\/news-releases\/bluetti-presenta-pioneer-na-rvsolar-system-y-fridgepower-en-ifa-2025-302548737.html<\/p>\n","protected":false},"excerpt":{"rendered":"<p>(Informaci\u00f3n remitida por la empresa firmante) BERLIN, 8. September 2025 \/PRNewswire\/ &#8212; BLUETTI, l\u00edder mundial en almacenamiento de energ\u00eda limpia, present\u00f3 tres productos innovadores en IFA 2025: Pioneer Na (sodio), el sistema RVSolar y FridgePower. Pioneer Na y RVSolar ya han ganado el premio IFA Tech for Good Social Impact por innovaci\u00f3n y sostenibilidad. Pioneer [&hellip;]<\/p>\n","protected":false},"author":1,"featured_media":0,"comment_status":"closed","ping_status":"closed","sticky":false,"template":"","format":"standard","meta":{"footnotes":""},"categories":[2],"tags":[],"class_list":["post-63330","post","type-post","status-publish","format-standard","hentry","category-noticias"],"_links":{"self":[{"href":"https:\/\/webciudadana.net\/index.php?rest_route=\/wp\/v2\/posts\/63330","targetHints":{"allow":["GET"]}}],"collection":[{"href":"https:\/\/webciudadana.net\/index.php?rest_route=\/wp\/v2\/posts"}],"about":[{"href":"https:\/\/webciudadana.net\/index.php?rest_route=\/wp\/v2\/types\/post"}],"author":[{"embeddable":true,"href":"https:\/\/webciudadana.net\/index.php?rest_route=\/wp\/v2\/users\/1"}],"replies":[{"embeddable":true,"href":"https:\/\/webciudadana.net\/index.php?rest_route=%2Fwp%2Fv2%2Fcomments&post=63330"}],"version-history":[{"count":0,"href":"https:\/\/webciudadana.net\/index.php?rest_route=\/wp\/v2\/posts\/63330\/revisions"}],"wp:attachment":[{"href":"https:\/\/webciudadana.net\/index.php?rest_route=%2Fwp%2Fv2%2Fmedia&parent=63330"}],"wp:term":[{"taxonomy":"category","embeddable":true,"href":"https:\/\/webciudadana.net\/index.php?rest_route=%2Fwp%2Fv2%2Fcategories&post=63330"},{"taxonomy":"post_tag","embeddable":true,"href":"https:\/\/webciudadana.net\/index.php?rest_route=%2Fwp%2Fv2%2Ftags&post=63330"}],"curies":[{"name":"wp","href":"https:\/\/api.w.org\/{rel}","templated":true}]}}