{"id":63347,"date":"2025-09-08T16:47:15","date_gmt":"2025-09-08T14:47:15","guid":{"rendered":"https:\/\/ticker-noticiasep.microcontenidos.com\/NoticiaRSS.vbhtml?user=FRND562DLP&amp;cod=20250908164715"},"modified":"2025-09-08T16:47:15","modified_gmt":"2025-09-08T14:47:15","slug":"mundo-tcl-presenta-las-ultimas-tecnologias-de-pantalla-e-innovaciones-en-ia-en-ifa-2025-2","status":"publish","type":"post","link":"https:\/\/webciudadana.net\/?p=63347","title":{"rendered":"Mundo: TCL presenta las \u00faltimas tecnolog\u00edas de pantalla e innovaciones en IA en IFA 2025 (2)"},"content":{"rendered":"\n<p>(Informaci\u00f3n remitida por la empresa firmante)<\/p>\n<p> Desde pantallas de borde a borde que borran la frontera entre el espectador y el espect\u00e1culo, hasta tecnolog\u00edas de inteligencia artificial personalizadas y sistemas de energ\u00eda que conservan energ\u00eda silenciosamente en segundo plano, la cartera IFA 2025 de TCL aprovecha la innovaci\u00f3n de clase mundial para elevar la forma en que experimentamos el deporte y el entretenimiento en casa y m\u00e1s all\u00e1. Acerca de TCL<\/p>\n<p>\nTCL es una marca l\u00edder en electr\u00f3nica de consumo y un referente mundial en la industria de la televisi\u00f3n. Con presencia en m\u00e1s de 160 mercados a nivel mundial, TCL se especializa en la investigaci\u00f3n, el desarrollo y la fabricaci\u00f3n de productos electr\u00f3nicos de consumo, incluyendo televisores, sistemas de audio, electrodom\u00e9sticos, dispositivos m\u00f3viles, gafas inteligentes, pantallas comerciales y m\u00e1s. Para m\u00e1s informaci\u00f3n, visite el sitio web de TCL en https:\/\/www.tcl.com.<\/p>\n<p> View original content:https:\/\/www.prnewswire.com\/news-releases\/tcl-presenta-las-ultimas-tecnologias-de-pantalla-e-innovaciones-en-ia-en-ifa-2025-302549274.html<\/p>\n","protected":false},"excerpt":{"rendered":"<p>(Informaci\u00f3n remitida por la empresa firmante) Desde pantallas de borde a borde que borran la frontera entre el espectador y el espect\u00e1culo, hasta tecnolog\u00edas de inteligencia artificial personalizadas y sistemas de energ\u00eda que conservan energ\u00eda silenciosamente en segundo plano, la cartera IFA 2025 de TCL aprovecha la innovaci\u00f3n de clase mundial para elevar la forma [&hellip;]<\/p>\n","protected":false},"author":1,"featured_media":0,"comment_status":"closed","ping_status":"closed","sticky":false,"template":"","format":"standard","meta":{"footnotes":""},"categories":[2],"tags":[],"class_list":["post-63347","post","type-post","status-publish","format-standard","hentry","category-noticias"],"_links":{"self":[{"href":"https:\/\/webciudadana.net\/index.php?rest_route=\/wp\/v2\/posts\/63347","targetHints":{"allow":["GET"]}}],"collection":[{"href":"https:\/\/webciudadana.net\/index.php?rest_route=\/wp\/v2\/posts"}],"about":[{"href":"https:\/\/webciudadana.net\/index.php?rest_route=\/wp\/v2\/types\/post"}],"author":[{"embeddable":true,"href":"https:\/\/webciudadana.net\/index.php?rest_route=\/wp\/v2\/users\/1"}],"replies":[{"embeddable":true,"href":"https:\/\/webciudadana.net\/index.php?rest_route=%2Fwp%2Fv2%2Fcomments&post=63347"}],"version-history":[{"count":0,"href":"https:\/\/webciudadana.net\/index.php?rest_route=\/wp\/v2\/posts\/63347\/revisions"}],"wp:attachment":[{"href":"https:\/\/webciudadana.net\/index.php?rest_route=%2Fwp%2Fv2%2Fmedia&parent=63347"}],"wp:term":[{"taxonomy":"category","embeddable":true,"href":"https:\/\/webciudadana.net\/index.php?rest_route=%2Fwp%2Fv2%2Fcategories&post=63347"},{"taxonomy":"post_tag","embeddable":true,"href":"https:\/\/webciudadana.net\/index.php?rest_route=%2Fwp%2Fv2%2Ftags&post=63347"}],"curies":[{"name":"wp","href":"https:\/\/api.w.org\/{rel}","templated":true}]}}