{"id":63359,"date":"2025-09-08T18:05:31","date_gmt":"2025-09-08T16:05:31","guid":{"rendered":"https:\/\/ticker-noticiasep.microcontenidos.com\/NoticiaRSS.vbhtml?user=FRND562DLP&amp;cod=20250908180531"},"modified":"2025-09-08T18:05:31","modified_gmt":"2025-09-08T16:05:31","slug":"mundo-hisense-anuncia-su-tercer-patrocinio-de-la-copa-mundial-de-la-fifa","status":"publish","type":"post","link":"https:\/\/webciudadana.net\/?p=63359","title":{"rendered":"Mundo: Hisense anuncia su tercer patrocinio de la Copa Mundial de la FIFA\u2122"},"content":{"rendered":"\n<div><img decoding=\"async\" src=\"https:\/\/img.europapress.es\/fotoweb\/fotonoticia_20250908180531_300.jpg\" class=\"ff-og-image-inserted\"><\/div>\n<p>(Informaci\u00f3n remitida por la empresa firmante)<\/p>\n<p>\n&#8212; Hisense anuncia su tercer patrocinio de la Copa Mundial de la FIFA\u2122 y presenta la tecnolog\u00eda RGB-MiniLED en IFA 2025<\/p>\n<p>\nBERLIN, 8 de septiembre de 2025 \/PRNewswire\/ &#8212; Hisense, marca l\u00edder en electr\u00f3nica de consumo y electrodom\u00e9sticos a nivel mundial, anunci\u00f3 en IFA 2025 que continuar\u00e1 como patrocinador oficial de la Copa Mundial de la FIFA\u2122, reforzando su colaboraci\u00f3n de larga data con la FIFA desde 2018.<\/p>\n<p> Desde su primera colaboraci\u00f3n con la FIFA en 2018, Hisense ha alcanzado varios hitos clave: la creaci\u00f3n de la marca en la Copa Mundial de la FIFA 2018\u2122, la colaboraci\u00f3n en materia de contenido a trav\u00e9s de FIFA+ en 2022, la integraci\u00f3n de tecnolog\u00eda en las operaciones del VAR en la Copa Mundial de Clubes de la FIFA 2025\u2122 y, ahora, el pr\u00f3ximo patrocinio de la Copa Mundial de la FIFA 2026\u2122. Cada paso ha reforzado la presencia global de Hisense y su compromiso con la mejora de la experiencia de los aficionados.<\/p>\n<p> Catherine Fang, vicepresidenta del Grupo Hisense, destac\u00f3 que cada momento inolvidable comienza con la experiencia adecuada, y que Hisense busca ayudar a los aficionados a disfrutarlos al m\u00e1ximo. Explic\u00f3 que, guiado por cuatro principios fundamentales: tecnolog\u00eda, orientaci\u00f3n al usuario, servicio inteligente y valores culturales, Hisense revoluciona continuamente los l\u00edmites de la visualizaci\u00f3n, desde HDR hasta televisores l\u00e1ser y la \u00faltima tecnolog\u00eda RGB-MiniLED, ofreciendo una calidad de imagen sin precedentes. Este enfoque orientado al usuario garantiza experiencias inmersivas y personalizadas, haciendo que los fans se sientan parte de cada momento.<\/p>\n<p> En IFA 2025, Hisense, creador del RGB-MiniLED, se basa en su debut en CES con el televisor RGB-MiniLED de 116 pulgadas, con mejoras que ofrecen colores m\u00e1s puros, mayor contraste y un brillo que supera al QD-OLED, reafirmando as\u00ed su liderazgo en pantallas de nueva generaci\u00f3n. Con esta visi\u00f3n, Romy Gai, director comercial de la FIFA, se hizo eco de esta opini\u00f3n y explic\u00f3 que la FIFA se asociar\u00e1 con Hisense para dar la bienvenida a la mejor tecnolog\u00eda de pantallas y ofrecer una Copa Mundial sin precedentes a miles de millones de aficionados en todo el mundo.<\/p>\n<p> Con el torneo de 2026 programado para ser el primero que se celebre en tres naciones con 48 equipos, Hisense pretende transformar miles de millones de salas de estar en asientos de primera fila, asegurando que los aficionados de todo el mundo puedan experimentar el torneo como nunca antes y realmente ser due\u00f1os del momento.<\/p>\n<p> Acerca de Hisense<\/p>\n<p>\nHisense, fundada en 1969, es un l\u00edder mundial en electrodom\u00e9sticos y electr\u00f3nica de consumo, con presencia en m\u00e1s de 160 pa\u00edses. Se especializa en ofrecer productos multimedia, electrodom\u00e9sticos y soluciones inform\u00e1ticas inteligentes de alta calidad. Seg\u00fan Omdia, Hisense ocupa el primer puesto a nivel mundial en el segmento de televisores de 100 pulgadas o m\u00e1s (2023-2025). Como patrocinador oficial de la Copa Mundial de la FIFA 2026\u2122, Hisense se compromete con las colaboraciones deportivas globales para conectar con el p\u00fablico mundial.<\/p>\n<p> Foto &#8211; https:\/\/mma.prnewswire.com\/media\/2764389\/1.jpg<\/p>\n<p>\nFoto &#8212; https:\/\/mma.prnewswire.com\/media\/2765640\/2.jpg<\/p>\n<p> View original content:https:\/\/www.prnewswire.com\/news-releases\/hisense-anuncia-su-tercer-patrocinio-de-la-copa-mundial-de-la-fifa-302549389.html<\/p>\n","protected":false},"excerpt":{"rendered":"<p>(Informaci\u00f3n remitida por la empresa firmante) &#8212; Hisense anuncia su tercer patrocinio de la Copa Mundial de la FIFA\u2122 y presenta la tecnolog\u00eda RGB-MiniLED en IFA 2025 BERLIN, 8 de septiembre de 2025 \/PRNewswire\/ &#8212; Hisense, marca l\u00edder en electr\u00f3nica de consumo y electrodom\u00e9sticos a nivel mundial, anunci\u00f3 en IFA 2025 que continuar\u00e1 como patrocinador [&hellip;]<\/p>\n","protected":false},"author":1,"featured_media":0,"comment_status":"closed","ping_status":"closed","sticky":false,"template":"","format":"standard","meta":{"footnotes":""},"categories":[2],"tags":[],"class_list":["post-63359","post","type-post","status-publish","format-standard","hentry","category-noticias"],"_links":{"self":[{"href":"https:\/\/webciudadana.net\/index.php?rest_route=\/wp\/v2\/posts\/63359","targetHints":{"allow":["GET"]}}],"collection":[{"href":"https:\/\/webciudadana.net\/index.php?rest_route=\/wp\/v2\/posts"}],"about":[{"href":"https:\/\/webciudadana.net\/index.php?rest_route=\/wp\/v2\/types\/post"}],"author":[{"embeddable":true,"href":"https:\/\/webciudadana.net\/index.php?rest_route=\/wp\/v2\/users\/1"}],"replies":[{"embeddable":true,"href":"https:\/\/webciudadana.net\/index.php?rest_route=%2Fwp%2Fv2%2Fcomments&post=63359"}],"version-history":[{"count":0,"href":"https:\/\/webciudadana.net\/index.php?rest_route=\/wp\/v2\/posts\/63359\/revisions"}],"wp:attachment":[{"href":"https:\/\/webciudadana.net\/index.php?rest_route=%2Fwp%2Fv2%2Fmedia&parent=63359"}],"wp:term":[{"taxonomy":"category","embeddable":true,"href":"https:\/\/webciudadana.net\/index.php?rest_route=%2Fwp%2Fv2%2Fcategories&post=63359"},{"taxonomy":"post_tag","embeddable":true,"href":"https:\/\/webciudadana.net\/index.php?rest_route=%2Fwp%2Fv2%2Ftags&post=63359"}],"curies":[{"name":"wp","href":"https:\/\/api.w.org\/{rel}","templated":true}]}}