{"id":63361,"date":"2025-09-08T21:53:43","date_gmt":"2025-09-08T19:53:43","guid":{"rendered":"https:\/\/ticker-noticiasep.microcontenidos.com\/NoticiaRSS.vbhtml?user=FRND562DLP&amp;cod=20250908215343"},"modified":"2025-09-08T21:53:43","modified_gmt":"2025-09-08T19:53:43","slug":"mundo-astraux-redefine-la-movilidad-urbana-sev-que-impacta-el-mercado-europeo-desde-tan-solo-5-999-e","status":"publish","type":"post","link":"https:\/\/webciudadana.net\/?p=63361","title":{"rendered":"Mundo: ASTRAUX redefine la movilidad urbana: SEV que impacta el mercado europeo desde tan solo 5.999 \u20ac"},"content":{"rendered":"\n<div><img decoding=\"async\" src=\"https:\/\/img.europapress.es\/fotoweb\/fotonoticia_20250908215343_300.jpg\" class=\"ff-og-image-inserted\"><\/div>\n<p>(Informaci\u00f3n remitida por la empresa firmante)<\/p>\n<p>\nBERLIN, 8 de septiembre de 2025 \/PRNewswire\/ &#8212; ASTRAUX, una marca global de tecnolog\u00eda de estilo de vida con sede en Dub\u00e1i, est\u00e1 redefiniendo el futuro de la movilidad urbana. En su esperado evento de lanzamiento global en Berl\u00edn, ASTRAUX present\u00f3 tres dise\u00f1os originales, encabezados por su moderno microcoche el\u00e9ctrico de 5.999 \u20ac, que acapar\u00f3 todas las miradas.<\/p>\n<p> El lanzamiento atrajo a m\u00e1s de 200 medios de comunicaci\u00f3n internacionales, l\u00edderes de la industria e influencers tecnol\u00f3gicos, con 1,2 millones de espectadores en directo a trav\u00e9s de YouTube, TikTok e Instagram. En el evento de lanzamiento, 10 socios firmaron pedidos de m\u00e1s de 30.000 ASTRAUX EV en el acto, lo que marca un hito importante en la expansi\u00f3n global de la marca.<\/p>\n<p> ASTRAUX Mini EV | 5.990 \u20ac. Redefine la movilidad urbana alegre<\/p>\n<p>\nCon una oferta anticipada de 5.990 \u20ac (precio original de 6.990 \u20ac), el ASTRAUX Mini EV hace que la movilidad personal sea accesible para la pr\u00f3xima generaci\u00f3n. Su dise\u00f1o compacto y elegante atrajo al instante a multitudes, y los fans hicieron cola para hacer fotos y compartirlas en redes sociales.<\/p>\n<p> Conducir a partir de los 14 a\u00f1os: V\u00e1lido para conductores a partir de 14 a\u00f1os en pa\u00edses europeos seleccionados.<\/p>\n<p> Dise\u00f1o impactante: Carrocer\u00eda de calidad automotriz, techo panor\u00e1mico de cristal, visibilidad de 360\u00b0.<\/p>\n<p> Entretenimiento sobre ruedas: Karaoke integrado, iluminaci\u00f3n ambiental, integraci\u00f3n con apps y modo r\u00e1pido de \u00abcoche de fiesta\u00bb.<\/p>\n<p> Robot acompa\u00f1ante Aimon<\/p>\n<p>\nUn compa\u00f1ero interactivo con IA que reacciona al tacto, al movimiento y al estado de \u00e1nimo, con respuestas din\u00e1micas y \u00abmodos sorpresa\u00bb ocultos al conectarse a otro dispositivo.<\/p>\n<p> Gafas Inteligentes ASTRAUX<\/p>\n<p>\nLas Gafas Inteligentes ASTRAUX (79 \u20ac) combinan estilo y funcionalidad en un dise\u00f1o ligero. Incluyen gafas de sol con protecci\u00f3n UV400, interacci\u00f3n con IA, c\u00e1mara de 8 MP en primera persona, audio de o\u00eddo abierto e integraci\u00f3n con ChatGPT en tiempo real para traducci\u00f3n, control por voz y creaci\u00f3n de contenido manos libres.<\/p>\n<p> Visi\u00f3n de la marca ASTRAUX<\/p>\n<p>\nGuiada por la filosof\u00eda \u00abDale estilo. V\u00edvelo. Mu\u00e9stralo.\u00bb, ASTRAUX contin\u00faa inspirando un nuevo estilo de vida global donde la tecnolog\u00eda, el dise\u00f1o y la asequibilidad se fusionan, haciendo que la movilidad urbana premium sea accesible para todos.<\/p>\n<p> ASTRAUX anunci\u00f3 que Berl\u00edn marca el inicio de su expansi\u00f3n europea, con planes de crecimiento mediante colaboraciones locales, programas de pruebas de conducci\u00f3n inmersivas y campa\u00f1as exclusivas de reserva.<\/p>\n<p> Vea la repetici\u00f3n y reserve ahora<\/p>\n<p>\nVea la repetici\u00f3n completa del lanzamiento en Berl\u00edn y reserve los productos ASTRAUX hoy mismo:<\/p>\n<p>\nRepetici\u00f3n del lanzamiento: https:\/\/youtube.com\/live\/Hb7rYtoJaVo?feature=share<\/p>\n<p>\nReservas de Mini EV:<\/p>\n<p>\nhttps:\/\/astra-ux.com\/products\/electric-mini-car<\/p>\n<p>\nhttps:\/\/fr.aliexpress.com\/item\/1005009863876683.html?gatewayAdapt=glo2fra4itemAdapt<\/p>\n<p>\nS\u00edganos en las redes sociales para recibir las \u00faltimas actualizaciones:<\/p>\n<p>\nInstagram: @Astraux.global<\/p>\n<p>\nTikTok: @astrauxglobal<\/p>\n<p>\nFacebook: @Astraux.global<\/p>\n<p>\nOfertas de lanzamiento por tiempo limitado (hasta el 6 de septiembre a las 23:59 CET)<\/p>\n<p>\nReserva de pase 9,9 \u20ac? Reserve su plaza ahora; cancele antes del 4 de diciembre.<\/p>\n<p>\nPrecio anticipado del ASTRAUX AL7: 7.990 \u20ac (Precio habitual: 8.990 \u20ac)<\/p>\n<p>\nPrecio anticipado del ASTRAUX AL6: 5.990 \u20ac (Precio habitual: 6.990 \u20ac)<\/p>\n<p>\nContacto para medios: info@maktoumtech.com<\/p>\n<p>\nSitio web oficial:https:\/\/astra-ux.com\/<\/p>\n<p>\nFoto &#8212; https:\/\/mma.prnewswire.com\/media\/2764963\/ASTRAUX_Global_Launch_Event.jpg<\/p>\n<p>\nFoto &#8212; https:\/\/mma.prnewswire.com\/media\/2764964\/ASTRAUX_AL6_AL7.jpg<\/p>\n<p> View original content:https:\/\/www.prnewswire.com\/news-releases\/astraux-redefine-la-movilidad-urbana-sev-que-impacta-el-mercado-europeo-desde-tan-solo-5-999&#8211;302549754.html<\/p>\n","protected":false},"excerpt":{"rendered":"<p>(Informaci\u00f3n remitida por la empresa firmante) BERLIN, 8 de septiembre de 2025 \/PRNewswire\/ &#8212; ASTRAUX, una marca global de tecnolog\u00eda de estilo de vida con sede en Dub\u00e1i, est\u00e1 redefiniendo el futuro de la movilidad urbana. En su esperado evento de lanzamiento global en Berl\u00edn, ASTRAUX present\u00f3 tres dise\u00f1os originales, encabezados por su moderno microcoche [&hellip;]<\/p>\n","protected":false},"author":1,"featured_media":0,"comment_status":"closed","ping_status":"closed","sticky":false,"template":"","format":"standard","meta":{"footnotes":""},"categories":[2],"tags":[],"class_list":["post-63361","post","type-post","status-publish","format-standard","hentry","category-noticias"],"_links":{"self":[{"href":"https:\/\/webciudadana.net\/index.php?rest_route=\/wp\/v2\/posts\/63361","targetHints":{"allow":["GET"]}}],"collection":[{"href":"https:\/\/webciudadana.net\/index.php?rest_route=\/wp\/v2\/posts"}],"about":[{"href":"https:\/\/webciudadana.net\/index.php?rest_route=\/wp\/v2\/types\/post"}],"author":[{"embeddable":true,"href":"https:\/\/webciudadana.net\/index.php?rest_route=\/wp\/v2\/users\/1"}],"replies":[{"embeddable":true,"href":"https:\/\/webciudadana.net\/index.php?rest_route=%2Fwp%2Fv2%2Fcomments&post=63361"}],"version-history":[{"count":0,"href":"https:\/\/webciudadana.net\/index.php?rest_route=\/wp\/v2\/posts\/63361\/revisions"}],"wp:attachment":[{"href":"https:\/\/webciudadana.net\/index.php?rest_route=%2Fwp%2Fv2%2Fmedia&parent=63361"}],"wp:term":[{"taxonomy":"category","embeddable":true,"href":"https:\/\/webciudadana.net\/index.php?rest_route=%2Fwp%2Fv2%2Fcategories&post=63361"},{"taxonomy":"post_tag","embeddable":true,"href":"https:\/\/webciudadana.net\/index.php?rest_route=%2Fwp%2Fv2%2Ftags&post=63361"}],"curies":[{"name":"wp","href":"https:\/\/api.w.org\/{rel}","templated":true}]}}