{"id":63369,"date":"2025-09-08T20:29:15","date_gmt":"2025-09-08T18:29:15","guid":{"rendered":"https:\/\/ticker-noticiasep.microcontenidos.com\/NoticiaRSS.vbhtml?user=FRND562DLP&amp;cod=20250908202915"},"modified":"2025-09-08T20:29:15","modified_gmt":"2025-09-08T18:29:15","slug":"mundo-el-n5-pro-de-minisforum-gana-el-premio-a-la-innovacion-en-ifa-2025","status":"publish","type":"post","link":"https:\/\/webciudadana.net\/?p=63369","title":{"rendered":"Mundo: El N5 Pro de MINISFORUM gana el premio a la innovaci\u00f3n en IFA 2025"},"content":{"rendered":"\n<div><img decoding=\"async\" src=\"https:\/\/img.europapress.es\/fotoweb\/fotonoticia_20250908202915_300.jpg\" class=\"ff-og-image-inserted\"><\/div>\n<p>(Informaci\u00f3n remitida por la empresa firmante)<\/p>\n<p>\n&#8212; El N5 Pro de MINISFORUM, con tecnolog\u00eda de IA, gana el premio a la innovaci\u00f3n en tecnolog\u00eda de almacenamiento con IA en IFA 2025<\/p>\n<p>\nBERL\u00cdN, 8 de septiembre de 2025 \/PRNewswire\/ &#8212; MINISFORUM, un innovador global en soluciones inform\u00e1ticas compactas, su N5 Pro impulsado por IA ha sido galardonado con el Premio a la Innovaci\u00f3n en Tecnolog\u00eda de Almacenamiento de IA en IFA 2025. El reconocimiento destaca el papel pionero de AI NAS N5 Pro como el primer NAS del mundo que aplica la computaci\u00f3n de IA al almacenamiento de alto rendimiento, estableciendo un nuevo punto de referencia para el almacenamiento de datos inteligente.<\/p>\n<p> El AI NAS N5 Pro cuenta con una CPU de IA de alto rendimiento de hasta 80 TOPS, capaz de ejecutar LLM y tareas de generaci\u00f3n de IA localmente en el dispositivo, garantizando as\u00ed la seguridad de los datos. Gracias a la compatibilidad con ECC, garantiza la estabilidad operativa. El AI NAS N5 Pro incorpora el sistema operativo MinisCloud, desarrollado por nosotros, que permite el almacenamiento compartido a la vez que protege los datos privados, lo que lo hace m\u00e1s intuitivo. Su exclusivo dise\u00f1o de estructura deslizable permite una expansi\u00f3n flexible con ranuras PCIe Gen4 integradas, lo que permite un mayor volumen de trabajo.<\/p>\n<p> A diferencia de los dispositivos NAS tradicionales, limitados al almacenamiento, el N5 Pro integra procesamiento basado en IA con mejoras en el almacenamiento, la gesti\u00f3n y el uso de datos, abarcando tanto el rendimiento empresarial como la facilidad de uso para el consumidor. Dise\u00f1ado para uso personal avanzado, pymes y entornos profesionales, el NAS con IA N5 Pro combina rendimiento profesional con la comodidad del d\u00eda a d\u00eda.<\/p>\n<p> AI NAS N5 Pro es compatible con una amplia gama de aplicaciones m\u00e1s all\u00e1 del almacenamiento, demostrando su capacidad para funcionar como un PC con IA de alto rendimiento y capacidad de almacenamiento. AI NAS N5 Pro funciona como un centro de hogar inteligente con clasificaci\u00f3n de fotos y videos con IA, compatibilidad con una conectividad fluida de dispositivos y un dise\u00f1o silencioso para entornos dom\u00e9sticos. Para peque\u00f1as y medianas empresas, garantiza el intercambio de archivos y una implementaci\u00f3n de servidores ligeros en diferentes sistemas. Los estudios creativos se benefician de la colaboraci\u00f3n de baja latencia en edici\u00f3n de v\u00eddeo, dise\u00f1o 3D y otros flujos de trabajo intensivos. Los desarrolladores pueden usar la NPU integrada y la compatibilidad multisistema para crear una plataforma rentable para el entrenamiento de modelos y la prueba de algoritmos. AI NAS N5 Pro tambi\u00e9n funciona como un centro de monitoreo de seguridad, lo que permite el an\u00e1lisis de video en tiempo real, la detecci\u00f3n de anomal\u00edas y el almacenamiento a largo plazo de videos de vigilancia de alta definici\u00f3n con acceso remoto.<\/p>\n<p> \u00abGanar este premio a la innovaci\u00f3n es un hito para MINISFORUM y para la industria\u00bb, afirm\u00f3 Roy Jiang, presidente de MINISFORUM. \u00abAI NAS N5 Pro libera la inteligencia de los propios datos. Al integrar la IA con el NAS, creamos entornos digitales m\u00e1s inteligentes, conectados y productivos para usuarios de todo el mundo\u00bb.<\/p>\n<p> Acerca de MINISFORUM<\/p>\n<p>\nMINISFORUM se fund\u00f3 en 2018 y se dedica a \u00abIncorporar la tecnolog\u00eda a la vida cotidiana\u00bb. La marca ofrece soluciones inform\u00e1ticas de alto rendimiento en PC con IA, NAS, estaciones de trabajo, PC para juegos y accesorios. Para m\u00e1s informaci\u00f3n, visite: https:\/\/www.minisforum.com\/<\/p>\n<p>\nFoto &#8212; https:\/\/mma.prnewswire.com\/media\/2765769\/image.jpg<\/p>\n<p> View original content:https:\/\/www.prnewswire.com\/news-releases\/el-n5-pro-de-minisforum-gana-el-premio-a-la-innovacion-en-ifa-2025-302549609.html<\/p>\n","protected":false},"excerpt":{"rendered":"<p>(Informaci\u00f3n remitida por la empresa firmante) &#8212; El N5 Pro de MINISFORUM, con tecnolog\u00eda de IA, gana el premio a la innovaci\u00f3n en tecnolog\u00eda de almacenamiento con IA en IFA 2025 BERL\u00cdN, 8 de septiembre de 2025 \/PRNewswire\/ &#8212; MINISFORUM, un innovador global en soluciones inform\u00e1ticas compactas, su N5 Pro impulsado por IA ha sido [&hellip;]<\/p>\n","protected":false},"author":1,"featured_media":0,"comment_status":"closed","ping_status":"closed","sticky":false,"template":"","format":"standard","meta":{"footnotes":""},"categories":[2],"tags":[],"class_list":["post-63369","post","type-post","status-publish","format-standard","hentry","category-noticias"],"_links":{"self":[{"href":"https:\/\/webciudadana.net\/index.php?rest_route=\/wp\/v2\/posts\/63369","targetHints":{"allow":["GET"]}}],"collection":[{"href":"https:\/\/webciudadana.net\/index.php?rest_route=\/wp\/v2\/posts"}],"about":[{"href":"https:\/\/webciudadana.net\/index.php?rest_route=\/wp\/v2\/types\/post"}],"author":[{"embeddable":true,"href":"https:\/\/webciudadana.net\/index.php?rest_route=\/wp\/v2\/users\/1"}],"replies":[{"embeddable":true,"href":"https:\/\/webciudadana.net\/index.php?rest_route=%2Fwp%2Fv2%2Fcomments&post=63369"}],"version-history":[{"count":0,"href":"https:\/\/webciudadana.net\/index.php?rest_route=\/wp\/v2\/posts\/63369\/revisions"}],"wp:attachment":[{"href":"https:\/\/webciudadana.net\/index.php?rest_route=%2Fwp%2Fv2%2Fmedia&parent=63369"}],"wp:term":[{"taxonomy":"category","embeddable":true,"href":"https:\/\/webciudadana.net\/index.php?rest_route=%2Fwp%2Fv2%2Fcategories&post=63369"},{"taxonomy":"post_tag","embeddable":true,"href":"https:\/\/webciudadana.net\/index.php?rest_route=%2Fwp%2Fv2%2Ftags&post=63369"}],"curies":[{"name":"wp","href":"https:\/\/api.w.org\/{rel}","templated":true}]}}