{"id":63373,"date":"2025-09-09T02:07:55","date_gmt":"2025-09-09T00:07:55","guid":{"rendered":"https:\/\/ticker-noticiasep.microcontenidos.com\/NoticiaRSS.vbhtml?user=FRND562DLP&amp;cod=20250909020755"},"modified":"2025-09-09T02:07:55","modified_gmt":"2025-09-09T00:07:55","slug":"mundo-nexlawn-presenta-cortacesped-roboticos-con-brazo-articulado-y-una-linea-de-productos-smart-yard-en-ifa-2025","status":"publish","type":"post","link":"https:\/\/webciudadana.net\/?p=63373","title":{"rendered":"Mundo: NexLawn presenta cortac\u00e9sped rob\u00f3ticos con brazo articulado y una l\u00ednea de productos Smart Yard en IFA 2025"},"content":{"rendered":"\n<div><img decoding=\"async\" src=\"https:\/\/img.europapress.es\/fotoweb\/fotonoticia_20250909020755_300.jpg\" class=\"ff-og-image-inserted\"><\/div>\n<p>(Informaci\u00f3n remitida por la empresa firmante)<\/p>\n<p>\nBERLIN, 9 de septiembre de 2025 \/PRNewswire\/ &#8212; NexLawn, una marca premium de MOVA que ofrece herramientas de jardiner\u00eda avanzadas y soluciones rob\u00f3ticas, hizo su debut mundial en IFA 2025 con tres innovadores productos rob\u00f3ticos para el cuidado del jard\u00edn: la Serie VIDAR, la Serie VIDAR AWD y el futurista Master X Vison. Juntos, estos modelos establecen nuevos est\u00e1ndares de seguridad, inteligencia y versatilidad en el cuidado aut\u00f3nomo del c\u00e9sped.<\/p>\n<p> \u00abNuestras Series VIDAR y VIDAR AWD demuestran el poder del LiDAR 3D y la visi\u00f3n estereosc\u00f3pica con IA para ofrecer un cuidado del c\u00e9sped de \u00faltima generaci\u00f3n\u00bb, afirm\u00f3 Jian Li, Director de Producto de NexLawn. \u00abDe cara al futuro, NexLawn planea expandir su ecosistema m\u00e1s all\u00e1 de los cortac\u00e9spedes rob\u00f3ticos, con innovaciones en herramientas de jardiner\u00eda inteligentes, limpiafondos rob\u00f3ticos y otras tecnolog\u00edas de jardiner\u00eda de \u00faltima generaci\u00f3n que se encuentran actualmente en desarrollo\u00bb.<\/p>\n<p> Las series VIDAR y VIDAR AWD se lanzar\u00e1n en Europa y Am\u00e9rica del Norte en la primavera de 2026. En la exposici\u00f3n, NexLawn se asoci\u00f3 con MOVA para mostrar innovaciones en jardines inteligentes. MOVA present\u00f3 sus herramientas de jardiner\u00eda y NexLawn destac\u00f3 sus planes futuros.<\/p>\n<p> NexLawn Master X: Redefiniendo la rob\u00f3tica para exteriores<\/p>\n<p>\nEl Master X Vison reinventa las posibilidades del cuidado aut\u00f3nomo de jardines, combinando movilidad avanzada con un brazo rob\u00f3tico totalmente integrado. Montado sobre un chasis con tracci\u00f3n en las cuatro ruedas de 25 cm de altura, el brazo se pliega a tan solo 44,5 cm y se extiende hasta 77 cm, alcanzando hasta 1 metro para realizar tareas complejas en exteriores con precisi\u00f3n.<\/p>\n<p> Con m\u00faltiples herramientas intercambiables, incluyendo una pinza m\u00faltiple, un cabezal de corte y un cabezal de disco de bordeado, el Master X va mucho m\u00e1s all\u00e1 de cortar el c\u00e9sped. Puede desherbar, recortar, recoger ramas y juguetes, cosechar frutas e incluso jugar a buscar con las mascotas.<\/p>\n<p> NexLawn VIDAR AWD: Potencia y precisi\u00f3n para jardines desafiantes<\/p>\n<p>\nDise\u00f1ada para \u00e1reas de hasta 3.000 m\u00b2, la serie VIDAR AWD combina un robusto rendimiento todoterreno con la tecnolog\u00eda NexDetect\u2122, que integra LiDAR 3D y visi\u00f3n estereosc\u00f3pica para un mapeo inal\u00e1mbrico de alta precisi\u00f3n y detecci\u00f3n de obst\u00e1culos. Supera pendientes de hasta el 80 %, recorta bordes con menos de 1,5 cm de c\u00e9sped sin cortar y detecta m\u00e1s de 300 tipos de obst\u00e1culos en tiempo real. Los usuarios controlan la altura de corte, los patrones y los ajustes de seguridad directamente a trav\u00e9s de la aplicaci\u00f3n NexLawn.<\/p>\n<p> Serie VIDAR de NexLawn: Compacta, inteligente y eficiente<\/p>\n<p>\nPara c\u00e9spedes medianos y grandes de hasta 2.000 m\u00b2, la serie VIDAR ofrece mapeo y navegaci\u00f3n avanzados en un formato m\u00e1s compacto. Gracias a LiDAR 3D y visi\u00f3n estereosc\u00f3pica, gestiona mapas duales para dise\u00f1os complejos, gestiona pendientes del 50 % y navega por caminos estrechos de 60 cm. Con la tecnolog\u00eda NexTrim\u2122, los bordes sin cortar se reducen a menos de 1 cm, minimizando as\u00ed los retoques posteriores al corte.<\/p>\n<p> Serie de herramientas de jardiner\u00eda de 60 V de MOVA: Donde la potencia se une a la inteligencia<\/p>\n<p>\nLa serie MOVA 60V est\u00e1 dise\u00f1ada para combinar inteligencia y potencia en una plataforma premium. Equipada con motores sin escobillas de alto par, una robusta construcci\u00f3n con clasificaci\u00f3n IPX4 y un avanzado sistema de bater\u00eda, esta gama ofrece un rendimiento similar al de un motor de gasolina, a la vez que se mantiene silenciosa, limpia y f\u00e1cil de usar.<\/p>\n<p> Desde el control adaptativo de la velocidad de las cuchillas hasta mejoras ergon\u00f3micas e interacciones digitales intuitivas, cada funci\u00f3n hace que el cuidado del c\u00e9sped sea m\u00e1s inteligente, seguro y sencillo. La conectividad con la aplicaci\u00f3n y las actualizaciones OTA garantizan la fiabilidad y la preparaci\u00f3n para el futuro de las herramientas.<\/p>\n<p> Los modelos insignia hacen realidad esta visi\u00f3n: la cortadora de c\u00e9sped autopropulsada GL620 con tecnolog\u00eda PaceMate\u2122 se ajusta naturalmente al ritmo de marcha del usuario para un corte suave y eficiente, mientras que la recortadora de c\u00e9sped GT616 integra un motor de accionamiento central EquiDrive\u2122 para una potencia de corte equilibrada y precisa.<\/p>\n<p> Dise\u00f1ada para el rendimiento y optimizada para la inteligencia, la serie MOVA 60V redefine el cuidado del c\u00e9sped premium, ofreciendo resultados de calidad profesional mediante un dise\u00f1o avanzado e innovaci\u00f3n.<\/p>\n<p> Foto &#8211; https:\/\/mma.prnewswire.com\/media\/2765427\/NexLawn_AWD_VIDAR_Series_Master_X.jpg<\/p>\n<p>\nFoto &#8212; https:\/\/mma.prnewswire.com\/media\/2765428\/MOVA_s_smart_garden_tools.jpg<\/p>\n<p>\nLogo &#8212; https:\/\/mma.prnewswire.com\/media\/2765434\/NexLawn_Logo.jpg<\/p>\n<p> View original content:https:\/\/www.prnewswire.com\/news-releases\/nexlawn-presenta-cortacesped-roboticos-con-brazo-articulado-y-una-linea-de-productos-smart-yard-en-ifa-2025-302549968.html<\/p>\n","protected":false},"excerpt":{"rendered":"<p>(Informaci\u00f3n remitida por la empresa firmante) BERLIN, 9 de septiembre de 2025 \/PRNewswire\/ &#8212; NexLawn, una marca premium de MOVA que ofrece herramientas de jardiner\u00eda avanzadas y soluciones rob\u00f3ticas, hizo su debut mundial en IFA 2025 con tres innovadores productos rob\u00f3ticos para el cuidado del jard\u00edn: la Serie VIDAR, la Serie VIDAR AWD y el [&hellip;]<\/p>\n","protected":false},"author":1,"featured_media":0,"comment_status":"closed","ping_status":"closed","sticky":false,"template":"","format":"standard","meta":{"footnotes":""},"categories":[2],"tags":[],"class_list":["post-63373","post","type-post","status-publish","format-standard","hentry","category-noticias"],"_links":{"self":[{"href":"https:\/\/webciudadana.net\/index.php?rest_route=\/wp\/v2\/posts\/63373","targetHints":{"allow":["GET"]}}],"collection":[{"href":"https:\/\/webciudadana.net\/index.php?rest_route=\/wp\/v2\/posts"}],"about":[{"href":"https:\/\/webciudadana.net\/index.php?rest_route=\/wp\/v2\/types\/post"}],"author":[{"embeddable":true,"href":"https:\/\/webciudadana.net\/index.php?rest_route=\/wp\/v2\/users\/1"}],"replies":[{"embeddable":true,"href":"https:\/\/webciudadana.net\/index.php?rest_route=%2Fwp%2Fv2%2Fcomments&post=63373"}],"version-history":[{"count":0,"href":"https:\/\/webciudadana.net\/index.php?rest_route=\/wp\/v2\/posts\/63373\/revisions"}],"wp:attachment":[{"href":"https:\/\/webciudadana.net\/index.php?rest_route=%2Fwp%2Fv2%2Fmedia&parent=63373"}],"wp:term":[{"taxonomy":"category","embeddable":true,"href":"https:\/\/webciudadana.net\/index.php?rest_route=%2Fwp%2Fv2%2Fcategories&post=63373"},{"taxonomy":"post_tag","embeddable":true,"href":"https:\/\/webciudadana.net\/index.php?rest_route=%2Fwp%2Fv2%2Ftags&post=63373"}],"curies":[{"name":"wp","href":"https:\/\/api.w.org\/{rel}","templated":true}]}}