{"id":63380,"date":"2025-09-09T09:14:45","date_gmt":"2025-09-09T07:14:45","guid":{"rendered":"https:\/\/ticker-noticiasep.microcontenidos.com\/NoticiaRSS.vbhtml?user=FRND562DLP&amp;cod=20250909091445"},"modified":"2025-09-09T09:14:45","modified_gmt":"2025-09-09T07:14:45","slug":"mundo-ifa-2025-dreame-presenta-nuevos-electrodomesticos-de-cocina-en-europa","status":"publish","type":"post","link":"https:\/\/webciudadana.net\/?p=63380","title":{"rendered":"Mundo: IFA 2025: Dreame presenta nuevos electrodom\u00e9sticos de cocina en Europa"},"content":{"rendered":"\n<div><img decoding=\"async\" src=\"https:\/\/img.europapress.es\/fotoweb\/fotonoticia_20250909091445_300.jpg\" class=\"ff-og-image-inserted\"><\/div>\n<p>(Informaci\u00f3n remitida por la empresa firmante)<\/p>\n<p>\n&#8211;IFA 2025: Dreame presenta nuevos electrodom\u00e9sticos de cocina para una vida eficiente y llena de sabor en Europa<\/p>\n<p>\nBERLIN, 9 de septiembre de 2025 \/PRNewswire\/ &#8212; En IFA 2025, celebrada del 5 al 9 de septiembre en Berl\u00edn, Dreame, reconocida por su ecosistema de soluciones inteligentes e innovadoras, marc\u00f3 un hito importante con su debut en el mercado europeo de peque\u00f1os electrodom\u00e9sticos de cocina. La compa\u00f1\u00eda present\u00f3 tres nuevas freidoras de aire: la Tasti\u2122 Portable Air Fryer, la Tasti\u2122 AF30, y la Tasti\u2122 DZ30, todas dise\u00f1adas para eliminar frustraciones comunes del consumidor, como controles complejos y funciones poco pr\u00e1cticas y llamativas, a la vez que promueven estilos de vida modernos y saludables en Europa.<\/p>\n<p> La serie Tasti cuenta con el sistema Dual-Source Cyclonic Heat\u2122 de 360\u00b0, que combina un conducto de aire en espiral y elementos calefactores inferiores para un flujo de aire uniforme. Esta innovaci\u00f3n conserva el sabor y ofrece resultados crujientes y dorados sin necesidad de dar la vuelta. Su preciso control de temperatura NTC evita el sobrecalentamiento y las quemaduras en los bordes, a la vez que favorece la liberaci\u00f3n del exceso de grasas y aceites, ofreciendo una alternativa m\u00e1s saludable y baja en grasas a la fritura convencional.<\/p>\n<p> Para los consumidores europeos, incluyendo familias, profesionales solteros y entusiastas del fitness, que buscan comidas que equilibren practicidad, nutrici\u00f3n, salud y sabor, la serie Tasti emerge como una opci\u00f3n destacada.<\/p>\n<p> La Tasti\u2122 Portable Air Fryer combina salud, practicidad y estilo en un dise\u00f1o compacto. Con opciones de dos recipientes (2,5 L y 4,5 L) y tecnolog\u00eda de aire caliente c\u00edclico 3D, garantiza resultados crujientes y uniformes, sin necesidad de dar la vuelta. Con un recipiente de vidrio seguro y sin revestimiento, c\u00e1mara de vapor incorporada, cinco ajustes preestablecidos inteligentes y visualizaci\u00f3n panor\u00e1mica, esta vers\u00e1til freidora de aire tambi\u00e9n funciona como una lonchera port\u00e1til para comidas saludables en cualquier momento.<\/p>\n<p> Dise\u00f1ada para personas ocupadas y amantes del buen gusto, la Tasti\u2122 AF30 mejora su sistema de calor cicl\u00f3nico central con la tecnolog\u00eda SmartSteam 3X Infuse\u2122 Crisp-Tender. Esta funci\u00f3n funciona como un tratamiento de spa para los alimentos, manteni\u00e9ndolos jugosos a la vez que crea una capa exterior crujiente, para que cada bocado quede tierno por dentro sin la sequedad que suele acompa\u00f1ar a los platos fritos al aire.<\/p>\n<p> Con funcionalidad 6 en 1 y preajustes inteligentes, agiliza la cocci\u00f3n gracias a su algoritmo adaptativo que ajusta la configuraci\u00f3n para obtener resultados perfectos. Preparando comidas hasta un 55 % m\u00e1s r\u00e1pido que los hornos tradicionales, la AF30 es la opci\u00f3n ideal para familias que buscan una comida r\u00e1pida, saludable y sabrosa.<\/p>\n<p> Con una capacidad de doble zona de 11 L, l\u00edder en el mercado, la Tasti\u2122 DZ30 se adapta a todo, desde comidas familiares diarias hasta grandes reuniones sociales. Su dise\u00f1o sim\u00e9trico de doble fuente permite cocinar dos platos de forma independiente, ahorrando tiempo y equilibrando los sabores. Adem\u00e1s, el modo de secado a baja temperatura y de \u00e1rea amplia de DZ30 tambi\u00e9n permite preparar frutas secas caseras y sin aditivos con facilidad.<\/p>\n<p> M\u00e1s all\u00e1 del rendimiento, tanto la AF30 como la DZ30 priorizan la seguridad y la durabilidad. Su revestimiento de grado alimenticio, certificado por m\u00faltiples est\u00e1ndares, no emite sustancias con fl\u00faor al calentarse. Resistentes a 10.000 lavados con lana de acero, ambos modelos ofrecen una resistencia excepcional y una limpieza sencilla para el uso diario.<\/p>\n<p> Al combinar tecnolog\u00eda patentada, un dise\u00f1o centrado en el usuario y un firme compromiso con la salud y la comodidad, las freidoras de aire de la serie Tasti de Dreame y sus otros peque\u00f1os electrodom\u00e9sticos de cocina, como cafeteras y batidoras, est\u00e1n bien posicionados para convertirse en los compa\u00f1eros de cocina de confianza de los consumidores europeos, que cada vez buscan m\u00e1s electrodom\u00e9sticos que faciliten una alimentaci\u00f3n saludable sin sacrificar el sabor ni el tiempo.<\/p>\n<p> Para m\u00e1s informaci\u00f3n, visite www.dreametech.com o siga a Dreame Kitchen Appliances en Instagram (https:\/\/www.instagram.com\/dreame.cuisinelab\/) y TikTok (https:\/\/www.tiktok.com\/@dreame.cuisinelab).<\/p>\n<p> Foto &#8211; https:\/\/mma.prnewswire.com\/media\/2766637\/IMG_2912.jpg<\/p>\n<p> View original content:https:\/\/www.prnewswire.com\/news-releases\/ifa-2025-dreame-presenta-nuevos-electrodomesticos-de-cocina-en-europa-302550356.html<\/p>\n","protected":false},"excerpt":{"rendered":"<p>(Informaci\u00f3n remitida por la empresa firmante) &#8211;IFA 2025: Dreame presenta nuevos electrodom\u00e9sticos de cocina para una vida eficiente y llena de sabor en Europa BERLIN, 9 de septiembre de 2025 \/PRNewswire\/ &#8212; En IFA 2025, celebrada del 5 al 9 de septiembre en Berl\u00edn, Dreame, reconocida por su ecosistema de soluciones inteligentes e innovadoras, marc\u00f3 [&hellip;]<\/p>\n","protected":false},"author":1,"featured_media":0,"comment_status":"closed","ping_status":"closed","sticky":false,"template":"","format":"standard","meta":{"footnotes":""},"categories":[2],"tags":[],"class_list":["post-63380","post","type-post","status-publish","format-standard","hentry","category-noticias"],"_links":{"self":[{"href":"https:\/\/webciudadana.net\/index.php?rest_route=\/wp\/v2\/posts\/63380","targetHints":{"allow":["GET"]}}],"collection":[{"href":"https:\/\/webciudadana.net\/index.php?rest_route=\/wp\/v2\/posts"}],"about":[{"href":"https:\/\/webciudadana.net\/index.php?rest_route=\/wp\/v2\/types\/post"}],"author":[{"embeddable":true,"href":"https:\/\/webciudadana.net\/index.php?rest_route=\/wp\/v2\/users\/1"}],"replies":[{"embeddable":true,"href":"https:\/\/webciudadana.net\/index.php?rest_route=%2Fwp%2Fv2%2Fcomments&post=63380"}],"version-history":[{"count":0,"href":"https:\/\/webciudadana.net\/index.php?rest_route=\/wp\/v2\/posts\/63380\/revisions"}],"wp:attachment":[{"href":"https:\/\/webciudadana.net\/index.php?rest_route=%2Fwp%2Fv2%2Fmedia&parent=63380"}],"wp:term":[{"taxonomy":"category","embeddable":true,"href":"https:\/\/webciudadana.net\/index.php?rest_route=%2Fwp%2Fv2%2Fcategories&post=63380"},{"taxonomy":"post_tag","embeddable":true,"href":"https:\/\/webciudadana.net\/index.php?rest_route=%2Fwp%2Fv2%2Ftags&post=63380"}],"curies":[{"name":"wp","href":"https:\/\/api.w.org\/{rel}","templated":true}]}}