{"id":63386,"date":"2025-09-09T08:25:09","date_gmt":"2025-09-09T06:25:09","guid":{"rendered":"https:\/\/ticker-noticiasep.microcontenidos.com\/NoticiaRSS.vbhtml?user=FRND562DLP&amp;cod=20250909082509"},"modified":"2025-09-09T08:25:09","modified_gmt":"2025-09-09T06:25:09","slug":"mundo-uwaaudio-vivid-avanza-hacia-los-flujos-de-trabajo-profesionales-lideres-en-el-mundo-con-avid-en-ibc-2025","status":"publish","type":"post","link":"https:\/\/webciudadana.net\/?p=63386","title":{"rendered":"Mundo: UWA:Audio Vivid avanza hacia los flujos de trabajo profesionales l\u00edderes en el mundo con Avid en IBC 2025"},"content":{"rendered":"\n<div><img decoding=\"async\" src=\"https:\/\/img.europapress.es\/fotoweb\/fotonoticia_20250909082509_300.jpg\" class=\"ff-og-image-inserted\"><\/div>\n<p>(Informaci\u00f3n remitida por la empresa firmante)<\/p>\n<p>\nPAR\u00cdS, 9 de septiembre de 2025 \/PRNewswire\/ &#8212; La Asociaci\u00f3n Mundial UHD (UWA) se enorgullece de anunciar una colaboraci\u00f3n t\u00e9cnica con Avid\u00ae que integra el est\u00e1ndar Audio Vivid en el ecosistema Pro Tools\u00ae. Por primera vez, Avid presentar\u00e1 en IBC 2025 una estaci\u00f3n de trabajo Pro Tools especialmente configurada y compatible con Audio Vivid, lo que marca un hito importante para este formato de audio abierto e inmersivo para flujos de trabajo profesionales de postproducci\u00f3n y transmisi\u00f3n. La UWA es una de las primeras organizaciones en integrarse con el SDK inmersivo de Avid, liderando una fusi\u00f3n profunda entre la producci\u00f3n de audio espacial y las estaciones de trabajo Pro Tools.<\/p>\n<p> En el expositor de Avid, los expertos t\u00e9cnicos demostrar\u00e1n c\u00f3mo Pro Tools admite el formato Audio Vivid, ofreciendo a los visitantes una mirada de primera mano al nuevo flujo de trabajo, mientras que el lanzamiento oficial de Audio Vivid dentro de Pro Tools se realizar\u00e1 pr\u00f3ximamente.<\/p>\n<p> La UWA tambi\u00e9n ofrecer\u00e1 demostraciones exclusivas en su expositor (3C.48), incluyendo una sala inmersiva de Audio y HDR Vivid, que ilustra c\u00f3mo estos est\u00e1ndares abiertos e interoperables pueden transformar los flujos de trabajo profesionales de audio y video. El 13 de septiembre, de 16:00 a 18:00 h, la UWA celebrar\u00e1 una \u00abHora Feliz\u00bb, con el estreno de un video de demostraci\u00f3n que muestra la integraci\u00f3n del SDK de Audio Vivid con Avid, junto con los \u00faltimos avances del ecosistema Vivid.<\/p>\n<p> \u00abLa exitosa integraci\u00f3n de Audio Vivid en el ecosistema Pro Tools marca un hito importante en el avance de la tecnolog\u00eda de audio inmersivo, desde su creaci\u00f3n como est\u00e1ndar hasta su adopci\u00f3n generalizada en la industria. Gracias a esta estrecha colaboraci\u00f3n con Avid, la arquitectura t\u00e9cnica abierta se combina con un rendimiento profesional de primer nivel, estableciendo un nuevo referente mundial en flujos de trabajo de audio inmersivo. Al mismo tiempo, abre un canal vital para que Audio Vivid consolide su presencia en el mercado global y se conecte con el ecosistema internacional de creaci\u00f3n profesional, impulsando a\u00fan m\u00e1s la industria global del audio hacia una experiencia inmersiva de mayor nivel\u00bb, coment\u00f3 Vincent Zhang, secretario general de la UWA.<\/p>\n<p> \u00abIncorporar Audio Vivid a Pro Tools a trav\u00e9s de nuestro SDK inmersivo refleja el compromiso de Avid con los est\u00e1ndares abiertos y la innovaci\u00f3n. Esta integraci\u00f3n permite compatibilidad nativa con flujos de trabajo de audio espacial basados en objetos, lo que proporciona a los profesionales nuevas y potentes herramientas para la producci\u00f3n inmersiva\u00bb, afirm\u00f3Chris Winsor, director de Gesti\u00f3n de Productos de Avid.<\/p>\n<p> Para m\u00e1s informaci\u00f3n o para seguir a UWA news:<\/p>\n<blockquote class=\"wp-embedded-content\" data-secret=\"7lkAOZk5PM\"><p><a href=\"https:\/\/uhd-world-association.com\/\">Welcome to UWA<\/a><\/p><\/blockquote>\n<p><iframe loading=\"lazy\" class=\"wp-embedded-content\" sandbox=\"allow-scripts\" security=\"restricted\" style=\"position: absolute; clip: rect(1px, 1px, 1px, 1px);\" title=\"&#8220;Welcome to UWA&#8221; &#8212; UHD World Association (UWA)\" src=\"https:\/\/uhd-world-association.com\/embed\/#?secret=27hKAVU8VJ#?secret=7lkAOZk5PM\" data-secret=\"7lkAOZk5PM\" width=\"600\" height=\"338\" frameborder=\"0\" marginwidth=\"0\" marginheight=\"0\" scrolling=\"no\"><\/iframe><\/p>\n<p>\nwww.linkedin.com\/company\/uhd-world-association<\/p>\n<p>\nPara m\u00e1s informaci\u00f3n sobreAvid Technology, Inc.: <\/p>\n<p>\nhttps:\/\/www.avid.com\/<\/p>\n<p>\nContacto de prensa de UWA:<\/p>\n<p>\nPopSpirit agency<\/p>\n<p>\nT.: +33(0)1 42 93 44 56<\/p>\n<p>\nIsabelle LEBAUPAIN \u2013 isabelle@pop-spirit.com<\/p>\n<p>\nLucie HENRY \u2013 lucie@pop-spirit.com<\/p>\n<p>\nFoto &#8211;https:\/\/mma.prnewswire.com\/media\/2767309\/UWA.jpg<\/p>\n<p>\nLogo &#8212; https:\/\/mma.prnewswire.com\/media\/2767308\/5497348\/UWA_Logo.jpg<\/p>\n<p> View original content:https:\/\/www.prnewswire.com\/news-releases\/uwaaudio-vivid-avanza-hacia-los-flujos-de-trabajo-profesionales-lideres-en-el-mundo-con-avid-en-ibc-2025-302550289.html<\/p>\n","protected":false},"excerpt":{"rendered":"<p>(Informaci\u00f3n remitida por la empresa firmante) PAR\u00cdS, 9 de septiembre de 2025 \/PRNewswire\/ &#8212; La Asociaci\u00f3n Mundial UHD (UWA) se enorgullece de anunciar una colaboraci\u00f3n t\u00e9cnica con Avid\u00ae que integra el est\u00e1ndar Audio Vivid en el ecosistema Pro Tools\u00ae. Por primera vez, Avid presentar\u00e1 en IBC 2025 una estaci\u00f3n de trabajo Pro Tools especialmente configurada [&hellip;]<\/p>\n","protected":false},"author":1,"featured_media":0,"comment_status":"closed","ping_status":"closed","sticky":false,"template":"","format":"standard","meta":{"footnotes":""},"categories":[2],"tags":[],"class_list":["post-63386","post","type-post","status-publish","format-standard","hentry","category-noticias"],"_links":{"self":[{"href":"https:\/\/webciudadana.net\/index.php?rest_route=\/wp\/v2\/posts\/63386","targetHints":{"allow":["GET"]}}],"collection":[{"href":"https:\/\/webciudadana.net\/index.php?rest_route=\/wp\/v2\/posts"}],"about":[{"href":"https:\/\/webciudadana.net\/index.php?rest_route=\/wp\/v2\/types\/post"}],"author":[{"embeddable":true,"href":"https:\/\/webciudadana.net\/index.php?rest_route=\/wp\/v2\/users\/1"}],"replies":[{"embeddable":true,"href":"https:\/\/webciudadana.net\/index.php?rest_route=%2Fwp%2Fv2%2Fcomments&post=63386"}],"version-history":[{"count":0,"href":"https:\/\/webciudadana.net\/index.php?rest_route=\/wp\/v2\/posts\/63386\/revisions"}],"wp:attachment":[{"href":"https:\/\/webciudadana.net\/index.php?rest_route=%2Fwp%2Fv2%2Fmedia&parent=63386"}],"wp:term":[{"taxonomy":"category","embeddable":true,"href":"https:\/\/webciudadana.net\/index.php?rest_route=%2Fwp%2Fv2%2Fcategories&post=63386"},{"taxonomy":"post_tag","embeddable":true,"href":"https:\/\/webciudadana.net\/index.php?rest_route=%2Fwp%2Fv2%2Ftags&post=63386"}],"curies":[{"name":"wp","href":"https:\/\/api.w.org\/{rel}","templated":true}]}}