{"id":63388,"date":"2025-09-09T13:53:43","date_gmt":"2025-09-09T11:53:43","guid":{"rendered":"https:\/\/ticker-noticiasep.microcontenidos.com\/NoticiaRSS.vbhtml?user=FRND562DLP&amp;cod=20250909135343"},"modified":"2025-09-09T13:53:43","modified_gmt":"2025-09-09T11:53:43","slug":"mundo-patrick-hemingway-ultimo-hijo-con-vida-del-premio-nobel-ernest-hemingway-fallecio-a-los-97-anos","status":"publish","type":"post","link":"https:\/\/webciudadana.net\/?p=63388","title":{"rendered":"Mundo: Patrick Hemingway, \u00faltimo hijo con vida del premio Nobel Ernest Hemingway, falleci\u00f3 a los 97 a\u00f1os"},"content":{"rendered":"\n<div><img decoding=\"async\" src=\"https:\/\/img.europapress.es\/fotoweb\/fotonoticia_20250909135343_300.jpg\" class=\"ff-og-image-inserted\"><\/div>\n<p>(Informaci\u00f3n remitida por la empresa firmante)<\/p>\n<p>\n&#8211;Patrick Hemingway, escritor estadounidense, conservacionista de la vida silvestre y \u00faltimo hijo con vida el premio Nobel Ernest Hemingway, falleci\u00f3 a los 97 a\u00f1os<\/p>\n<p>\nHemingway, al igual que su difunto padre, fue un ciudadano global y un aventurero de la vida<\/p>\n<p>\nNUEVA YORK, 9 de septiembre de 2025 \/PRNewswire\/ &#8212; Collective 222, LLC &#8212; Patrick Hemingway, reconocido escritor, conservacionista de la vida silvestre y segundo hijo del legendario icono literario Ernest Hemingway, muri\u00f3 pac\u00edficamente el martes por la noche en su casa de Bozeman, Montana.<\/p>\n<p> Tras la p\u00e9rdida de su abuelo, Patrick Hemingway Adams declar\u00f3: \u00abMi abuelo era aut\u00e9ntico: una paradoja descomunal del viejo mundo; un so\u00f1ador consumado con un cerebro cient\u00edfico. Hablaba media docena de idiomas y resolv\u00eda complicados problemas matem\u00e1ticos por diversi\u00f3n, pero su pasi\u00f3n pertenec\u00eda a las artes escritas y visuales\u00bb.<\/p>\n<p> Patrick Hemingway naci\u00f3 en Kansas City, Missouri, el 28 de junio de 1928 y pas\u00f3 su juventud en Cuba y Cayo Hueso, Florida. A menudo, en aventuras con su padre en su barco, Pilar, participaban en cacer\u00edas espont\u00e1neas de submarinos alemanes por el Caribe durante la Segunda Guerra Mundial. Hemingway estudi\u00f3 en las Universidades de Stanford y Harvard, convirti\u00e9ndose esta \u00faltima en su alma m\u00e1ter en 1950, donde se licenci\u00f3 en Historia y Literatura.<\/p>\n<p> Hemingway comenz\u00f3 su carrera dedicado a la ense\u00f1anza de la vida silvestre en el Colegio de Gesti\u00f3n de la Vida Silvestre Africana en Tanzania, donde form\u00f3 a los primeros guardabosques africanos para el reci\u00e9n formado pa\u00eds. Adem\u00e1s, trabaj\u00f3 como oficial forestal en la Organizaci\u00f3n de las Naciones Unidas para la Alimentaci\u00f3n y la Agricultura (FAO) en representaci\u00f3n de las Naciones Unidas.<\/p>\n<p> Tras el fallecimiento de su madre, Pauline Pfeiffer, en 1951, a la edad de 23 a\u00f1os, canaliz\u00f3 su pasi\u00f3n por la agricultura en su granja de Tanzania, donde posteriormente se traslad\u00f3 con su primera esposa, Henrietta Broyles. Patrick alcanz\u00f3 reconocimiento mundial por sus safaris y expediciones, sirviendo como gu\u00eda, experto y guardabosques honorario en el \u00c1frica Oriental Brit\u00e1nica.<\/p>\n<p> La labor de Patrick en la gesti\u00f3n del legado de su padre comenz\u00f3 a principios de la d\u00e9cada de 1970 y continu\u00f3 hasta su fallecimiento. Sus contribuciones incluyen la edici\u00f3n y la finalizaci\u00f3n del notable libro de su difunto padre, True at First Light, cuyo manuscrito se conserva en los Archivos Hemingway de la Biblioteca John F. Kennedy. Aport\u00f3 una perspectiva hist\u00f3rica y literaria a la colecci\u00f3n de la Biblioteca Hemingway, que incluye Green Hills of Africa, The Sun Also Rises, A Moveable Feast, A Farewell to Arms, Hemingway on Hunting, y Hemingway on War. En 2022, Patrick, junto con sus sobrinos Brendan Hemingway y Stephen Hemingway Adams, recopil\u00f3 d\u00e9cadas de cartas que intercambi\u00f3 con su padre, publicadas como Dear Papa: The Letters of Patrick and Ernest Hemingway.<\/p>\n<p> En respuesta a la preservaci\u00f3n del legado literario de su padre por parte de Patrick, Angela Hemingway Charles, fundadora y presidenta de la junta directiva de Hemingway Ltd., rindi\u00f3 homenaje a su difunto cu\u00f1ado: \u00abLa vida de Patrick fue un testimonio de los valores que hered\u00f3 de su padre y que hizo suyos: integridad, aventura y un profundo respeto por el mundo natural y literario. Su fallecimiento marca el cierre de un cap\u00edtulo extraordinario en la familia Hemingway, y su legado perdurar\u00e1 a trav\u00e9s de la obra que defendi\u00f3 y las vidas que conmovi\u00f3\u00bb.<\/p>\n<p> En 2023, Patrick y su segunda esposa, Carol, establecieron la Beca Residente Patrick y Carol T. Hemingway en la Biblioteca John F. Kennedy. Adem\u00e1s, particip\u00f3 en el Foro de la Biblioteca en 2006, donde convers\u00f3 sobre su vida, el legado de su famoso padre y sus contribuciones a la conservaci\u00f3n de la vida silvestre en \u00c1frica.<\/p>\n<p> Le sobreviven su hija, Edwina Hemingway, cuatro nietos, siete bisnietos y varios sobrinos y sobrinas.<\/p>\n<p> Los planes para una celebraci\u00f3n p\u00fablica de su vida se anunciar\u00e1n pr\u00f3ximamente.<\/p>\n<p> Para obtener m\u00e1s informaci\u00f3n, consultas de prensa o solicitar una entrevista con un miembro de la familia Hemingway, comun\u00edquese con Bettina L. Klinger, portavoz oficial de la familia y fundadora y consejera delegada de Collective 222, la Agencia de Registro y Firma de Licencias de Hemingway Ltd.<\/p>\n<p> Bettina L. Klinger<\/p>\n<p>\nbettina@collective222.net<\/p>\n<p>\n917&#8211;930-8654<\/p>\n<p>\nErnestHemingwayOfficial.com<\/p>\n<p>\n@ernest.hemingway.official<\/p>\n<p>\nFoto &#8212; https:\/\/mma.prnewswire.com\/media\/2766262\/Patrick_Hemingway_Circa_1970.jpg<\/p>\n<p>\nFoto &#8212; https:\/\/mma.prnewswire.com\/media\/2766263\/Patrick_Jack_Ernest_and_Gregory_at_Club_de_Cazadores_Cuba_Ernest_Hemingway_Collection_JFK_Presidenti.jpg<\/p>\n<p>\nFoto &#8212; https:\/\/mma.prnewswire.com\/media\/2766264\/Patrick_Hemingway_Circa_1969_Kilimanjaro_Hemingway_Family_Archive.jpg<\/p>\n<p>\nFoto &#8212; https:\/\/mma.prnewswire.com\/media\/2766321\/Hemingway_Collective_222_Logo.jpg<\/p>\n<p> View original content:https:\/\/www.prnewswire.com\/news-releases\/patrick-hemingway-ultimo-hijo-con-vida-del-premio-nobel-ernest-hemingway-fallecio-a-los-97-anos-302550793.html<\/p>\n","protected":false},"excerpt":{"rendered":"<p>(Informaci\u00f3n remitida por la empresa firmante) &#8211;Patrick Hemingway, escritor estadounidense, conservacionista de la vida silvestre y \u00faltimo hijo con vida el premio Nobel Ernest Hemingway, falleci\u00f3 a los 97 a\u00f1os Hemingway, al igual que su difunto padre, fue un ciudadano global y un aventurero de la vida NUEVA YORK, 9 de septiembre de 2025 \/PRNewswire\/ [&hellip;]<\/p>\n","protected":false},"author":1,"featured_media":0,"comment_status":"closed","ping_status":"closed","sticky":false,"template":"","format":"standard","meta":{"footnotes":""},"categories":[2],"tags":[],"class_list":["post-63388","post","type-post","status-publish","format-standard","hentry","category-noticias"],"_links":{"self":[{"href":"https:\/\/webciudadana.net\/index.php?rest_route=\/wp\/v2\/posts\/63388","targetHints":{"allow":["GET"]}}],"collection":[{"href":"https:\/\/webciudadana.net\/index.php?rest_route=\/wp\/v2\/posts"}],"about":[{"href":"https:\/\/webciudadana.net\/index.php?rest_route=\/wp\/v2\/types\/post"}],"author":[{"embeddable":true,"href":"https:\/\/webciudadana.net\/index.php?rest_route=\/wp\/v2\/users\/1"}],"replies":[{"embeddable":true,"href":"https:\/\/webciudadana.net\/index.php?rest_route=%2Fwp%2Fv2%2Fcomments&post=63388"}],"version-history":[{"count":0,"href":"https:\/\/webciudadana.net\/index.php?rest_route=\/wp\/v2\/posts\/63388\/revisions"}],"wp:attachment":[{"href":"https:\/\/webciudadana.net\/index.php?rest_route=%2Fwp%2Fv2%2Fmedia&parent=63388"}],"wp:term":[{"taxonomy":"category","embeddable":true,"href":"https:\/\/webciudadana.net\/index.php?rest_route=%2Fwp%2Fv2%2Fcategories&post=63388"},{"taxonomy":"post_tag","embeddable":true,"href":"https:\/\/webciudadana.net\/index.php?rest_route=%2Fwp%2Fv2%2Ftags&post=63388"}],"curies":[{"name":"wp","href":"https:\/\/api.w.org\/{rel}","templated":true}]}}