{"id":63392,"date":"2025-09-09T12:52:17","date_gmt":"2025-09-09T10:52:17","guid":{"rendered":"https:\/\/ticker-noticiasep.microcontenidos.com\/NoticiaRSS.vbhtml?user=FRND562DLP&amp;cod=20250909125217"},"modified":"2025-09-09T12:52:17","modified_gmt":"2025-09-09T10:52:17","slug":"salud-experto-de-uic-barcelona-alerta-de-los-riesgos-de-la-ia-en-salud-mental-y-pide-mayor-consciencia-y-regulacion","status":"publish","type":"post","link":"https:\/\/webciudadana.net\/?p=63392","title":{"rendered":"Salud: Experto de UIC Barcelona alerta de los riesgos de la IA en salud mental y pide mayor consciencia y regulaci\u00f3n"},"content":{"rendered":"\n<div><img decoding=\"async\" src=\"https:\/\/img.europapress.es\/fotoweb\/fotonoticia_20250909125217_300.jpg\" class=\"ff-og-image-inserted\"><\/div>\n<p>(Informaci\u00f3n remitida por la empresa firmante)<\/p>\n<p> El profesor e investigador del departamento de Medicina de UIC Barcelona Pere Castellv\u00ed asegura que el riesgo de esta herramienta es que \u00abvalide conductas nocivas o que incluso aliente la desesperanza\u00bb, en relaci\u00f3n a la denuncia contra Chat GPT de una familia de Estados Unidos.<\/p>\n<p>\nEl especialista recuerda que la IA \u00abnunca debe sustituir el acompa\u00f1amiento humano\u00bb sino que debe ser \u00abun complemento bajo control \u00e9tico y cl\u00ednico\u00bb para \u00abproteger especialmente a j\u00f3venes y adolescentes, que son los m\u00e1s vulnerables\u00bb.<\/p>\n<p>\nLa psic\u00f3loga general sanitaria y docente del departamento de Psicolog\u00eda de UIC Barcelona Andrea Lastra advierte de un aumento de suicidios entre los adolescentes y la poblaci\u00f3n joven a causa de \u00abla presi\u00f3n social y el acoso escolar, trastornos de salud mental, una inestabilidad emocional propia de la edad y\/o factores familiares\u00bb.<\/p>\n<p> Barcelona, 9 de septiembre de 2025.- El profesor e investigador del departamento de Medicina de UIC Barcelona, Pere Castellv\u00ed, ha advertido hoy del \u00abpeligro\u00bb que supone la Inteligencia Artificial \u00aben la inducci\u00f3n al suicidio\u00bb, con motivo del D\u00eda Mundial para la Prevenci\u00f3n del Suicidio, que se celebra el 10 de septiembre. Seg\u00fan el especialista, esta herramienta \u00abpuede validar conductas nocivas e incluso alentar la desesperanza\u00bb.<\/p>\n<p> Tras la denuncia contra Chat GPT de unos padres en Estados Unidos por considerar que indujo a su hijo al suicidio anim\u00e1ndole a quitarse la vida, Castellv\u00ed ha explicado que la IA \u00abpuede simular empat\u00eda y ofrecer respuestas convincentes buscando complacer al sujeto en vez de protegerlo\u00bb y ha recordado que esta herramienta \u00abcarece de juicio humano y de comprensi\u00f3n emocional real\u00bb, por lo que \u00abpuede ser un peligro\u00bb.<\/p>\n<p> Por ello, este especialista ha insistido en que se establezcan \u00abmecanismos de supervisi\u00f3n, regulaciones estrictas y mecanismos de protecci\u00f3n t\u00e9cnicas, como filtros, alertas autom\u00e1ticas y la posibilidad de derivar a ayuda profesional inmediata\u00bb con el objetivo de proteger a la poblaci\u00f3n, sobre todo a los m\u00e1s vulnerables, los adolescentes. En su opini\u00f3n, la IA \u00abnunca debe sustituir el acompa\u00f1amiento humano, sino ser un complemento bajo control \u00e9tico y cl\u00ednico\u00bb.<\/p>\n<p> 4.000 muertos por suicidio cada a\u00f1o en Espa\u00f1a.<\/p>\n<p> Por su parte, la psic\u00f3loga general sanitaria y docente del departamento de Psicolog\u00eda de UIC Barcelona Andrea Lastra ha recordado que en Espa\u00f1a cerca de 4.000 personas mueren cada a\u00f1o por suicidio, seg\u00fan el Instituto Nacional de Estad\u00edstica (INE). Lastra ha destacado que en los \u00faltimos a\u00f1os se ha detectado un aumento de suicidios entre los adolescentes y la poblaci\u00f3n joven, una situaci\u00f3n que ha atribuido \u00aba la presi\u00f3n social y el acoso escolar, a trastornos de salud mental, a una inestabilidad emocional propia de la edad y a factores familiares\u00bb.<\/p>\n<p> Las personas mayores suponen otro colectivo con un mayor riesgo de suicidio debido a la soledad no deseada y el aislamiento social. En este sentido, ha explicado que \u00aben algunos casos, esta situaci\u00f3n puede llevar a la depresi\u00f3n y aumentar el riesgo de suicidio\u00bb, aunque ha recordado que \u00abafortunadamente se han ido implementado algunos programas de apoyo para combatir el aislamiento\u00bb.<\/p>\n<p> La profesora de UIC Barcelona ha celebrado que la poblaci\u00f3n est\u00e9 cada vez m\u00e1s concienciada de la necesidad de pedir ayuda y acudir al psic\u00f3logo ante determinados problemas o trastornos, \u00absobre todo la poblaci\u00f3n joven\u00bb. \u00abAunque sigue existiendo cierto estigma, cada vez m\u00e1s personas reconocen la importancia de cuidar la salud mental y ven la psicoterapia como una herramienta \u00fatil, no s\u00f3lo para tratar trastornos sino tambi\u00e9n para mejorar el bienestar general\u00bb.<\/p>\n<p>\nM\u00e1s recursos en salud mental.<\/p>\n<p> Para fomentar este apoyo y dar una respuesta r\u00e1pida a los pacientes, Pere Castellv\u00ed ha abogado por una mayor inversi\u00f3n en salud mental, ya que \u00aba menudo se priorizan otros \u00e1mbitos de la salud\u00bb y \u00e9sta queda \u00aben un segundo plano\u00bb.<\/p>\n<p> Tambi\u00e9n ha reclamado que tanto los m\u00e9dicos como otros profesionales de la salud primaria \u00abpuedan tener m\u00e1s formaci\u00f3n\u00bb en este \u00e1mbito, as\u00ed como el apoyo de equipos especializados. De este modo, seg\u00fan el especialista, \u00abpodr\u00eda lograrse una identificaci\u00f3n m\u00e1s temprana de los trastornos y, con ello, una intervenci\u00f3n m\u00e1s r\u00e1pida\u00bb.<\/p>\n<p> Castellv\u00ed ha animado a la poblaci\u00f3n a cuidar de su salud mental y, para ello, ha asegurado que es recomendable fomentar las relaciones sociales, hacer actividad f\u00edsica de forma regular, seguir una dieta saludable, gestionar el estr\u00e9s con t\u00e9cnicas de relajaci\u00f3n, buscar ayuda cuando sea necesario y encontrar un prop\u00f3sito o sentido en la vida.<\/p>\n<p>\nSobre UIC Barcelona.<\/p>\n<p> La Universitat Internacional de Catalunya (UIC Barcelona) naci\u00f3 en 1997 con el objetivo de ofrecer una formaci\u00f3n universitaria de calidad y promover la investigaci\u00f3n como servicio a la sociedad. Ligada al mundo empresarial y con un marcado car\u00e1cter internacional, imparte 16 grados, 8 dobles grados, una treintena de dobles titulaciones internacionales y una amplia oferta de programas de posgrado en sus dos campus, situados en Barcelona y Sant Cugat del Vall\u00e8s.<\/p>\n<p> Como parte de su compromiso con la sociedad, UIC Barcelona tambi\u00e9n cuenta con tres cl\u00ednicas universitarias ubicadas en el Campus Sant Cugat: la Cl\u00ednica Universitaria de Odontolog\u00eda, Support &#8211; Cl\u00ednica Universitaria de Psicolog\u00eda y Psiquiatr\u00eda, y Cuides UIC Barcelona, centrada en la atenci\u00f3n a pacientes con enfermedades avanzadas y cuidados paliativos.<\/p>\n<p>\nMarta Gonz\u00e1lez Mart\u00ednez.<\/p>\n<p>\nResponsable de Comunicaci\u00f3n Campus Sant Cugat.<\/p>\n<p>\nT. +34 935 042 000. Ext: 5153 \/ 675 78 34 18.<\/p>\n<p>\nJosep Trueta, s\/n 08195 Sant Cugat del Vall\u00e8s.<\/p>\n","protected":false},"excerpt":{"rendered":"<p>(Informaci\u00f3n remitida por la empresa firmante) El profesor e investigador del departamento de Medicina de UIC Barcelona Pere Castellv\u00ed asegura que el riesgo de esta herramienta es que \u00abvalide conductas nocivas o que incluso aliente la desesperanza\u00bb, en relaci\u00f3n a la denuncia contra Chat GPT de una familia de Estados Unidos. El especialista recuerda que [&hellip;]<\/p>\n","protected":false},"author":1,"featured_media":0,"comment_status":"closed","ping_status":"closed","sticky":false,"template":"","format":"standard","meta":{"footnotes":""},"categories":[2],"tags":[],"class_list":["post-63392","post","type-post","status-publish","format-standard","hentry","category-noticias"],"_links":{"self":[{"href":"https:\/\/webciudadana.net\/index.php?rest_route=\/wp\/v2\/posts\/63392","targetHints":{"allow":["GET"]}}],"collection":[{"href":"https:\/\/webciudadana.net\/index.php?rest_route=\/wp\/v2\/posts"}],"about":[{"href":"https:\/\/webciudadana.net\/index.php?rest_route=\/wp\/v2\/types\/post"}],"author":[{"embeddable":true,"href":"https:\/\/webciudadana.net\/index.php?rest_route=\/wp\/v2\/users\/1"}],"replies":[{"embeddable":true,"href":"https:\/\/webciudadana.net\/index.php?rest_route=%2Fwp%2Fv2%2Fcomments&post=63392"}],"version-history":[{"count":0,"href":"https:\/\/webciudadana.net\/index.php?rest_route=\/wp\/v2\/posts\/63392\/revisions"}],"wp:attachment":[{"href":"https:\/\/webciudadana.net\/index.php?rest_route=%2Fwp%2Fv2%2Fmedia&parent=63392"}],"wp:term":[{"taxonomy":"category","embeddable":true,"href":"https:\/\/webciudadana.net\/index.php?rest_route=%2Fwp%2Fv2%2Fcategories&post=63392"},{"taxonomy":"post_tag","embeddable":true,"href":"https:\/\/webciudadana.net\/index.php?rest_route=%2Fwp%2Fv2%2Ftags&post=63392"}],"curies":[{"name":"wp","href":"https:\/\/api.w.org\/{rel}","templated":true}]}}