{"id":63406,"date":"2025-09-09T18:35:55","date_gmt":"2025-09-09T16:35:55","guid":{"rendered":"https:\/\/ticker-noticiasep.microcontenidos.com\/NoticiaRSS.vbhtml?user=FRND562DLP&amp;cod=20250909183555"},"modified":"2025-09-09T18:35:55","modified_gmt":"2025-09-09T16:35:55","slug":"mundo-avatr-vision-xpectra-hace-su-debut-mundial-y-avatr-presenta-su-diseno-original-en-munich","status":"publish","type":"post","link":"https:\/\/webciudadana.net\/?p=63406","title":{"rendered":"Mundo: AVATR VISION XPECTRA hace su debut mundial y AVATR presenta su dise\u00f1o original en M\u00fanich"},"content":{"rendered":"\n<div><img decoding=\"async\" src=\"https:\/\/img.europapress.es\/fotoweb\/fotonoticia_20250909183555_300.jpg\" class=\"ff-og-image-inserted\"><\/div>\n<p>(Informaci\u00f3n remitida por la empresa firmante)<\/p>\n<p>\nMUNICH, 9 de septiembre de 2025 \/PRNewswire\/ &#8212; AVATR Technology celebr\u00f3 su \u00abD\u00eda de la Marca AVATR: Un Nuevo Horizonte Brillante\u00bb en UTOPIA M\u00fcnchen, M\u00fanich, Alemania. El primer veh\u00edculo de visi\u00f3n inteligente (IE) del mundo, el AVATR VISION XPECTRA, debut\u00f3 junto con el AVATR 012 de edici\u00f3n limitada, cocreado con Kim Jones, el exclusivo AVATR 11 Royal Edition personalizado, el SUV urbano de lujo AVATR 07 y el sed\u00e1n deportivo de lujo AVATR 06. Estos modelos estrella conformaron una nueva matriz de lujo y tambi\u00e9n se exhibir\u00e1n del 9 al 14 de septiembre en el Sal\u00f3n del Autom\u00f3vil de M\u00fanich 2025, mostrando plenamente los logros sistem\u00e1ticos de la marca en dise\u00f1o original y tecnolog\u00eda inteligente.<\/p>\n<p> La inspiraci\u00f3n del dise\u00f1o del AVATR VISION XPECTRA proviene del \u00abPoder de la Energ\u00eda Natural\u00bb. Su exterior se define por l\u00edneas limpias y audaces que transmiten una presencia imponente y a la vez serena, mientras que el interior combina materiales cuidadosamente seleccionados con tecnolog\u00eda de vanguardia para crear un espacio inteligente, personalizado e inmersivo. El director de dise\u00f1o, Nader, declar\u00f3: \u00abEl AVATR VISION XPECTRA es un compa\u00f1ero de Inteligencia Emocional, moldeado por la energ\u00eda y conectado a trav\u00e9s de la emoci\u00f3n. Aqu\u00ed, cada viaje se convierte en una v\u00edvida declaraci\u00f3n de &#8216;Lujo Emotivo&#8217;.\u00bb<\/p>\n<p>\nEl debut mundial del AVATR VISION XPECTRA no solo representa una nueva apuesta de AVATR por el dise\u00f1o original, sino que tambi\u00e9n refleja la l\u00ednea de exploraci\u00f3n de la marca, centrada en el concepto central del \u00abLujo Emotivo\u00bb. AVATR afirm\u00f3 que seguir\u00e1 combinando el dise\u00f1o original con la tecnolog\u00eda inteligente para ofrecer experiencias de movilidad futuras que superen las expectativas y redefinan la imaginaci\u00f3n.<\/p>\n<p> Foto &#8211; https:\/\/mma.prnewswire.com\/media\/2766856\/1.jpg<\/p>\n<p>\nFoto &#8212; https:\/\/mma.prnewswire.com\/media\/2766857\/2.jpg<\/p>\n<p> View original content:https:\/\/www.prnewswire.com\/news-releases\/avatr-vision-xpectra-hace-su-debut-mundial-y-avatr-presenta-su-diseno-original-en-munich-302551227.html<\/p>\n","protected":false},"excerpt":{"rendered":"<p>(Informaci\u00f3n remitida por la empresa firmante) MUNICH, 9 de septiembre de 2025 \/PRNewswire\/ &#8212; AVATR Technology celebr\u00f3 su \u00abD\u00eda de la Marca AVATR: Un Nuevo Horizonte Brillante\u00bb en UTOPIA M\u00fcnchen, M\u00fanich, Alemania. El primer veh\u00edculo de visi\u00f3n inteligente (IE) del mundo, el AVATR VISION XPECTRA, debut\u00f3 junto con el AVATR 012 de edici\u00f3n limitada, cocreado [&hellip;]<\/p>\n","protected":false},"author":1,"featured_media":0,"comment_status":"closed","ping_status":"closed","sticky":false,"template":"","format":"standard","meta":{"footnotes":""},"categories":[2],"tags":[],"class_list":["post-63406","post","type-post","status-publish","format-standard","hentry","category-noticias"],"_links":{"self":[{"href":"https:\/\/webciudadana.net\/index.php?rest_route=\/wp\/v2\/posts\/63406","targetHints":{"allow":["GET"]}}],"collection":[{"href":"https:\/\/webciudadana.net\/index.php?rest_route=\/wp\/v2\/posts"}],"about":[{"href":"https:\/\/webciudadana.net\/index.php?rest_route=\/wp\/v2\/types\/post"}],"author":[{"embeddable":true,"href":"https:\/\/webciudadana.net\/index.php?rest_route=\/wp\/v2\/users\/1"}],"replies":[{"embeddable":true,"href":"https:\/\/webciudadana.net\/index.php?rest_route=%2Fwp%2Fv2%2Fcomments&post=63406"}],"version-history":[{"count":0,"href":"https:\/\/webciudadana.net\/index.php?rest_route=\/wp\/v2\/posts\/63406\/revisions"}],"wp:attachment":[{"href":"https:\/\/webciudadana.net\/index.php?rest_route=%2Fwp%2Fv2%2Fmedia&parent=63406"}],"wp:term":[{"taxonomy":"category","embeddable":true,"href":"https:\/\/webciudadana.net\/index.php?rest_route=%2Fwp%2Fv2%2Fcategories&post=63406"},{"taxonomy":"post_tag","embeddable":true,"href":"https:\/\/webciudadana.net\/index.php?rest_route=%2Fwp%2Fv2%2Ftags&post=63406"}],"curies":[{"name":"wp","href":"https:\/\/api.w.org\/{rel}","templated":true}]}}