{"id":63429,"date":"2025-09-10T10:24:28","date_gmt":"2025-09-10T08:24:28","guid":{"rendered":"https:\/\/ticker-noticiasep.microcontenidos.com\/NoticiaRSS.vbhtml?user=FRND562DLP&amp;cod=20250910102428"},"modified":"2025-09-10T10:24:28","modified_gmt":"2025-09-10T08:24:28","slug":"sociedad-sm-publica-el-quijote-en-verso-la-obra-inedita-y-postuma-de-juan-munoz","status":"publish","type":"post","link":"https:\/\/webciudadana.net\/?p=63429","title":{"rendered":"Sociedad: SM publica &#8216;El Quijote en verso&#8217;, la obra in\u00e9dita y p\u00f3stuma de Juan Mu\u00f1oz"},"content":{"rendered":"\n<div><img decoding=\"async\" src=\"https:\/\/img.europapress.es\/fotoweb\/fotonoticia_20250910102428_300.jpg\" class=\"ff-og-image-inserted\"><\/div>\n<p>(Informaci\u00f3n remitida por la empresa firmante)<\/p>\n<p> &#8211; SM publica El Quijote en verso, una obra in\u00e9dita de Juan Mu\u00f1oz, creador de fray Perico y del pirata Garrapata, que convierte el cl\u00e1sico de Cervantes en una lectura rimada, divertida y accesible para j\u00f3venes lectores.<\/p>\n<p> &#8211; Ilustrado por Javier Andrada, el libro es una invitaci\u00f3n a redescubrir el Quijote con nuevos ojos y una forma entra\u00f1able de celebrar el legado literario de uno de los autores m\u00e1s queridos de la literatura infantil en espa\u00f1ol.<\/p>\n<p> &#8211; Estar\u00e1 disponible en librer\u00edas de toda Espa\u00f1a a partir del 16 de septiembre, en una cuidada edici\u00f3n especial en carton\u00e9 que re\u00fane 40 cap\u00edtulos en verso.<\/p>\n<p> Madrid, 10 de septiembre de 2015.- Cuatro siglos despu\u00e9s de que Cervantes escribiera el Quijote, el gran cl\u00e1sico de la literatura espa\u00f1ola revive con nuevos br\u00edos gracias a la pluma de Juan Mu\u00f1oz, maestro del humor literario y autor de emblem\u00e1ticos t\u00edtulos como Fray Perico y su borrico o El pirata Garrapata.<\/p>\n<p> En esta versi\u00f3n rimada, escrita a mano en los a\u00f1os 80 y le\u00edda durante d\u00e9cadas por el propio Juan en colegios de toda Espa\u00f1a, el autor reinterpreta los episodios m\u00e1s c\u00e9lebres de la obra cervantina con ingenio, gracia y un ritmo irresistible. \u00abUn loco bastante cuerdo, una aventura desternillante y un amigo con los pies casi siempre en la tierra\u00bb, dec\u00eda con una sonrisa al hablar de su Quijote.<\/p>\n<p> Las ilustraciones de Javier Andrada completan esta edici\u00f3n con un estilo fresco, visual y lleno de gui\u00f1os que amplifican el tono humor\u00edstico y l\u00fadico del texto. El resultado: una lectura \u00e1gil, divertida y educativa que invita a descubrir, o redescubrir, a uno de los personajes m\u00e1s universales de la literatura.<\/p>\n<p> El Quijote en verso, su obra in\u00e9dita y p\u00f3stuma, es mucho m\u00e1s que una versi\u00f3n infantil del cl\u00e1sico: es una despedida escrita con humor y ternura, una invitaci\u00f3n a imaginar y a disfrutar de la literatura. Como \u00e9l mismo dec\u00eda: \u00abSiempre puedes escribir tu propia versi\u00f3n\u00bb. Una joya literaria para lectores curiosos, profesores, familias y fans de los cl\u00e1sicos contados como nunca antes.<\/p>\n<p> Una obra literaria y un testimonio vital<\/p>\n<p> El libro no solo adapta con brillantez pasajes emblem\u00e1ticos del original, sino que tambi\u00e9n refleja el estilo \u00fanico de Juan: su lenguaje cercano, su iron\u00eda amable y su manera generosa de hacer literatura para todos.<\/p>\n<p> La publicaci\u00f3n de El Quijote en verso es, en palabras de su editora Carolina P\u00e9rez, \u00abuna obra de arte, divertida y luminosa, donde se encuentran dos grandes autores en lengua espa\u00f1ola: Cervantes* y Juan\u00bb.<\/p>\n<p> \u00abUn d\u00eda, entre un mont\u00f3n de manuscritos, empec\u00e9 a leer El Quijote en verso y me fascin\u00f3. Era lo mejor del Quijote recogido en versos de Juan\u00bb.<\/p>\n<p> Ilustrado por Javier Andrada, que creci\u00f3 leyendo a Juan Mu\u00f1oz, el libro combina el lirismo juguet\u00f3n del autor con escenas visuales llenas de detalles y gui\u00f1os. \u00abEl pirata Garrapata fue el primer libro que le\u00ed al salir de los cuentos infantiles\u00bb, recuerda Andrada. \u00abNunca imagin\u00e9 que a\u00f1os despu\u00e9s ilustrar\u00eda un libro suyo, y nada menos que el Quijote. Me he quedado con las ganas de dibujar m\u00e1s escenas. Esta obra es una invitaci\u00f3n a releerlo todo: a Cervantes, a Juan, y a uno mismo.\u00bb<\/p>\n<p> Una despedida entra\u00f1able de uno de los grandes nombres de la literatura infantil en espa\u00f1ol <\/p>\n<p> La publicaci\u00f3n de El Quijote en verso no es solo la edici\u00f3n de una obra singular; es tambi\u00e9n la despedida entra\u00f1able de un hombre que dedic\u00f3 su vida a acercar la literatura a los m\u00e1s peque\u00f1os. Juan Mu\u00f1oz no solo escrib\u00eda para ni\u00f1os: viv\u00eda para ellos, para sus profesores, para las aulas, para ese universo escolar donde se siembra el amor por la lectura.<\/p>\n<p> Este libro es la base de toda su literatura -expresa su familia-: un testimonio de amor por la infancia, por la lectura, por la ense\u00f1anza. Es el legado de un hombre que supo ser ni\u00f1o toda la vida.\u00bb<\/p>\n<p> Han querido expresar su m\u00e1s profundo agradecimiento por las innumerables muestras de cari\u00f1o que han recibido tras la despedida de nuestro padre. Cada palabra, cada gesto, cada homenaje ha sido un reflejo del amor y la admiraci\u00f3n que tantos lectores y compa\u00f1eros de profesi\u00f3n le han profesado a lo largo de los a\u00f1os.<\/p>\n<p> SM adapta el cl\u00e1sico Fray Perico para todos los lectores<\/p>\n<p> Adem\u00e1s, de este nuevo Quijote tambi\u00e9n llega al mercado este mes la adaptaci\u00f3n de la emblem\u00e1tica obra de Juan Mu\u00f1oz, Fray Perico y su borrico, a la colecci\u00f3n Lectura F\u00e1cil de El Barco de Vapor, una l\u00ednea editorial de SM pensada para fomentar la lectura infantil en un entorno inclusivo.<\/p>\n<p> La comprensi\u00f3n lectora es uno de los grandes desaf\u00edos en el aula hoy en d\u00eda. No todos los ni\u00f1os aprenden del mismo modo ni acceden con facilidad a los mismos contenidos. Estudiantes con trastornos del espectro autista, dislexia, s\u00edndrome de Down, TDAH, s\u00edndrome de Asperger o ni\u00f1os inmigrantes en proceso de aprendizaje del espa\u00f1ol, a menudo se enfrentan a barreras que dificultan su participaci\u00f3n plena en clase.<\/p>\n<p> La gran novedad de este a\u00f1o es la incorporaci\u00f3n en esta colecci\u00f3n de Fray Perico y su borrico, el libro infantil m\u00e1s vendido en Espa\u00f1a, que ahora llega adaptado para ni\u00f1os de entre 6 y 10 a\u00f1os. La historia, que narra las divertidas peripecias de un fraile bonach\u00f3n y su inseparable borrico en un convento cercano a Salamanca, mantiene su contenido, estructura narrativa y valores originales, pero se presenta con un formato m\u00e1s accesible: tipograf\u00eda clara, cuerpo de letra grande, m\u00e1rgenes amplios y un dise\u00f1o visual adaptado que incluye ilustraciones renovadas con colores s\u00f3lidos y contrastes n\u00edtidos.<\/p>\n<p> El texto ha sido cuidadosamente adaptado para facilitar su comprensi\u00f3n: lenguaje sencillo, frases cortas, estructuras claras y vocabulario directo, que evitan ambig\u00fcedades y favorecen la autonom\u00eda lectora. De esta manera, todos los ni\u00f1os pueden leer y trabajar los mismos contenidos que sus compa\u00f1eros, promoviendo una experiencia verdaderamente inclusiva en el aula.<\/p>\n<p> Un legado de humor, sabidur\u00eda y amor por la lectura<\/p>\n<p> Juan Mu\u00f1oz (Madrid, 1929-2023) creci\u00f3 en una casa-escuela rodeado de libros, hermanos y maestros, y convirti\u00f3 la infancia en su territorio creativo. Estudi\u00f3 Filolog\u00eda Francesa, fue maestro de Lengua y Literatura, fund\u00f3 varias escuelas y se dedic\u00f3 con pasi\u00f3n a la literatura infantil, con m\u00e1s de treinta t\u00edtulos publicados.<\/p>\n<p> Juan reivindic\u00f3 siempre la lectura como juego y descubrimiento. \u00abYo tengo a fray Perico, tengo al pirata Garrapata* y tengo un Quijote en verso\u00bb, sol\u00eda decir entre risas en sus visitas a colegios, donde durante m\u00e1s de 40 a\u00f1os comparti\u00f3 su amor por los libros con miles de ni\u00f1os y docentes.<\/p>\n<p> En 1966 recibi\u00f3 su primer galard\u00f3n, el Premio Doncel, y en 1980 alcanz\u00f3 el \u00e9xito con Fray Perico y su borrico, Premio SM El Barco de Vapor, con m\u00e1s de un mill\u00f3n y medio de ejemplares vendidos y traducido a varios idiomas. Dos a\u00f1os despu\u00e9s llegar\u00eda El pirata Garrapata, iniciando as\u00ed las dos sagas m\u00e1s vendidas de la colecci\u00f3n El Barco de Vapor. Entre ambos personajes suman m\u00e1s de 130 ediciones y generaciones de lectores.<\/p>\n<p> Su trayectoria ha sido reconocida con m\u00faltiples homenajes: la Medalla de Oro al M\u00e9rito en las Bellas Artes (2021), la plaza Juan Mu\u00f1oz en Madrid, un aula con su nombre en el Instituto Cardenal Cisneros, el nombramiento como miembro honor\u00edfico de la Cuesta de Moyano, el homenaje de El Cervantes Chico y la inclusi\u00f3n de Fray Perico en la colecci\u00f3n de sellos de Correos dedicada a la literatura infantil. Cada uno de estos reconocimientos honra la memoria de un autor que dedic\u00f3 su vida a sembrar amor por la lectura y a mirar el mundo con ojos de ni\u00f1o.<\/p>\n<p> Comunicaci\u00f3n SM Espa\u00f1a <\/p>\n<p> comunicacionsm@grupo-sm.com <\/p>\n<p> Carmen Palomino &#8211; (34) 649 454 680<\/p>\n<p> Margarita Mart\u00edn &#8211; (34) 689 196 847<\/p>\n","protected":false},"excerpt":{"rendered":"<p>(Informaci\u00f3n remitida por la empresa firmante) &#8211; SM publica El Quijote en verso, una obra in\u00e9dita de Juan Mu\u00f1oz, creador de fray Perico y del pirata Garrapata, que convierte el cl\u00e1sico de Cervantes en una lectura rimada, divertida y accesible para j\u00f3venes lectores. &#8211; Ilustrado por Javier Andrada, el libro es una invitaci\u00f3n a redescubrir [&hellip;]<\/p>\n","protected":false},"author":1,"featured_media":0,"comment_status":"closed","ping_status":"closed","sticky":false,"template":"","format":"standard","meta":{"footnotes":""},"categories":[2],"tags":[],"class_list":["post-63429","post","type-post","status-publish","format-standard","hentry","category-noticias"],"_links":{"self":[{"href":"https:\/\/webciudadana.net\/index.php?rest_route=\/wp\/v2\/posts\/63429","targetHints":{"allow":["GET"]}}],"collection":[{"href":"https:\/\/webciudadana.net\/index.php?rest_route=\/wp\/v2\/posts"}],"about":[{"href":"https:\/\/webciudadana.net\/index.php?rest_route=\/wp\/v2\/types\/post"}],"author":[{"embeddable":true,"href":"https:\/\/webciudadana.net\/index.php?rest_route=\/wp\/v2\/users\/1"}],"replies":[{"embeddable":true,"href":"https:\/\/webciudadana.net\/index.php?rest_route=%2Fwp%2Fv2%2Fcomments&post=63429"}],"version-history":[{"count":0,"href":"https:\/\/webciudadana.net\/index.php?rest_route=\/wp\/v2\/posts\/63429\/revisions"}],"wp:attachment":[{"href":"https:\/\/webciudadana.net\/index.php?rest_route=%2Fwp%2Fv2%2Fmedia&parent=63429"}],"wp:term":[{"taxonomy":"category","embeddable":true,"href":"https:\/\/webciudadana.net\/index.php?rest_route=%2Fwp%2Fv2%2Fcategories&post=63429"},{"taxonomy":"post_tag","embeddable":true,"href":"https:\/\/webciudadana.net\/index.php?rest_route=%2Fwp%2Fv2%2Ftags&post=63429"}],"curies":[{"name":"wp","href":"https:\/\/api.w.org\/{rel}","templated":true}]}}