{"id":63439,"date":"2025-09-10T14:34:25","date_gmt":"2025-09-10T12:34:25","guid":{"rendered":"https:\/\/ticker-noticiasep.microcontenidos.com\/NoticiaRSS.vbhtml?user=FRND562DLP&amp;cod=20250910143425"},"modified":"2025-09-10T14:34:25","modified_gmt":"2025-09-10T12:34:25","slug":"mundo-ifa-2025-ugreen-presenta-una-experiencia-interactiva-de-almacenamiento-inteligente-y-carga-de-ultima-generacion","status":"publish","type":"post","link":"https:\/\/webciudadana.net\/?p=63439","title":{"rendered":"Mundo: IFA 2025: UGREEN presenta una experiencia interactiva de almacenamiento inteligente y carga de ultima generaci\u00f3n."},"content":{"rendered":"\n<div><img decoding=\"async\" src=\"https:\/\/img.europapress.es\/fotoweb\/fotonoticia_20250910143425_300.jpg\" class=\"ff-og-image-inserted\"><\/div>\n<p>(Informaci\u00f3n remitida por la empresa firmante)<\/p>\n<p>\nBERL\u00cdN, 10 de septiembre de 2025 \/PRNewswire\/ &#8212; UGREEN, l\u00edder mundial en electr\u00f3nica de consumo, congrego a un amplio p\u00fablico en IFA 2025 con una espectacular exhibici\u00f3n de innovaciones, encabezada por el debut de su nueva l\u00ednea de productos. En las sesiones oficiales de IFA y en su stand, UGREEN ofreci\u00f3 a los visitantes demostraciones pr\u00e1cticas e inmersivas de soluciones de almacenamiento y carga inteligentes para el d\u00eda a d\u00eda.<\/p>\n<p> Durante los cinco d\u00edas del evento, el stand de UGREEN recibi\u00f3 un gran n\u00famero de visitantes , lo que refleja tanto el atractivo de su tecnolog\u00eda como el gran inter\u00e9s global en el almacenamiento basado en IA y las soluciones de energ\u00eda inteligente. La compa\u00f1\u00eda obtuvo adem\u00e1s 19 premios independientes que reconocen la excelencia en innovaci\u00f3n y dise\u00f1o. Estos galardones consolidaron la confianza y el reconocimiento que UGREEN contin\u00faa recibiendo tanto de los analistas de la industria como de los usuarios.<\/p>\n<p> Adem\u00e1s de una presencia inmersiva en la sala de exposiciones, UGREEN participo en el IFA Dream Stage el 6 de septiembre, uni\u00e9ndose a Adobe e Intel en un debate sobre el futuro del almacenamiento inteligente.<\/p>\n<p> El panel, titulado \u00abNAS con IA y el futuro del almacenamiento inteligente\u00bb, destac\u00f3 el creciente papel de la inteligencia artificial en la redefinici\u00f3n de la gesti\u00f3n de datos. Gordon Sylin, director del negocio de NAS en Intel, revel\u00f3 que un proyecto conjunto con UGREEN culminar\u00e1 con el lanzamiento del primer NAS con IA equipado con el procesador Intel Core Ultra 7 y un modelo de lenguaje de gran tama\u00f1o (LLM) integrado. La colaboraci\u00f3n con Intel, que comenz\u00f3 en 2024, sienta las bases para este producto de nueva generaci\u00f3n. Se espera que el dispositivo trascienda los l\u00edmites tanto del almacenamiento inteligente como de la inform\u00e1tica, lo que subraya la r\u00e1pida convergencia de la IA y la innovaci\u00f3n en hardware en la industria.<\/p>\n<p> Adobe aport\u00f3 informaci\u00f3n sobre las crecientes aplicaciones de la IA en el dise\u00f1o y el trabajo creativo. Matt Christensen, Senior Software QE (Content Intelligence) de Adobe, destac\u00f3 que la exploraci\u00f3n de la IA se encuentra en sus primeras etapas, y se prev\u00e9 que futuros desarrollos impulsen a los creadores mediante la combinaci\u00f3n de almacenamiento inteligente con herramientas creativas basadas en IA. El panel cont\u00f3 con una importante presencia medi\u00e1tica, atrayendo a numerosos medios y generando un interesante debate sobre el potencial transformador de NAS con IA tanto en el mercado profesional como en el de consumo.<\/p>\n<p> Para complementar el debate, UGREEN cre\u00f3 una zona de experiencia interactiva con NAS con IA, que ofreci\u00f3 a los visitantes una experiencia pr\u00e1ctica con la funcionalidad de los NAS de pr\u00f3xima generaci\u00f3n. Esta zona combin\u00f3 demostraciones de hardware y software con explicaciones de expertos para ilustrar aplicaciones pr\u00e1cticas en el mundo real.<\/p>\n<p> Adem\u00e1s, la zona de experiencia de producto de UGREEN recre\u00f3 casos de uso cotidianos de su \u00faltima l\u00ednea de cargadores, incluyendo en el trabajo, el hogar y los viajes, destacando c\u00f3mo las soluciones de carga de UGREEN se integran a la perfecci\u00f3n en los estilos de vida modernos. Adem\u00e1s de su nueva serie MagFlow, UGREEN present\u00f3 varios productos emblem\u00e1ticos, como la serie retr\u00e1ctil UGREEN Nexode, UGREEN Nexode 500W y la serie UGREEN Uno. En conjunto, la colecci\u00f3n reforz\u00f3 la reputaci\u00f3n de la compa\u00f1\u00eda por ofrecer soluciones vers\u00e1tiles para diversas necesidades.<\/p>\n<p> Con su colaboraci\u00f3n en IA NAS en el horizonte, UGREEN ha dado un paso decisivo para definir la nueva era del almacenamiento inteligente. La presentaci\u00f3n de la marca en IFA 2025 ilustr\u00f3 no solo los avances tecnol\u00f3gicos ya logrados, sino tambi\u00e9n su compromiso de impulsar avances significativos en almacenamiento, carga y soluciones integradas de IA.<\/p>\n<p> Foto &#8211; https:\/\/mma.prnewswire.com\/media\/2770032\/Future_of_Intelligent_Storage_Takes_Center_Stage_at_IFA_2025.jpg<\/p>\n<p>\nLogo &#8212; https:\/\/mma.prnewswire.com\/media\/2634148\/UGREEN_Limited_Logo.jpg<\/p>\n<p> View original content:https:\/\/www.prnewswire.com\/news-releases\/ifa-2025-ugreen-presenta-una-experiencia-interactiva-de-almacenamiento-inteligente-y-carga-de-ultima-generacion-302552516.html<\/p>\n","protected":false},"excerpt":{"rendered":"<p>(Informaci\u00f3n remitida por la empresa firmante) BERL\u00cdN, 10 de septiembre de 2025 \/PRNewswire\/ &#8212; UGREEN, l\u00edder mundial en electr\u00f3nica de consumo, congrego a un amplio p\u00fablico en IFA 2025 con una espectacular exhibici\u00f3n de innovaciones, encabezada por el debut de su nueva l\u00ednea de productos. En las sesiones oficiales de IFA y en su stand, [&hellip;]<\/p>\n","protected":false},"author":1,"featured_media":0,"comment_status":"closed","ping_status":"closed","sticky":false,"template":"","format":"standard","meta":{"footnotes":""},"categories":[2],"tags":[],"class_list":["post-63439","post","type-post","status-publish","format-standard","hentry","category-noticias"],"_links":{"self":[{"href":"https:\/\/webciudadana.net\/index.php?rest_route=\/wp\/v2\/posts\/63439","targetHints":{"allow":["GET"]}}],"collection":[{"href":"https:\/\/webciudadana.net\/index.php?rest_route=\/wp\/v2\/posts"}],"about":[{"href":"https:\/\/webciudadana.net\/index.php?rest_route=\/wp\/v2\/types\/post"}],"author":[{"embeddable":true,"href":"https:\/\/webciudadana.net\/index.php?rest_route=\/wp\/v2\/users\/1"}],"replies":[{"embeddable":true,"href":"https:\/\/webciudadana.net\/index.php?rest_route=%2Fwp%2Fv2%2Fcomments&post=63439"}],"version-history":[{"count":0,"href":"https:\/\/webciudadana.net\/index.php?rest_route=\/wp\/v2\/posts\/63439\/revisions"}],"wp:attachment":[{"href":"https:\/\/webciudadana.net\/index.php?rest_route=%2Fwp%2Fv2%2Fmedia&parent=63439"}],"wp:term":[{"taxonomy":"category","embeddable":true,"href":"https:\/\/webciudadana.net\/index.php?rest_route=%2Fwp%2Fv2%2Fcategories&post=63439"},{"taxonomy":"post_tag","embeddable":true,"href":"https:\/\/webciudadana.net\/index.php?rest_route=%2Fwp%2Fv2%2Ftags&post=63439"}],"curies":[{"name":"wp","href":"https:\/\/api.w.org\/{rel}","templated":true}]}}