{"id":63443,"date":"2025-09-10T15:40:48","date_gmt":"2025-09-10T13:40:48","guid":{"rendered":"https:\/\/ticker-noticiasep.microcontenidos.com\/NoticiaRSS.vbhtml?user=FRND562DLP&amp;cod=20250910154048"},"modified":"2025-09-10T15:40:48","modified_gmt":"2025-09-10T13:40:48","slug":"sociedad-la-historia-de-rosana-se-convierte-en-docuserie-de-canarias-al-mundo","status":"publish","type":"post","link":"https:\/\/webciudadana.net\/?p=63443","title":{"rendered":"Sociedad: La historia de Rosana se convierte en docuserie: de Canarias al mundo."},"content":{"rendered":"\n<div><img decoding=\"async\" src=\"https:\/\/img.europapress.es\/fotoweb\/fotonoticia_20250910154048_300.jpg\" class=\"ff-og-image-inserted\"><\/div>\n<p>(Informaci\u00f3n remitida por la empresa firmante)<\/p>\n<p> Madrid, 10 de septiembre de 2025. <\/p>\n<p> En rueda de prensa desde Arrecife, Lanzarote, se dieron a conocer los detalles de un proyecto que fusiona pasado, presente y futuro.<\/p>\n<p> El estreno coincidir\u00e1 con el 30 aniversario de Lunas Rotas, el \u00e1lbum que marc\u00f3 un antes y un despu\u00e9s en su carrera.<\/p>\n<p> Esta ma\u00f1ana, la cantante y compositora Rosana Arbelo, una de las voces espa\u00f1olas m\u00e1s reconocidas en el panorama musical latino e internacional, ofreci\u00f3 una rueda de prensa en Arrecife, Lanzarote, para anunciar oficialmente su pr\u00f3xima docuserie de tres cap\u00edtulos, cuyo estreno est\u00e1 previsto a finales de a\u00f1o con alcance global.<\/p>\n<p> El proyecto propone un viaje&nbsp;vital y musical cargado de emoci\u00f3n, amor, humor, cercan\u00eda y autenticidad y abre la puerta a descubrir a una Rosana \u00edntima y esencial como nunca antes se hab\u00eda mostrado.<\/p>\n<p> La producci\u00f3n se enmarca en un momento decisivo de su carrera: el inicio del largo camino de celebraciones por el 30 aniversario de Lunas Rotas, el \u00e1lbum con el que conquist\u00f3 al mundo y dej\u00f3 una huella imborrable en la m\u00fasica en espa\u00f1ol.<\/p>\n<p> La docuserie se presenta, as\u00ed como un retrato \u00edntimo de la persona detr\u00e1s de las canciones: sus desaf\u00edos, sus victorias y la filosof\u00eda de vida que ha inspirado a millones de personas, pero tambi\u00e9n como un gesto de gratitud: \u201cEs mi manera de devolver al mundo todo lo que la gente me ha regalado a trav\u00e9s de mis canciones\u201d, expres\u00f3 la cantautora.<\/p>\n<p> Como parte de este proyecto, Rosana ofrecer\u00e1 un concierto \u00fanico en Mancha Blanca (Tinajo, Lanzarote), el pr\u00f3ximo 15 de septiembre, con motivo de las Fiestas de Los Dolores 2025.<\/p>\n<p> Este espect\u00e1culo ser\u00e1 grabado \u00edntegramente y una selecci\u00f3n de ese material formar\u00e1 parte de la docuserie.&nbsp; Con este estreno, Rosana inicia una nueva etapa que no solo celebra su historia, sino que tambi\u00e9n invita a sus seguidores a compartir un viaje \u00edntimo por su vida profesional y su obra,&nbsp;desde Canarias hasta el mundo.<\/p>\n<p> \u201cQuiero que los ni\u00f1os sientan que no hay un solo camino para el \u00e9xito, un camino para amar lo que uno hace y la vida supone siempre un regalo grande.<\/p>\n<p> Quiero devolver a la gente todo lo que ha hecho por m\u00ed y dar las gracias\u201d, se\u00f1al\u00f3 Rosana.<\/p>\n<p> Contacto de prensa: Mar\u00eda Diz : prensa@lunasrotas.es En la foto, de Izquierda a derecha: Abigail Gonz\u00e1lez, concejala de Cultura del Ayuntamiento de Arrecife, Echedey Eugenio, alcalde accidental del Ayuntamiento de Arrecife, Rosana Arbelo, cantante y compositora<\/p>\n<p>\nEmisor: Lunas Rotas SL<\/p>\n<p>\nContacto: Mar\u00eda Diz 917130800 prensa@lunasrotas.es<\/p>\n","protected":false},"excerpt":{"rendered":"<p>(Informaci\u00f3n remitida por la empresa firmante) Madrid, 10 de septiembre de 2025. En rueda de prensa desde Arrecife, Lanzarote, se dieron a conocer los detalles de un proyecto que fusiona pasado, presente y futuro. El estreno coincidir\u00e1 con el 30 aniversario de Lunas Rotas, el \u00e1lbum que marc\u00f3 un antes y un despu\u00e9s en su [&hellip;]<\/p>\n","protected":false},"author":1,"featured_media":0,"comment_status":"closed","ping_status":"closed","sticky":false,"template":"","format":"standard","meta":{"footnotes":""},"categories":[2],"tags":[],"class_list":["post-63443","post","type-post","status-publish","format-standard","hentry","category-noticias"],"_links":{"self":[{"href":"https:\/\/webciudadana.net\/index.php?rest_route=\/wp\/v2\/posts\/63443","targetHints":{"allow":["GET"]}}],"collection":[{"href":"https:\/\/webciudadana.net\/index.php?rest_route=\/wp\/v2\/posts"}],"about":[{"href":"https:\/\/webciudadana.net\/index.php?rest_route=\/wp\/v2\/types\/post"}],"author":[{"embeddable":true,"href":"https:\/\/webciudadana.net\/index.php?rest_route=\/wp\/v2\/users\/1"}],"replies":[{"embeddable":true,"href":"https:\/\/webciudadana.net\/index.php?rest_route=%2Fwp%2Fv2%2Fcomments&post=63443"}],"version-history":[{"count":0,"href":"https:\/\/webciudadana.net\/index.php?rest_route=\/wp\/v2\/posts\/63443\/revisions"}],"wp:attachment":[{"href":"https:\/\/webciudadana.net\/index.php?rest_route=%2Fwp%2Fv2%2Fmedia&parent=63443"}],"wp:term":[{"taxonomy":"category","embeddable":true,"href":"https:\/\/webciudadana.net\/index.php?rest_route=%2Fwp%2Fv2%2Fcategories&post=63443"},{"taxonomy":"post_tag","embeddable":true,"href":"https:\/\/webciudadana.net\/index.php?rest_route=%2Fwp%2Fv2%2Ftags&post=63443"}],"curies":[{"name":"wp","href":"https:\/\/api.w.org\/{rel}","templated":true}]}}