{"id":63490,"date":"2025-09-11T14:23:37","date_gmt":"2025-09-11T12:23:37","guid":{"rendered":"https:\/\/ticker-noticiasep.microcontenidos.com\/NoticiaRSS.vbhtml?user=FRND562DLP&amp;cod=20250911142337"},"modified":"2025-09-11T14:23:37","modified_gmt":"2025-09-11T12:23:37","slug":"mundo-avatr-brilla-con-su-concepto-de-lujo-moderno-en-el-salon-del-automovil-de-munich-2025-iaa","status":"publish","type":"post","link":"https:\/\/webciudadana.net\/?p=63490","title":{"rendered":"Mundo: AVATR brilla con su concepto de \u00ablujo moderno\u00bb en el Sal\u00f3n del Autom\u00f3vil de M\u00fanich 2025 (IAA)"},"content":{"rendered":"\n<div><img decoding=\"async\" src=\"https:\/\/img.europapress.es\/fotoweb\/fotonoticia_20250911142337_300.jpg\" class=\"ff-og-image-inserted\"><\/div>\n<p>(Informaci\u00f3n remitida por la empresa firmante)<\/p>\n<p>\n&#8211;Varios modelos estrella marcan la pauta: AVATR brilla con su concepto de \u00ablujo moderno\u00bb en el Sal\u00f3n del Autom\u00f3vil de M\u00fanich 2025 (IAA)<\/p>\n<p>\nM\u00daNICH, 11 de septiembre de 2025 \/PRNewswire\/ \u2014 AVATR realiz\u00f3 una destacada presentaci\u00f3n en el Sal\u00f3n del Autom\u00f3vil de M\u00fanich 2025 (IAA), exhibiendo varios modelos emblem\u00e1ticos y, simult\u00e1neamente, inaugurando su espacio en la emblem\u00e1tica plaza K\u00f6nigsplatz de M\u00fanich. Mediante una innovadora experiencia inmersiva de doble escenario \u00abinterior + exterior\u00bb, la marca ofreci\u00f3 a su p\u00fablico internacional una forma m\u00e1s rica e interactiva de conectar con su concepto de \u00abLujo Moderno\u00bb.<\/p>\n<p> Durante el evento, el primer veh\u00edculo conceptual con tecnolog\u00eda de visi\u00f3n Emotive Intelligent (EI) del mundo, el AVATR VISION XPECTRA, dise\u00f1ado por el director de dise\u00f1o Nader Faghihzadeh, cautiv\u00f3 a los visitantes europeos con su presentaci\u00f3n. Junto a \u00e9l, tambi\u00e9n se exhibieron el AVATR 012 de edici\u00f3n limitada, creado en colaboraci\u00f3n con Kim Jones, el exclusivo AVATR 11 Royal Edition, el SUV de lujo urbano AVATR 07 y el sed\u00e1n deportivo de lujo AVATR 06, demostrando as\u00ed las \u00faltimas innovaciones de AVATR en dise\u00f1o original y tecnolog\u00eda inteligente.<\/p>\n<p> El AVATR 07, concebido como un SUV de lujo urbano, combina a la perfecci\u00f3n la comodidad y la amplitud con un dise\u00f1o elegante y sofisticado. Ha recibido el premio iF Design Award 2025 de Alemania y el IDA International Design Gold Award de EE.UU., lo que atrajo a una gran cantidad de visitantes. El AVATR 06, un sed\u00e1n deportivo de lujo, impresion\u00f3 al p\u00fablico con su perfil aerodin\u00e1mico y sus l\u00edneas esculpidas, convirti\u00e9ndose en uno de los modelos m\u00e1s destacados de la exposici\u00f3n. La exclusiva edici\u00f3n especial AVATR 11 Royal Edition, con su refinada combinaci\u00f3n de negro obsidiana y gris noble y un acabado brillante inspirado en la majestuosidad de la \u00d3pera Real, destac\u00f3 por su lujo y elegancia, convirti\u00e9ndose en otro punto focal de la exposici\u00f3n. Por otro lado, el AVATR 012 de edici\u00f3n limitada, dise\u00f1ado en colaboraci\u00f3n con Kim Jones y Nader Faghihzadeh, cautiv\u00f3 a los asistentes con su silueta escult\u00f3rica de color plata brillante y su interior inspirado en la est\u00e9tica arquitect\u00f3nica.<\/p>\n<p> Gracias a su innovadora gama de veh\u00edculos de lujo, AVATR ya ha ganado la confianza de casi 190.000 clientes y ha recibido una respuesta muy positiva en mercados como Tailandia, Emiratos \u00c1rabes Unidos y Singapur. Para 2025, la empresa planea expandirse a m\u00e1s de 50 pa\u00edses y regiones, estableciendo una red de m\u00e1s de 160 puntos de venta. Como referente en el sector de los veh\u00edculos el\u00e9ctricos de lujo inteligentes, AVATR avanza con una visi\u00f3n global, con el objetivo de convertirse en una marca l\u00edder a nivel internacional en el segmento de los nuevos veh\u00edculos el\u00e9ctricos inteligentes de lujo..<\/p>\n<p> Foto &#8211; https:\/\/mma.prnewswire.com\/media\/2769902\/Multiple_Star_Models_Lead_Way_AVATR_Shines_New_Luxury_2025.jpg<\/p>\n<p>\nFoto &#8212; https:\/\/mma.prnewswire.com\/media\/2769903\/Multiple_Star_Models_Lead_Way_AVATR_Shines_New_Luxury_2025_1.jpg<\/p>\n<p> View original content:https:\/\/www.prnewswire.com\/news-releases\/avatr-brilla-con-su-concepto-de-lujo-moderno-en-el-salon-del-automovil-de-munich-2025-iaa-302553899.html<\/p>\n","protected":false},"excerpt":{"rendered":"<p>(Informaci\u00f3n remitida por la empresa firmante) &#8211;Varios modelos estrella marcan la pauta: AVATR brilla con su concepto de \u00ablujo moderno\u00bb en el Sal\u00f3n del Autom\u00f3vil de M\u00fanich 2025 (IAA) M\u00daNICH, 11 de septiembre de 2025 \/PRNewswire\/ \u2014 AVATR realiz\u00f3 una destacada presentaci\u00f3n en el Sal\u00f3n del Autom\u00f3vil de M\u00fanich 2025 (IAA), exhibiendo varios modelos emblem\u00e1ticos [&hellip;]<\/p>\n","protected":false},"author":1,"featured_media":0,"comment_status":"closed","ping_status":"closed","sticky":false,"template":"","format":"standard","meta":{"footnotes":""},"categories":[2],"tags":[],"class_list":["post-63490","post","type-post","status-publish","format-standard","hentry","category-noticias"],"_links":{"self":[{"href":"https:\/\/webciudadana.net\/index.php?rest_route=\/wp\/v2\/posts\/63490","targetHints":{"allow":["GET"]}}],"collection":[{"href":"https:\/\/webciudadana.net\/index.php?rest_route=\/wp\/v2\/posts"}],"about":[{"href":"https:\/\/webciudadana.net\/index.php?rest_route=\/wp\/v2\/types\/post"}],"author":[{"embeddable":true,"href":"https:\/\/webciudadana.net\/index.php?rest_route=\/wp\/v2\/users\/1"}],"replies":[{"embeddable":true,"href":"https:\/\/webciudadana.net\/index.php?rest_route=%2Fwp%2Fv2%2Fcomments&post=63490"}],"version-history":[{"count":0,"href":"https:\/\/webciudadana.net\/index.php?rest_route=\/wp\/v2\/posts\/63490\/revisions"}],"wp:attachment":[{"href":"https:\/\/webciudadana.net\/index.php?rest_route=%2Fwp%2Fv2%2Fmedia&parent=63490"}],"wp:term":[{"taxonomy":"category","embeddable":true,"href":"https:\/\/webciudadana.net\/index.php?rest_route=%2Fwp%2Fv2%2Fcategories&post=63490"},{"taxonomy":"post_tag","embeddable":true,"href":"https:\/\/webciudadana.net\/index.php?rest_route=%2Fwp%2Fv2%2Ftags&post=63490"}],"curies":[{"name":"wp","href":"https:\/\/api.w.org\/{rel}","templated":true}]}}