{"id":63497,"date":"2025-09-11T16:42:23","date_gmt":"2025-09-11T14:42:23","guid":{"rendered":"https:\/\/ticker-noticiasep.microcontenidos.com\/NoticiaRSS.vbhtml?user=FRND562DLP&amp;cod=20250911164223"},"modified":"2025-09-11T16:42:23","modified_gmt":"2025-09-11T14:42:23","slug":"mundo-datacolor-y-techkon-se-uniran-para-su-primera-participacion-conjunta-en-labelexpo","status":"publish","type":"post","link":"https:\/\/webciudadana.net\/?p=63497","title":{"rendered":"Mundo: Datacolor y TECHKON se unir\u00e1n para su primera participaci\u00f3n conjunta en LabelExpo"},"content":{"rendered":"\n<p>(Informaci\u00f3n remitida por la empresa firmante)<\/p>\n<p>\nLAWRENCEVILLE, N.J., 11 de septiembre de 2025 \/PRNewswire\/ \u2014 Datacolor, l\u00edder mundial en soluciones de gesti\u00f3n del color, ha anunciado hoy su primera presentaci\u00f3n conjunta con TECHKON USA y TECHKON GmbH en LabelExpo Europe 2025, que se celebrar\u00e1 del 16 al 19 de septiembre en Fira Gran Via, Barcelona. Este evento marcar\u00e1 el debut de la nueva empresa unificada en el sector de la impresi\u00f3n y el embalaje, tras las adquisiciones estrat\u00e9gicas de TECHKON GmbH y TECHKON USA por parte de Datacolor a principios de este a\u00f1o.<\/p>\n<p> Juntas, en el pabell\u00f3n 3, stand G16 de LabelExpo, Datacolor y TECHKON presentan a nivel mundial d\u00e9cadas de innovaci\u00f3n, precisi\u00f3n y la confianza de sus clientes. Su cartera de productos conjunta incluye ahora el galardonado software ChromaQA de TECHKON, la soluci\u00f3n en l\u00ednea SpectroVision, el espectrodens\u00edmetro todo en uno SpectroDens y la plataforma Colibri, que ofrecen soluciones integrales de gesti\u00f3n del color para imprentas, proveedores de tintas, fabricantes de equipos originales y propietarios de marcas.<\/p>\n<p> \u00abEsto es mucho m\u00e1s que una exposici\u00f3n conjunta; representa una muestra de unidad y compromiso\u00bb, afirm\u00f3 Albert Busch, presidente y consejero delegado de Datacolor. \u00abAl integrar las tecnolog\u00edas y la experiencia de TECHKON en la infraestructura global de Datacolor, estamos cumpliendo nuestra promesa de ayudar a los clientes a lograr la precisi\u00f3n del color en todas las etapas del proceso de impresi\u00f3n y embalaje\u00bb.<\/p>\n<p> Los asistentes a LabelExpo 2025 podr\u00e1n comprobar de primera mano c\u00f3mo la empresa combinada est\u00e1 simplificando su oferta de productos, adaptando las soluciones a los procesos de trabajo de los clientes y acelerando la innovaci\u00f3n. Desde la formulaci\u00f3n hasta el control de calidad, Datacolor y TECHKON est\u00e1n redefiniendo la forma en que se mide, gestiona y comunica el color.<\/p>\n<p> \u00abFormar parte de la familia Datacolor nos permite ampliar el alcance de nuestras innovaciones y ofrecer un mayor valor al mercado global\u00bb, a\u00f1adi\u00f3 George Adam, presidente de TECHKON USA. \u00abEstamos muy contentos de presentar nuestra visi\u00f3n unificada y nuestras nuevas capacidades en LabelExpo\u00bb.<\/p>\n<p> Para m\u00e1s informaci\u00f3n, visite www.datacolor.com y https:\/\/www.techkonusa.com.<\/p>\n<p> Acerca de Datacolor<\/p>\n<p>\nDatacolor, l\u00edder mundial en soluciones de gesti\u00f3n del color, ofrece software, instrumentos y servicios para garantizar la precisi\u00f3n del color en materiales, productos e im\u00e1genes. Durante m\u00e1s de 50 a\u00f1os, las marcas, fabricantes y profesionales creativos m\u00e1s importantes del mundo han confiado en las soluciones innovadoras de Datacolor para obtener resultados de color \u00f3ptimos. La empresa ofrece servicios de venta, asistencia t\u00e9cnica y soporte en m\u00e1s de 100 pa\u00edses de Europa, Am\u00e9rica y Asia. Sus clientes pertenecen a sectores como el textil y la confecci\u00f3n, la industria de pinturas y recubrimientos, la automoci\u00f3n y la de pl\u00e1sticos, as\u00ed como a la fotograf\u00eda, el dise\u00f1o y la producci\u00f3n audiovisual. Para m\u00e1s informaci\u00f3n, visite: www.datacolor.com.<\/p>\n<p> Logo &#8211; https:\/\/mma.prnewswire.com\/media\/2078194\/Datacolor_Logo.jpg<\/p>\n<p> View original content:https:\/\/www.prnewswire.com\/news-releases\/datacolor-y-techkon-se-uniran-para-su-primera-participacion-conjunta-en-labelexpo-302554092.html<\/p>\n","protected":false},"excerpt":{"rendered":"<p>(Informaci\u00f3n remitida por la empresa firmante) LAWRENCEVILLE, N.J., 11 de septiembre de 2025 \/PRNewswire\/ \u2014 Datacolor, l\u00edder mundial en soluciones de gesti\u00f3n del color, ha anunciado hoy su primera presentaci\u00f3n conjunta con TECHKON USA y TECHKON GmbH en LabelExpo Europe 2025, que se celebrar\u00e1 del 16 al 19 de septiembre en Fira Gran Via, Barcelona. [&hellip;]<\/p>\n","protected":false},"author":1,"featured_media":0,"comment_status":"closed","ping_status":"closed","sticky":false,"template":"","format":"standard","meta":{"footnotes":""},"categories":[2],"tags":[],"class_list":["post-63497","post","type-post","status-publish","format-standard","hentry","category-noticias"],"_links":{"self":[{"href":"https:\/\/webciudadana.net\/index.php?rest_route=\/wp\/v2\/posts\/63497","targetHints":{"allow":["GET"]}}],"collection":[{"href":"https:\/\/webciudadana.net\/index.php?rest_route=\/wp\/v2\/posts"}],"about":[{"href":"https:\/\/webciudadana.net\/index.php?rest_route=\/wp\/v2\/types\/post"}],"author":[{"embeddable":true,"href":"https:\/\/webciudadana.net\/index.php?rest_route=\/wp\/v2\/users\/1"}],"replies":[{"embeddable":true,"href":"https:\/\/webciudadana.net\/index.php?rest_route=%2Fwp%2Fv2%2Fcomments&post=63497"}],"version-history":[{"count":0,"href":"https:\/\/webciudadana.net\/index.php?rest_route=\/wp\/v2\/posts\/63497\/revisions"}],"wp:attachment":[{"href":"https:\/\/webciudadana.net\/index.php?rest_route=%2Fwp%2Fv2%2Fmedia&parent=63497"}],"wp:term":[{"taxonomy":"category","embeddable":true,"href":"https:\/\/webciudadana.net\/index.php?rest_route=%2Fwp%2Fv2%2Fcategories&post=63497"},{"taxonomy":"post_tag","embeddable":true,"href":"https:\/\/webciudadana.net\/index.php?rest_route=%2Fwp%2Fv2%2Ftags&post=63497"}],"curies":[{"name":"wp","href":"https:\/\/api.w.org\/{rel}","templated":true}]}}