{"id":63511,"date":"2025-09-11T20:40:42","date_gmt":"2025-09-11T18:40:42","guid":{"rendered":"https:\/\/ticker-noticiasep.microcontenidos.com\/NoticiaRSS.vbhtml?user=FRND562DLP&amp;cod=20250911204042"},"modified":"2025-09-11T20:40:42","modified_gmt":"2025-09-11T18:40:42","slug":"mundo-midea-presenta-sus-innovaciones-sostenibles-mas-emblematicas-en-ifa-2025","status":"publish","type":"post","link":"https:\/\/webciudadana.net\/?p=63511","title":{"rendered":"Mundo: Midea presenta sus innovaciones sostenibles m\u00e1s emblem\u00e1ticas en IFA 2025"},"content":{"rendered":"\n<div><img decoding=\"async\" src=\"https:\/\/img.europapress.es\/fotoweb\/fotonoticia_20250911204042_300.jpg\" class=\"ff-og-image-inserted\"><\/div>\n<p>(Informaci\u00f3n remitida por la empresa firmante)<\/p>\n<p>\n&#8211;Midea presenta sus innovaciones sostenibles m\u00e1s emblem\u00e1ticas en IFA 2025, reforzando su visi\u00f3n de bajas emisiones de carbono<\/p>\n<p>\nBERLIN, 11 de septiembre de 2025 \/PRNewswire\/ &#8212; En IFA 2025, Midea reafirm\u00f3 su filosof\u00eda \u00abVISI\u00d3N VERDE, FUTURO AZUL\u00bb con una s\u00f3lida gama de innovaciones sostenibles y tecnolog\u00edas energ\u00e9ticas bajas en carbono. La presentaci\u00f3n demostr\u00f3 no solo la capacidad de I+D de la compa\u00f1\u00eda, sino tambi\u00e9n su compromiso a largo plazo con la responsabilidad ambiental en la industria global de HVAC.<\/p>\n<p> Soluciones pioneras con R290 para el planeta<\/p>\n<p>\nLas soluciones con R290 de Midea, que la compa\u00f1\u00eda ha promovido durante m\u00e1s de 15 a\u00f1os, fueron las protagonistas. Desde el lanzamiento de la primera l\u00ednea de producci\u00f3n de demostraci\u00f3n de R290 del mundo, respaldada por la ONU, en 2010, Midea ha liderado la adopci\u00f3n global de este refrigerante ecol\u00f3gico. Actualmente, opera 12 l\u00edneas de producci\u00f3n avanzadas de R290 con una capacidad anual de 6,4 millones de unidades, respaldadas por extensas aplicaciones pr\u00e1cticas que generan reducciones medibles de las emisiones de carbono en todo el mundo.<\/p>\n<p> La compa\u00f1\u00eda ha desempe\u00f1ado un papel activo en la definici\u00f3n de los est\u00e1ndares internacionales de refrigerantes, impulsando el uso del refrigerante natural R290 en toda la industria. Con el respaldo de m\u00e1s de 10.000 expertos en I+D y 42 laboratorios piloto, Midea ofrece una completa gama de productos con R290. Una de las m\u00e1s destacadas es la bomba de calor h\u00edbrida para interiores H-Pack, desarrollada por el equipo europeo de I+D y dise\u00f1o de Midea. Al utilizar refrigerante R290, combina una alta eficiencia energ\u00e9tica con un dise\u00f1o compacto y sin unidad exterior. Su funci\u00f3n h\u00edbrida permite una integraci\u00f3n perfecta con calderas de gas, garantizando una calefacci\u00f3n fiable incluso en condiciones de fr\u00edo extremo. Un claro ejemplo de la visi\u00f3n de Midea de impulsar un futuro m\u00e1s ecol\u00f3gico a trav\u00e9s de la tecnolog\u00eda.<\/p>\n<p> Raynor: Rendimiento n\u00f3rdico unido a la excelencia en el dise\u00f1o<\/p>\n<p>\nTambi\u00e9n destac\u00f3 Raynor, la bomba de calor de aire de baja temperatura insignia de Midea. Con una clasificaci\u00f3n energ\u00e9tica A+++ y un SCOP l\u00edder en la industria de 5.1, Raynor se encuentra entre las bombas de calor m\u00e1s eficientes del mercado. Las pruebas de prototipos demostraron su capacidad para funcionar de forma fiable a temperaturas de hasta -40 \u00b0C, manteniendo una capacidad de calefacci\u00f3n m\u00e1xima de 5,0 kW a -25 \u00b0C y alcanzando hasta 8,0 kW de potencia m\u00e1xima.<\/p>\n<p> Raynor est\u00e1 dise\u00f1ada para ofrecer una durabilidad y eficiencia excepcionales, incluso en las exigentes condiciones de las regiones costeras n\u00f3rdicas. Su avanzada tecnolog\u00eda anticongelante y anticorrosi\u00f3n, que incluye Prime Guard Hyper Grapfins, un chasis especialmente dise\u00f1ado con una placa inferior calefactora y rodamientos de bolas cer\u00e1micos de larga duraci\u00f3n Flash Defrost, garantiza un rendimiento fiable en condiciones de fr\u00edo y humedad extremos.<\/p>\n<p> Esta combinaci\u00f3n de durabilidad, eficiencia e innovaci\u00f3n en el dise\u00f1o ya le ha valido a Raynor el reconocimiento internacional, incluyendo los premios iF Design Award y Red Dot Design Award. En IFA 2025, Leif Lindner, consejero delegado de IFA Management, entreg\u00f3 el Premio de Oro a la Innovaci\u00f3n en Tecnolog\u00eda de Calefacci\u00f3n Excelente a Vincent Chou, vicepresidente de Midea Residential Air Conditioning, y a Ralph Kobsik, director general de Midea Europe GmbH, lo que refuerza el liderazgo del producto en soluciones de calefacci\u00f3n de \u00faltima generaci\u00f3n.<\/p>\n<p> Solstice: Confort impulsado por IA<\/p>\n<p>\nEl aire acondicionado Solstice, impulsado por IA, cuenta con un deflector de viento giratorio de 180\u00b0 que equilibra suavemente el flujo de aire para un confort inigualable. Refrigeraci\u00f3n y calefacci\u00f3n r\u00e1pidas para satisfacer las necesidades diarias.<\/p>\n<p> En el n\u00facleo de Solstice se encuentra el \u00faltimo motor de IA de Midea, ECOMASTER. Preentrenado con miles de millones de puntos de datos, ECOMASTER predice los cambios ambientales y optimiza el consumo energ\u00e9tico con una precisi\u00f3n excepcional. Esto permite a Solstice mantener una temperatura de confort precisa con un margen de error de \u00b10,3 \u00b0C, a la vez que reduce el consumo energ\u00e9tico en m\u00e1s de un 30 %.<\/p>\n<p> Midea ha anunciado su plan de colaboraci\u00f3n con Microsoft para ofrecer control de voz natural mediante IA. Impulsada por Microsoft Azure, esta tecnolog\u00eda permitir\u00e1 a los usuarios, hablando en cualquiera de los 145 idiomas disponibles, interactuar en lenguaje cotidiano con su aire acondicionado.<\/p>\n<p> La presentaci\u00f3n de Midea en IFA 2025 demostr\u00f3 su compromiso con la vida sostenible. Al combinar ingenier\u00eda avanzada, excelencia en el dise\u00f1o y conocimiento del mercado para liderar la transici\u00f3n hacia unas bajas emisiones de carbono, la compa\u00f1\u00eda contin\u00faa ofreciendo soluciones energ\u00e9ticamente eficientes que equilibran la responsabilidad ambiental con la comodidad diaria.<\/p>\n<p> Foto &#8211; https:\/\/mma.prnewswire.com\/media\/2771069\/image1.jpg<\/p>\n<p>\nFoto &#8212; https:\/\/mma.prnewswire.com\/media\/2771070\/image2.jpg<\/p>\n<p>\nFoto &#8212; https:\/\/mma.prnewswire.com\/media\/2771068\/image3.jpg<\/p>\n<p> View original content:https:\/\/www.prnewswire.com\/news-releases\/midea-presenta-sus-innovaciones-sostenibles-mas-emblematicas-en-ifa-2025-302554339.html<\/p>\n","protected":false},"excerpt":{"rendered":"<p>(Informaci\u00f3n remitida por la empresa firmante) &#8211;Midea presenta sus innovaciones sostenibles m\u00e1s emblem\u00e1ticas en IFA 2025, reforzando su visi\u00f3n de bajas emisiones de carbono BERLIN, 11 de septiembre de 2025 \/PRNewswire\/ &#8212; En IFA 2025, Midea reafirm\u00f3 su filosof\u00eda \u00abVISI\u00d3N VERDE, FUTURO AZUL\u00bb con una s\u00f3lida gama de innovaciones sostenibles y tecnolog\u00edas energ\u00e9ticas bajas en [&hellip;]<\/p>\n","protected":false},"author":1,"featured_media":0,"comment_status":"closed","ping_status":"closed","sticky":false,"template":"","format":"standard","meta":{"footnotes":""},"categories":[2],"tags":[],"class_list":["post-63511","post","type-post","status-publish","format-standard","hentry","category-noticias"],"_links":{"self":[{"href":"https:\/\/webciudadana.net\/index.php?rest_route=\/wp\/v2\/posts\/63511","targetHints":{"allow":["GET"]}}],"collection":[{"href":"https:\/\/webciudadana.net\/index.php?rest_route=\/wp\/v2\/posts"}],"about":[{"href":"https:\/\/webciudadana.net\/index.php?rest_route=\/wp\/v2\/types\/post"}],"author":[{"embeddable":true,"href":"https:\/\/webciudadana.net\/index.php?rest_route=\/wp\/v2\/users\/1"}],"replies":[{"embeddable":true,"href":"https:\/\/webciudadana.net\/index.php?rest_route=%2Fwp%2Fv2%2Fcomments&post=63511"}],"version-history":[{"count":0,"href":"https:\/\/webciudadana.net\/index.php?rest_route=\/wp\/v2\/posts\/63511\/revisions"}],"wp:attachment":[{"href":"https:\/\/webciudadana.net\/index.php?rest_route=%2Fwp%2Fv2%2Fmedia&parent=63511"}],"wp:term":[{"taxonomy":"category","embeddable":true,"href":"https:\/\/webciudadana.net\/index.php?rest_route=%2Fwp%2Fv2%2Fcategories&post=63511"},{"taxonomy":"post_tag","embeddable":true,"href":"https:\/\/webciudadana.net\/index.php?rest_route=%2Fwp%2Fv2%2Ftags&post=63511"}],"curies":[{"name":"wp","href":"https:\/\/api.w.org\/{rel}","templated":true}]}}