{"id":63515,"date":"2025-09-11T19:57:26","date_gmt":"2025-09-11T17:57:26","guid":{"rendered":"https:\/\/ticker-noticiasep.microcontenidos.com\/NoticiaRSS.vbhtml?user=FRND562DLP&amp;cod=20250911195726"},"modified":"2025-09-11T19:57:26","modified_gmt":"2025-09-11T17:57:26","slug":"mundo-el-ministerio-de-educacion-de-brasil-la-unesco-y-huawei-lanzan-proyectos-en-bahia-y-para","status":"publish","type":"post","link":"https:\/\/webciudadana.net\/?p=63515","title":{"rendered":"Mundo: El Ministerio de Educaci\u00f3n de Brasil, la UNESCO y Huawei lanzan proyectos en Bah\u00eda y Par\u00e1"},"content":{"rendered":"\n<div><img decoding=\"async\" src=\"https:\/\/img.europapress.es\/fotoweb\/fotonoticia_20250911195726_300.jpg\" class=\"ff-og-image-inserted\"><\/div>\n<p>(Informaci\u00f3n remitida por la empresa firmante)<\/p>\n<p>\nEl Ministerio de Educaci\u00f3n de Brasil, la UNESCO y Huawei lanzan proyectos de transformaci\u00f3n digital de Escuelas Abiertas en Bah\u00eda y Par\u00e1<\/p>\n<p>\nSAO PAULO, 11 de septiembre de 2025\/PRNewswire\/ &#8212; El Ministerio de Educaci\u00f3n de Brasil, la UNESCO y Huawei lanzaron proyectos piloto de \u00abEscuelas abiertas con tecnolog\u00eda para todos\u00bb en Bah\u00eda y Par\u00e1.<\/p>\n<p> Con \u00e9nfasis en la educaci\u00f3n digital verde y en llegar a regiones desatendidas, el proyecto brindar\u00e1 a las escuelas:<\/p>\n<p>\nInfraestructura de conectividad<\/p>\n<p>\nSistemas de energ\u00eda solar<\/p>\n<p>\nFormaci\u00f3n docente en tecnolog\u00eda educativa<\/p>\n<p>\nDispositivos digitales para las aulas<\/p>\n<p>\nCurr\u00edculos digitales<\/p>\n<p>\nCon el apoyo de las secretar\u00edas de educaci\u00f3n de los estados de Bah\u00eda y Par\u00e1 y en el marco de la iniciativa de inclusi\u00f3n digital TECH4ALL de Huawei, el proyecto tambi\u00e9n establecer\u00e1 dos centros de formaci\u00f3n docente en las regiones norte y noreste de Brasil. Liderados por el Laboratorio de Creatividad e Innovaci\u00f3n para la Educaci\u00f3n B\u00e1sica (LabCrie), se prev\u00e9 que ambos centros se concluyan a finales de 2025.<\/p>\n<p> \u00abEsta iniciativa demuestra c\u00f3mo la conectividad, las herramientas digitales y la formaci\u00f3n docente pueden enriquecer los espacios de aprendizaje. No se trata solo de usar la tecnolog\u00eda, sino de incorporarla de forma cr\u00edtica, creativa y sostenible, preparando a nuestras escuelas, educadores y estudiantes para los desaf\u00edos de hoy y del futuro\u00bb, afirm\u00f3 Iuri Rubim, director general del Instituto An\u00edsio Teixeira, adscrito a la Secretar\u00eda de Educaci\u00f3n del Estado de Bah\u00eda.<\/p>\n<p> Alineado con el Objetivo de Desarrollo Sostenible 4 de la ONU y ahora en su segunda fase, el proyecto Escuelas Abiertas tiene como objetivo crear sistemas educativos resilientes que respalden las pol\u00edticas educativas nacionales, sustenten la transformaci\u00f3n digital del sector educativo y ampl\u00eden el acceso equitativo a la educaci\u00f3n digital.<\/p>\n<p> \u00abCreemos que esta iniciativa es clave para impulsar la digitalizaci\u00f3n de la educaci\u00f3n en Brasil. Act\u00faa como catalizador para preparar a la sociedad para la transformaci\u00f3n digital, garantizando que el futuro se construya con mayor innovaci\u00f3n y equidad para todos\u00bb, explic\u00f3 Rafael Herdy, educador y coordinador de Tecnolog\u00eda de la Secretar\u00eda de Educaci\u00f3n del Estado de Par\u00e1.<\/p>\n<p> La capacitaci\u00f3n docente se centrar\u00e1 en la formaci\u00f3n de docentes de secundaria y preparatoria en educaci\u00f3n digital sostenible e IA. Impartido a trav\u00e9s de la plataforma de aprendizaje virtual AVAMEC del Ministerio de Educaci\u00f3n, el programa de capacitaci\u00f3n busca beneficiar a 1.000 docentes y estudiantes de escuelas p\u00fablicas de Jequi\u00e9 y Breves.<\/p>\n<p> \u00abLa UNESCO reconoce que ninguna pantalla podr\u00e1 jam\u00e1s reemplazar a un docente, pero creemos en el enorme potencial de la tecnolog\u00eda en la educaci\u00f3n para construir futuros m\u00e1s inclusivos y sostenibles\u00bb, coment\u00f3 Maria Rehder, oficial de Proyectos de la UNESCO en Brasil. \u00abLa iniciativa representa un avance en la integraci\u00f3n de la tecnolog\u00eda y la educaci\u00f3n. Desarrollaremos metodolog\u00edas de educaci\u00f3n digital sostenible e inteligencia artificial basadas en el di\u00e1logo con los propios educadores\u00bb.<\/p>\n<p> El proyecto tambi\u00e9n pretende fortalecer las pol\u00edticas p\u00fablicas de Brasil en materia de educaci\u00f3n digital, incluyendo el desarrollo de una gu\u00eda nacional sobre educaci\u00f3n digital verde que abarque plataformas nacionales mejoradas, la conexi\u00f3n de escuelas, la construcci\u00f3n de infraestructura tecnol\u00f3gica sostenible y la capacitaci\u00f3n de docentes en IA.<\/p>\n<p> \u00abEscuelas Abiertas refleja el compromiso de Huawei con la democratizaci\u00f3n del acceso a la tecnolog\u00eda y la construcci\u00f3n de un futuro digital m\u00e1s inclusivo\u00bb, indic\u00f3 Elise Machado, Coordinadora de Asuntos Gubernamentales de Huawei Brasil. \u00abCreemos que la inclusi\u00f3n digital comienza con la educaci\u00f3n. Proyectos como este alinean la innovaci\u00f3n, la sostenibilidad y el desarrollo humano, impactando directamente a las comunidades en regiones hist\u00f3ricamente marginadas\u00bb.<\/p>\n<p> Adem\u00e1s de Brasil, la segunda fase de los proyectos de Escuelas Abiertas se est\u00e1 ejecutando en Egipto y Tailandia. La primera fase se desarroll\u00f3 entre 2020 y 2024 en Egipto, Etiop\u00eda y Ghana.<\/p>\n<p>\nEn Egipto, Escuelas Abiertas apoya a 950.000 educadores de primaria y secundaria a trav\u00e9s del Centro Nacional de Educaci\u00f3n a Distancia.<\/p>\n<p>\nEn Etiop\u00eda, el proyecto benefici\u00f3 a 12.000 estudiantes y 250 educadores en 24 escuelas secundarias y mejor\u00f3 el acceso a plataformas educativas para estudiantes y educadores en todo el pa\u00eds.<\/p>\n<p>\nEn Ghana, el proyecto lleg\u00f3 a 1.000 docentes y 3.000 estudiantes y mejor\u00f3 las plataformas educativas nacionales.<\/p>\n<p> Foto &#8211; https:\/\/mma.prnewswire.com\/media\/2770933\/Students_and_teachers_from_Breves_Public_School__Par__State__Brazil___Photo_credit__Huawei.jpg<\/p>\n<p> View original content:https:\/\/www.prnewswire.com\/news-releases\/el-ministerio-de-educacion-de-brasil-la-unesco-y-huawei-lanzan-proyectos-en-bahia-y-para-302554293.html<\/p>\n","protected":false},"excerpt":{"rendered":"<p>(Informaci\u00f3n remitida por la empresa firmante) El Ministerio de Educaci\u00f3n de Brasil, la UNESCO y Huawei lanzan proyectos de transformaci\u00f3n digital de Escuelas Abiertas en Bah\u00eda y Par\u00e1 SAO PAULO, 11 de septiembre de 2025\/PRNewswire\/ &#8212; El Ministerio de Educaci\u00f3n de Brasil, la UNESCO y Huawei lanzaron proyectos piloto de \u00abEscuelas abiertas con tecnolog\u00eda para [&hellip;]<\/p>\n","protected":false},"author":1,"featured_media":0,"comment_status":"closed","ping_status":"closed","sticky":false,"template":"","format":"standard","meta":{"footnotes":""},"categories":[2],"tags":[],"class_list":["post-63515","post","type-post","status-publish","format-standard","hentry","category-noticias"],"_links":{"self":[{"href":"https:\/\/webciudadana.net\/index.php?rest_route=\/wp\/v2\/posts\/63515","targetHints":{"allow":["GET"]}}],"collection":[{"href":"https:\/\/webciudadana.net\/index.php?rest_route=\/wp\/v2\/posts"}],"about":[{"href":"https:\/\/webciudadana.net\/index.php?rest_route=\/wp\/v2\/types\/post"}],"author":[{"embeddable":true,"href":"https:\/\/webciudadana.net\/index.php?rest_route=\/wp\/v2\/users\/1"}],"replies":[{"embeddable":true,"href":"https:\/\/webciudadana.net\/index.php?rest_route=%2Fwp%2Fv2%2Fcomments&post=63515"}],"version-history":[{"count":0,"href":"https:\/\/webciudadana.net\/index.php?rest_route=\/wp\/v2\/posts\/63515\/revisions"}],"wp:attachment":[{"href":"https:\/\/webciudadana.net\/index.php?rest_route=%2Fwp%2Fv2%2Fmedia&parent=63515"}],"wp:term":[{"taxonomy":"category","embeddable":true,"href":"https:\/\/webciudadana.net\/index.php?rest_route=%2Fwp%2Fv2%2Fcategories&post=63515"},{"taxonomy":"post_tag","embeddable":true,"href":"https:\/\/webciudadana.net\/index.php?rest_route=%2Fwp%2Fv2%2Ftags&post=63515"}],"curies":[{"name":"wp","href":"https:\/\/api.w.org\/{rel}","templated":true}]}}