{"id":63525,"date":"2025-09-12T10:31:14","date_gmt":"2025-09-12T08:31:14","guid":{"rendered":"https:\/\/ticker-noticiasep.microcontenidos.com\/NoticiaRSS.vbhtml?user=FRND562DLP&amp;cod=20250912103114"},"modified":"2025-09-12T10:31:14","modified_gmt":"2025-09-12T08:31:14","slug":"salud-asanec-alerta-del-aumento-de-diabetes-tipo-2-en-menores-por-el-sedentarismo-y-los-malos-habitos","status":"publish","type":"post","link":"https:\/\/webciudadana.net\/?p=63525","title":{"rendered":"Salud: ASANEC alerta del aumento de diabetes tipo 2 en menores por el sedentarismo y los malos h\u00e1bitos"},"content":{"rendered":"\n<div><img decoding=\"async\" src=\"https:\/\/img.europapress.es\/fotoweb\/fotonoticia_20250912103114_300.jpg\" class=\"ff-og-image-inserted\"><\/div>\n<p>(Informaci\u00f3n remitida por la empresa firmante)<\/p>\n<p>\nASANEC se\u00f1ala al sobrepeso y los h\u00e1bitos poco saludables, como el consumo de ultraprocesados y bebidas azucaradas, como factores que predisponen el desarrollo de la enfermedad<\/p>\n<p>\nLa Asociaci\u00f3n Andaluza de EfyC aplaude la entrada en vigor del Nuevo Real Decreto que limita los alimentos de alto contenido en sal, grasas y az\u00facares, creando espacios escolares saludables y seguros<\/p>\n<p>\nSevilla, 12 de septiembre de 2025.- <\/p>\n<p>\n.- La Asociaci\u00f3n Andaluza de Enfermer\u00eda Familiar y Comunitaria (ASANEC) ha puesto de relieve la preocupaci\u00f3n creciente por el aumento de la diabetes en poblaci\u00f3n infantil y adolescente en Andaluc\u00eda, una enfermedad que, seg\u00fan los datos disponibles, afecta aproximadamente a 1,5\u20132 de cada 1.000 menores.<\/p>\n<p>\nMercedes Terrero, coordinadora del grupo de trabajo de Diabetes de ASANEC, explica que \u201cla diabetes tipo 1 sigue siendo la forma m\u00e1s frecuente en la infancia, pero preocupa el crecimiento de casos de diabetes tipo 2 en adolescentes con obesidad y h\u00e1bitos de vida poco saludables, algo que hace unos a\u00f1os era anecd\u00f3tico\u201d.<\/p>\n<p>\nDesde la asociaci\u00f3n se\u00f1alan varios factores detr\u00e1s de esta tendencia: menor actividad f\u00edsica, aumento del consumo de ultraprocesados y bebidas azucaradas, y dificultades sociales y econ\u00f3micas para mantener una dieta equilibrada. \u201cEn el caso de la diabetes tipo 1, hablamos de una enfermedad autoinmune; no est\u00e1 relacionada con la dieta, pero su control s\u00ed depende de unos h\u00e1bitos saludables\u201d, recuerda Terrero.<\/p>\n<p>\nAs\u00ed mismo, ASANEC ve como muy positiva la entrada en vigor del nuevo Real Decreto que limita los alimentos que superen determinado n\u00famero de nutrientes con alto contenido en sal, grasas y az\u00facares. Una medida que se enmarca en el Plan Estrat\u00e9gico Nacional para la reducci\u00f3n de la obesidad infantil 2022-2030. Al igual que las enfermeras de Familia y Comunitaria tienen un papel esencial para detectar riesgos y trabajar en red con colegios, pediatras y hospitales, para ASANEC resulta vital que \u201cla Administraci\u00f3n garantice programas que promuevan la salud en las escuelas, con acceso a alimentos saludables en comedores y creando entornos escolares seguros\u201d.<\/p>\n<p>\nASANEC defiende la importancia de la prevenci\u00f3n y la educaci\u00f3n en salud como estrategia fundamental. En este sentido, destaca el papel de la enfermera especialista en Familiar y Comunitaria, presente en Atenci\u00f3n Primaria, y de la figura emergente de la enfermera escolar, como referentes clave para acompa\u00f1ar a familias y centros educativos.<\/p>\n<p>\nLa diabetes en la infancia no solo impacta en la salud y la calidad de vida de los menores y sus familias, sino que tambi\u00e9n compromete la sostenibilidad del sistema sanitario. \u201cSi un ni\u00f1o no logra un buen control, puede desarrollar complicaciones cr\u00f3nicas en edades muy tempranas, con un gran coste personal y social\u201d, apunta la formadora del grupo de educaci\u00f3n terap\u00e9utica en diabetes del distrito sanitario de Sevilla Norte.<\/p>\n<p>\nFinalmente, recuerda que el control de la diabetes infantojuvenil ha mejorado gracias a las nuevas tecnolog\u00edas\u2014sensores de glucosa, bombas de insulina y aplicaciones m\u00f3viles\u2014, pero que sigue siendo imprescindible el apoyo continuo a familias y docentes con protocolos claros de actuaci\u00f3n.<\/p>\n<p>\nASANEC promueve actividades de sensibilizaci\u00f3n y formaci\u00f3n en centros de salud y escolares, y reclama a las administraciones un mayor compromiso. \u201cEs necesario reforzar la Atenci\u00f3n Primaria, apostar por la educaci\u00f3n para la salud en la escuela y facilitar el acceso a entornos y comedores saludables\u201d, se\u00f1ala Terrero.<\/p>\n<p>\nSobre Asanec<\/p>\n<p>\nAsanec es la Asociaci\u00f3n Andaluza de Enfermer\u00eda Familiar y Comunitaria formada por enfermeras y enfermeros de toda la geograf\u00eda andaluza que, sin \u00e1nimo de lucro, trabajan por y para el desarrollo de la profesi\u00f3n. Asanec, como sociedad cient\u00edfica, persigue la mejora de la calidad asistencial en el \u00e1mbito comunitario desde la defensa de la sanidad p\u00fablica, influyendo y dialogando con las Administraciones. Entre sus fines se encuentra brindar formaci\u00f3n e investigaci\u00f3n en la pr\u00e1ctica de la enfermer\u00eda para ofrecer cuidados de calidad a la comunidad, as\u00ed como colaborar con otras sociedades cient\u00edficas y asociaciones para el mejor desarrollo de la profesi\u00f3n.<\/p>\n<p>\nContacto de Prensa:<\/p>\n<p>\nLeopoldo Eduardo Alonso Llofriu<\/p>\n<p>\n722 78 40 41<\/p>\n<p>\nleopoldoalonso@europapress.es<\/p>\n<p>\nSandra Delgado<\/p>\n<p>\n600 905 085<\/p>\n<p>\nsandradelgado@europapress.es<\/p>\n","protected":false},"excerpt":{"rendered":"<p>(Informaci\u00f3n remitida por la empresa firmante) ASANEC se\u00f1ala al sobrepeso y los h\u00e1bitos poco saludables, como el consumo de ultraprocesados y bebidas azucaradas, como factores que predisponen el desarrollo de la enfermedad La Asociaci\u00f3n Andaluza de EfyC aplaude la entrada en vigor del Nuevo Real Decreto que limita los alimentos de alto contenido en sal, [&hellip;]<\/p>\n","protected":false},"author":1,"featured_media":0,"comment_status":"closed","ping_status":"closed","sticky":false,"template":"","format":"standard","meta":{"footnotes":""},"categories":[2],"tags":[],"class_list":["post-63525","post","type-post","status-publish","format-standard","hentry","category-noticias"],"_links":{"self":[{"href":"https:\/\/webciudadana.net\/index.php?rest_route=\/wp\/v2\/posts\/63525","targetHints":{"allow":["GET"]}}],"collection":[{"href":"https:\/\/webciudadana.net\/index.php?rest_route=\/wp\/v2\/posts"}],"about":[{"href":"https:\/\/webciudadana.net\/index.php?rest_route=\/wp\/v2\/types\/post"}],"author":[{"embeddable":true,"href":"https:\/\/webciudadana.net\/index.php?rest_route=\/wp\/v2\/users\/1"}],"replies":[{"embeddable":true,"href":"https:\/\/webciudadana.net\/index.php?rest_route=%2Fwp%2Fv2%2Fcomments&post=63525"}],"version-history":[{"count":0,"href":"https:\/\/webciudadana.net\/index.php?rest_route=\/wp\/v2\/posts\/63525\/revisions"}],"wp:attachment":[{"href":"https:\/\/webciudadana.net\/index.php?rest_route=%2Fwp%2Fv2%2Fmedia&parent=63525"}],"wp:term":[{"taxonomy":"category","embeddable":true,"href":"https:\/\/webciudadana.net\/index.php?rest_route=%2Fwp%2Fv2%2Fcategories&post=63525"},{"taxonomy":"post_tag","embeddable":true,"href":"https:\/\/webciudadana.net\/index.php?rest_route=%2Fwp%2Fv2%2Ftags&post=63525"}],"curies":[{"name":"wp","href":"https:\/\/api.w.org\/{rel}","templated":true}]}}