{"id":63526,"date":"2025-09-12T10:28:03","date_gmt":"2025-09-12T08:28:03","guid":{"rendered":"https:\/\/ticker-noticiasep.microcontenidos.com\/NoticiaRSS.vbhtml?user=FRND562DLP&amp;cod=20250912102803"},"modified":"2025-09-12T10:28:03","modified_gmt":"2025-09-12T08:28:03","slug":"sociedad-la-justicia-anula-una-sancion-de-4-001-e-impuesta-a-un-guia-turistico-por-transportar-a-sus-clientes","status":"publish","type":"post","link":"https:\/\/webciudadana.net\/?p=63526","title":{"rendered":"Sociedad: La Justicia anula una sanci\u00f3n de 4.001 \u20ac impuesta a un gu\u00eda tur\u00edstico por transportar a sus clientes"},"content":{"rendered":"\n<div><img decoding=\"async\" src=\"https:\/\/img.europapress.es\/fotoweb\/fotonoticia_20250912102803_300.jpg\" class=\"ff-og-image-inserted\"><\/div>\n<p>(Informaci\u00f3n remitida por la empresa firmante)<\/p>\n<p> Madrid, 12 de septiembre de 2025. <\/p>\n<p> La Justicia ha dado la raz\u00f3n a un gu\u00eda tur\u00edstico que fue sancionado con 4.001 \u20ac cuando trasladaba en un veh\u00edculo privado a sus clientes desde el alojamiento hasta el inicio del tour que \u00e9l mismo dirig\u00eda.<\/p>\n<p> La Polic\u00eda Local interrumpi\u00f3 el trayecto del gu\u00eda, le impidi\u00f3 continuar su actividad, le solicit\u00f3 la licencia para el transporte de viajeros y le exigi\u00f3 el pago inmediato de la sanci\u00f3n.<\/p>\n<p> \u201cParecemos delincuentes por llevar a los clientes a nuestras propias visitas guiadas, me vi obligado a pagar una multa de 4.001 \u20ac para poder hacer mi trabajo despu\u00e9s de haber sido acusado de hacer algo ilegal, dej\u00e1ndome mal delante de mis clientes, que esperaban dentro del veh\u00edculo, por lo que sufr\u00ed un grave perjuicio a mi imagen profesional\u201d, asegura el gu\u00eda tur\u00edstico afectado, \u00c1lvaro Garc\u00eda.<\/p>\n<p> Como responsable del negocio, tuvo que asumir la responsabilidad de tal asalto, enfrent\u00e1ndose a una \u201csituaci\u00f3n inc\u00f3moda y desagradable, me separaron de los clientes y comenzaron a interrogarlos con preguntas inapropiadas e intrusivas como cu\u00e1ndo me hab\u00edan pagado, de qu\u00e9 forma, si ten\u00edan justificantes o facturas del pago, c\u00f3mo me conocieron\u2026\u201d.<\/p>\n<p> Adem\u00e1s de ver interrumpida la ejecuci\u00f3n de su servicio durante casi una hora, \u00c1lvaro Garc\u00eda explica que tuvo que seguir adelante en un p\u00e9simo estado an\u00edmico: \u201cme afect\u00f3 muy negativamente que la polic\u00eda cuestionase mi profesionalidad y la legalidad de mis servicios, cuando ni siquiera hab\u00eda una base clara ni contundente para su actuaci\u00f3n, ya que comenzaron a debatir entre compa\u00f1eros y a cuestionar la resoluci\u00f3n\u201d.<\/p>\n<p> Los abogados Ismael Istambul y Marcos Rey del despacho Iberum Abogados, que prepararon y llevaron la defensa del gu\u00eda tur\u00edstico, denuncian la inseguridad jur\u00eddica, el abuso administrativo y la indefensi\u00f3n que provoca la laber\u00edntica normativa estatal, puesto que \u201ceste caso ejemplifica la pr\u00e1ctica generalizada de inmovilizar los veh\u00edculos de empresa de los gu\u00edas tur\u00edsticos, exigir licencias que no proceden y sancionar cuando no est\u00e1n cometiendo ninguna ilegalidad\u201d.<\/p>\n<p> Desde Iberum Abogados subrayan los perjuicios directos que sufren tanto los profesionales del \u00e1mbito tur\u00edstico espa\u00f1ol como los turistas debido a la hiperregulaci\u00f3n existente.<\/p>\n<p> El Juzgado de lo Contencioso-Administrativo n\u00ba4 de Madrid estim\u00f3 el recurso interpuesto por Iberum Abogados y declar\u00f3 la nulidad de la resoluci\u00f3n de la Viceconsejer\u00eda de Transportes e Infraestructuras de la Comunidad de Madrid ?resoluci\u00f3n de 17\/09\/2024, expediente BD-11552.2\/23?, que ratificaba la sanci\u00f3n impuesta en abril de 2024 por la Direcci\u00f3n General de Transportes tras la denuncia de la Polic\u00eda Local.<\/p>\n<p> En el fallo, el tribunal aclara que \u201cno se trata de un contrato de transporte, dado que no se ofrece un transporte desde un lugar concreto a un destino elegido o predeterminado, sino siempre desde el alojamiento hasta el lugar donde se vaya a desarrollar el tour tur\u00edstico, es decir, el desarrollo de los servicios ofrecidos\u201d.<\/p>\n<p> Como conclusi\u00f3n, el juzgado declara que \u201cno requiere, por tanto, de ning\u00fan t\u00edtulo habilitante, nunca ha realizado transporte p\u00fablico alguno\u201d.<\/p>\n<p> De esta forma, el tribunal consider\u00f3 probada que la actividad econ\u00f3mica principal de \u00c1lvaro Garc\u00eda es la de gu\u00eda tur\u00edstico, debidamente registrado como agente de viajes.<\/p>\n<p> Tras graduarse en Administraci\u00f3n de Empresas y especializarse en Marketing, \u00c1lvaro Garc\u00eda trabaj\u00f3 durante m\u00e1s de 10 a\u00f1os como profesional del Marketing hasta 2023, cuando fund\u00f3 una agencia de viajes dedicada exclusivamente a puertorrique\u00f1os que visitan Espa\u00f1a.<\/p>\n<p> En menos de dos a\u00f1os, ha consolidado un equipo operativo repartido por diferentes ciudades espa\u00f1olas y se ha convertido en un referente en el sector tur\u00edstico, llegando a organizar en Puerto Rico un congreso dedicado al turismo en Espa\u00f1a a cuya \u00faltima edici\u00f3n acudieron m\u00e1s de 1.000 personas.<\/p>\n<p> Para desarrollar toda esta actividad asegura que siempre ha llevado todo en regla y, en concreto, para sus desplazamientos profesionales, \u00c1lvaro Garc\u00eda cuenta con un seguro de cauci\u00f3n de agencia de viajes para ofrecer sus tours por diferentes ciudades del centro de Espa\u00f1a, destacando visitas a la ciudad de Toledo como la que prest\u00f3 el d\u00eda que fue detenido y sancionado.<\/p>\n<p> \u201cLo que m\u00e1s me doli\u00f3 es que iba bien documentado y que no sirvi\u00f3 de nada mostrarle toda mi documentaci\u00f3n al agente, parece que nos tenemos que esconder para poder prestar nuestros servicios\u201d, asegura \u00c1lvaro Garc\u00eda.<\/p>\n<p> &nbsp; Un precedente para el sector jur\u00eddico y tur\u00edstico espa\u00f1ol La defensa liderada por Iberum Abogados argument\u00f3 que la sanci\u00f3n se impuso sin base normativa clara, sin motivaci\u00f3n suficiente y vulnerando el derecho de defensa, lo que constituye causa de nulidad conforme al art\u00edculo 47.1.e) de la Ley 39\/2015.<\/p>\n<p> La sentencia, que no ha sido recurrida y es firme, anula por completo la multa y la resoluci\u00f3n administrativa que se impuso a \u00c1lvaro Garc\u00eda y remarca que estos traslados, siempre que formen parte del servicio tur\u00edstico ofrecido, son legales al no suponer una actividad econ\u00f3mica aparte.<\/p>\n<p> Adem\u00e1s, el dictamen recuerda que el veh\u00edculo estaba integrado en la organizaci\u00f3n del negocio, siendo un turismo de menos de 9 plazas para transporte privado complementario que no requiere autorizaci\u00f3n administrativa espec\u00edfica.<\/p>\n<p> Ismael Istambul, socio fundador y responsable del \u00c1rea de Derecho Civil, Derecho Laboral y Seguridad Social de Iberum Abogados, asegura que \u201cfue un abuso sobre el que se ha hecho justicia gracias a la valent\u00eda y al coraje de \u00c1lvaro Garc\u00eda, se ha conseguido una sentencia \u00fanica que facilita el cambio de aplicaci\u00f3n y allana el camino a quienes se encuentran en esta misma situaci\u00f3n\u201d.<\/p>\n<p> Istambul destaca el car\u00e1cter \u00fanico de esta sentencia, ya que \u201cen muchos casos las personas desisten por el coste econ\u00f3mico y la carga que supone recurrir, la gente no lucha, hemos logrado que se aclare la interpretaci\u00f3n normativa que tanto est\u00e1 asfixiando a los gu\u00edas tur\u00edsticos con exigencias desproporcionadas\u201d.<\/p>\n<p> Por su parte, Marcos Rey, consultor jur\u00eddico del \u00c1rea de Derecho P\u00fablico y Derechos Constitucionales de Iberum Abogados, considera que \u201cesta sentencia manda un mensaje claro a las administraciones p\u00fablicas, no puede ser que un sector motor de la econom\u00eda espa\u00f1ola como es el tur\u00edstico tenga que enfrentarse a la judicializaci\u00f3n de este tipo de actuaciones, que impide a los profesionales trabajar libremente y con todos sus derechos\u201d.<\/p>\n<p> Desde Iberum Abogados, valoran como un \u201cacto atroz\u201d este abuso de poder por parte del Estado.<\/p>\n<p> El afectado, \u00c1lvaro Garc\u00eda, reconoce que ha comentado muchas veces con compa\u00f1eros situaciones similares a las que vivi\u00f3, \u201csentimos que tenemos que ir a por los pasajeros a escondidas cuando cumplimos las normas y los recogemos en lugares habilitados, si tengo que llevar a un grupo a una ruta de vinos en la Ribera del Duero, ese es el servicio tur\u00edstico y el transporte forma parte del mismo\u201d.<\/p>\n<p> &nbsp;&nbsp;<\/p>\n<p>\nEmisor: Iberum Abogados <\/p>\n<p>\nContacto: Carmen Sede\u00f1o 614 26 50 75 comunicacioniberumabogados@gmail.com<\/p>\n","protected":false},"excerpt":{"rendered":"<p>(Informaci\u00f3n remitida por la empresa firmante) Madrid, 12 de septiembre de 2025. La Justicia ha dado la raz\u00f3n a un gu\u00eda tur\u00edstico que fue sancionado con 4.001 \u20ac cuando trasladaba en un veh\u00edculo privado a sus clientes desde el alojamiento hasta el inicio del tour que \u00e9l mismo dirig\u00eda. La Polic\u00eda Local interrumpi\u00f3 el trayecto [&hellip;]<\/p>\n","protected":false},"author":1,"featured_media":0,"comment_status":"closed","ping_status":"closed","sticky":false,"template":"","format":"standard","meta":{"footnotes":""},"categories":[2],"tags":[],"class_list":["post-63526","post","type-post","status-publish","format-standard","hentry","category-noticias"],"_links":{"self":[{"href":"https:\/\/webciudadana.net\/index.php?rest_route=\/wp\/v2\/posts\/63526","targetHints":{"allow":["GET"]}}],"collection":[{"href":"https:\/\/webciudadana.net\/index.php?rest_route=\/wp\/v2\/posts"}],"about":[{"href":"https:\/\/webciudadana.net\/index.php?rest_route=\/wp\/v2\/types\/post"}],"author":[{"embeddable":true,"href":"https:\/\/webciudadana.net\/index.php?rest_route=\/wp\/v2\/users\/1"}],"replies":[{"embeddable":true,"href":"https:\/\/webciudadana.net\/index.php?rest_route=%2Fwp%2Fv2%2Fcomments&post=63526"}],"version-history":[{"count":0,"href":"https:\/\/webciudadana.net\/index.php?rest_route=\/wp\/v2\/posts\/63526\/revisions"}],"wp:attachment":[{"href":"https:\/\/webciudadana.net\/index.php?rest_route=%2Fwp%2Fv2%2Fmedia&parent=63526"}],"wp:term":[{"taxonomy":"category","embeddable":true,"href":"https:\/\/webciudadana.net\/index.php?rest_route=%2Fwp%2Fv2%2Fcategories&post=63526"},{"taxonomy":"post_tag","embeddable":true,"href":"https:\/\/webciudadana.net\/index.php?rest_route=%2Fwp%2Fv2%2Ftags&post=63526"}],"curies":[{"name":"wp","href":"https:\/\/api.w.org\/{rel}","templated":true}]}}