{"id":63541,"date":"2025-09-12T20:48:59","date_gmt":"2025-09-12T18:48:59","guid":{"rendered":"https:\/\/ticker-noticiasep.microcontenidos.com\/NoticiaRSS.vbhtml?user=FRND562DLP&amp;cod=20250912204859"},"modified":"2025-09-12T20:48:59","modified_gmt":"2025-09-12T18:48:59","slug":"mundo-gac-inaugura-un-centro-europeo-de-distribucion-de-repuestos-impulsando-el-servicio-localizado","status":"publish","type":"post","link":"https:\/\/webciudadana.net\/?p=63541","title":{"rendered":"Mundo: GAC inaugura un Centro Europeo de Distribuci\u00f3n de Repuestos, impulsando el servicio localizado"},"content":{"rendered":"\n<div><img decoding=\"async\" src=\"https:\/\/img.europapress.es\/fotoweb\/fotonoticia_20250912204859_300.jpg\" class=\"ff-og-image-inserted\"><\/div>\n<p>(Informaci\u00f3n remitida por la empresa firmante)<\/p>\n<p>\nROTTERDAM, Pa\u00edses Bajos, 12 de septiembre de 2025 \/PRNewswire\/ &#8212; El 5 de septiembre se inaugur\u00f3 oficialmente el Centro Europeo de Distribuci\u00f3n de Repuestos de GAC en R\u00f3terdam, Pa\u00edses Bajos. Como componente fundamental de la red log\u00edstica de GAC en Europa, el centro opera bajo el principio estrat\u00e9gico de \u00abEn Europa, para Europa, integr\u00e1ndose en Europa, sirviendo a Europa, contribuyendo a Europa\u00bb. Esta inauguraci\u00f3n representa un avance significativo en los esfuerzos de GAC por fortalecer su sistema de servicio posventa en la regi\u00f3n. Tambi\u00e9n marca una nueva etapa en la globalizaci\u00f3n de las marcas de automoci\u00f3n chinas y acelera su estrategia de localizaci\u00f3n en los mercados internacionales.<\/p>\n<p> Wei Haigang, presidente de GAC INTERNATIONAL, afirm\u00f3 que GAC continuar\u00e1 fortaleciendo su presencia local, construyendo una red de servicio internacional eficiente y confiable para apoyar a GAC en el avance de una de sus \u00abtres iniciativas clave\u00bb: proporcionar experiencias excepcionales al cliente.<\/p>\n<p> Con todos los invitados como testigos, la ceremonia de inauguraci\u00f3n y descubrimient0 de la placa se celebraron simult\u00e1neamente. Mientras se descubr\u00eda oficialmente la placa del \u00abCentro Europeo de Distribuci\u00f3n de Repuestos GAC\u00bb, el primer cami\u00f3n, completamente cargado con repuestos, sali\u00f3 lentamente del almac\u00e9n, representando el compromiso con un servicio eficiente y realzando el ambiente del evento. Al finalizar la ceremonia, los invitados y el equipo de GAC se reunieron para una foto de grupo, capturando este momento de colaboraci\u00f3n transfronteriza.<\/p>\n<p> El Centro Europeo de Distribuci\u00f3n de Repuestos prestar\u00e1 servicio a toda Europa continental con un sistema transparente de gesti\u00f3n de inventario, mecanismos de distribuci\u00f3n \u00e1giles y un panel de control log\u00edstico visual. Estas mejoras permitir\u00e1n a los concesionarios adquirir las piezas necesarias con mayor rapidez, minimizando la presi\u00f3n de inventario y, en \u00faltima instancia, permitiendo a los clientes disfrutar de un servicio posventa m\u00e1s eficiente y fiable. De cara al futuro, GAC seguir\u00e1 optimizando su cadena de suministro y sistema de servicio europeos, mejorando el reconocimiento de marca y la confianza de los clientes, y marcando un nuevo hito en el desarrollo de las marcas chinas en el mercado automovil\u00edstico europeo. Esto fortalecer\u00e1 la integraci\u00f3n de las industrias de autom\u00f3viles chinas y europea.<\/p>\n<p> Foto &#8211; https:\/\/mma.prnewswire.com\/media\/2771981\/image.jpg<\/p>\n<p> View original content:https:\/\/www.prnewswire.com\/news-releases\/gac-inaugura-un-centro-europeo-de-distribucion-de-repuestos-impulsando-el-servicio-localizado-302555406.html<\/p>\n","protected":false},"excerpt":{"rendered":"<p>(Informaci\u00f3n remitida por la empresa firmante) ROTTERDAM, Pa\u00edses Bajos, 12 de septiembre de 2025 \/PRNewswire\/ &#8212; El 5 de septiembre se inaugur\u00f3 oficialmente el Centro Europeo de Distribuci\u00f3n de Repuestos de GAC en R\u00f3terdam, Pa\u00edses Bajos. Como componente fundamental de la red log\u00edstica de GAC en Europa, el centro opera bajo el principio estrat\u00e9gico de [&hellip;]<\/p>\n","protected":false},"author":1,"featured_media":0,"comment_status":"closed","ping_status":"closed","sticky":false,"template":"","format":"standard","meta":{"footnotes":""},"categories":[2],"tags":[],"class_list":["post-63541","post","type-post","status-publish","format-standard","hentry","category-noticias"],"_links":{"self":[{"href":"https:\/\/webciudadana.net\/index.php?rest_route=\/wp\/v2\/posts\/63541","targetHints":{"allow":["GET"]}}],"collection":[{"href":"https:\/\/webciudadana.net\/index.php?rest_route=\/wp\/v2\/posts"}],"about":[{"href":"https:\/\/webciudadana.net\/index.php?rest_route=\/wp\/v2\/types\/post"}],"author":[{"embeddable":true,"href":"https:\/\/webciudadana.net\/index.php?rest_route=\/wp\/v2\/users\/1"}],"replies":[{"embeddable":true,"href":"https:\/\/webciudadana.net\/index.php?rest_route=%2Fwp%2Fv2%2Fcomments&post=63541"}],"version-history":[{"count":0,"href":"https:\/\/webciudadana.net\/index.php?rest_route=\/wp\/v2\/posts\/63541\/revisions"}],"wp:attachment":[{"href":"https:\/\/webciudadana.net\/index.php?rest_route=%2Fwp%2Fv2%2Fmedia&parent=63541"}],"wp:term":[{"taxonomy":"category","embeddable":true,"href":"https:\/\/webciudadana.net\/index.php?rest_route=%2Fwp%2Fv2%2Fcategories&post=63541"},{"taxonomy":"post_tag","embeddable":true,"href":"https:\/\/webciudadana.net\/index.php?rest_route=%2Fwp%2Fv2%2Ftags&post=63541"}],"curies":[{"name":"wp","href":"https:\/\/api.w.org\/{rel}","templated":true}]}}