{"id":63568,"date":"2025-09-16T07:51:27","date_gmt":"2025-09-16T05:51:27","guid":{"rendered":"https:\/\/ticker-noticiasep.microcontenidos.com\/NoticiaRSS.vbhtml?user=FRND562DLP&amp;cod=20250916075127"},"modified":"2025-09-16T07:51:27","modified_gmt":"2025-09-16T05:51:27","slug":"mundo-rlc-global-forum-2026-se-reune-en-riad-ante-la-encrucijada-del-crecimiento-global","status":"publish","type":"post","link":"https:\/\/webciudadana.net\/?p=63568","title":{"rendered":"Mundo: RLC Global Forum 2026 se re\u00fane en Riad ante la encrucijada del crecimiento global"},"content":{"rendered":"\n<div><img decoding=\"async\" src=\"https:\/\/img.europapress.es\/fotoweb\/fotonoticia_20250916075127_300.jpg\" class=\"ff-og-image-inserted\"><\/div>\n<p>(Informaci\u00f3n remitida por la empresa firmante)<\/p>\n<p>\nEn un contexto de comercio transfronterizo cambiante, patrones de consumo en evoluci\u00f3n y la necesidad de inteligencia artificial global, el RLC Global Forum regresa a Riad para definir el futuro de las industrias minoristas y de atenci\u00f3n al cliente en un momento clave para el crecimiento.<\/p>\n<p> RIAD, Arabia Saud\u00ed, 16 de septiembre de 2025 \/PRNewswire\/ &#8212; El RLC Global Forum ha confirmado a Riad como la ciudad anfitriona de su reuni\u00f3n insignia de 2026, que tendr\u00e1 lugar los d\u00edas 3 y 4 de febrero bajo el tema estrat\u00e9gico \u00abEncrucijadas de crecimiento\u00bb.<\/p>\n<p> El anuncio se produce tras la edici\u00f3n r\u00e9cord de 2025, que convoc\u00f3 a m\u00e1s de 2.000 l\u00edderes s\u00e9nior de 42 pa\u00edses y gener\u00f3 resultados tangibles en los sectores del comercio transfronterizo, la venta minorista de alimentos, el lujo, la tecnolog\u00eda y la innovaci\u00f3n.<\/p>\n<p> El programa de 2026 reunir\u00e1 a l\u00edderes regionales y globales para centrarse en:<\/p>\n<p>\nSesiones de liderazgo p\u00fablico-privado que abordan prioridades intersectoriales y pol\u00edticas.<\/p>\n<p>\nSesiones sobre comercio minorista, bienes inmuebles e infraestructura en destinos de estilo de vida del futuro.<\/p>\n<p>\nMuestras de innovaci\u00f3n en lujo, moda, belleza, alimentaci\u00f3n y tecnolog\u00eda financiera.<\/p>\n<p>\nGrupos de trabajo intersectoriales sobre comercio, trabajo e integraci\u00f3n regional.<\/p>\n<p> A medida que el Golfo emerge como un centro de gravedad para la innovaci\u00f3n y la inversi\u00f3n minorista, el Foro fortalece su compromiso global con el di\u00e1logo multilateral y la colaboraci\u00f3n entre mercados, conectando los centros de crecimiento del Sur Global con las econom\u00edas establecidas para construir un futuro m\u00e1s resiliente e inclusivo.<\/p>\n<p> Los ponentes de RLC 2026 incluyen a:<\/p>\n<p>\nSam Kim, vicepresidente y consejero delegado del grupo, Lotte Retail, Corea del Sur<\/p>\n<p>\nAndr\u00e9 Maeder, consejero delegado, Selfridges Group, Reino Unido<\/p>\n<p>\nMarco Bizzarri, co-fundador y consejero delegado, Forel, Italia<\/p>\n<p>\nAlison Rehill-Erguven, consejera delegada, Cenomi Centers, RAS<\/p>\n<p>\nSima Ved, fundadora y presidenta, Apparel Group, EAU<\/p>\n<p>\nGeoffroy Van Raemdonck, director independiente, Moncler Group, EE.UU.<\/p>\n<p>\nDr. Bander Hamooh, consejero delegado, Panda Retail Company, RAS<\/p>\n<p>\nMichael Chalhoub, consejero delegado, Chalhoub Group, EAU<\/p>\n<p>\nJaume Miquel Naudi, president y consejero delegado, Tendam, Espa\u00f1a <\/p>\n<p>\nSelvane Mohandas du Menil, director, IADS, Francia<\/p>\n<p>\nStefania Lazzaroni, consejera delegada, Altagamma, Italia<\/p>\n<p>\nMina Fader, directora, Jay H. Baker Retailing Center, The Wharton School, University of Pennsylvania, EE.UU.<\/p>\n<p>\nDr. Martyn Davies, asesor ejecutivo, Royal Commission for Riyadh City, RAS<\/p>\n<p>\nEmanuela Prandelli, PhD, LVMH Professor of Fashion and Luxury Management, Bocconi University, Italia<\/p>\n<p>\nFahed Ghanim, consejero delegado, Majid Al Futtaim \u2013 Lifestyle, EAU<\/p>\n<p>\nSebastian Suhl, consejero delegado, END., Reino Unido<\/p>\n<p> \u00abEn un mundo en transformaci\u00f3n, la b\u00fasqueda del crecimiento nunca ha sido tan estrat\u00e9gica\u00bb, afirm\u00f3 Panos Linardos, presidente del RLC Global Forum. \u00abAl elegir Riad una vez m\u00e1s, situamos al Foro en el centro de una regi\u00f3n que impulsa nuevas formas de crecimiento y exploramos c\u00f3mo estos centros emergentes se conectan con los mercados consolidados para moldear el futuro del comercio minorista y el comercio.\u00bb<\/p>\n<p>\nFoto: https:\/\/mma.prnewswire.com\/media\/2772770\/RLC_Global_Forum.jpg<\/p>\n<p> View original content:https:\/\/www.prnewswire.com\/es\/comunicados-de-prensa\/rlc-global-forum-2026-se-reune-en-riad-ante-la-encrucijada-del-crecimiento-global-302557192.html<\/p>\n","protected":false},"excerpt":{"rendered":"<p>(Informaci\u00f3n remitida por la empresa firmante) En un contexto de comercio transfronterizo cambiante, patrones de consumo en evoluci\u00f3n y la necesidad de inteligencia artificial global, el RLC Global Forum regresa a Riad para definir el futuro de las industrias minoristas y de atenci\u00f3n al cliente en un momento clave para el crecimiento. RIAD, Arabia Saud\u00ed, [&hellip;]<\/p>\n","protected":false},"author":1,"featured_media":0,"comment_status":"closed","ping_status":"closed","sticky":false,"template":"","format":"standard","meta":{"footnotes":""},"categories":[2],"tags":[],"class_list":["post-63568","post","type-post","status-publish","format-standard","hentry","category-noticias"],"_links":{"self":[{"href":"https:\/\/webciudadana.net\/index.php?rest_route=\/wp\/v2\/posts\/63568","targetHints":{"allow":["GET"]}}],"collection":[{"href":"https:\/\/webciudadana.net\/index.php?rest_route=\/wp\/v2\/posts"}],"about":[{"href":"https:\/\/webciudadana.net\/index.php?rest_route=\/wp\/v2\/types\/post"}],"author":[{"embeddable":true,"href":"https:\/\/webciudadana.net\/index.php?rest_route=\/wp\/v2\/users\/1"}],"replies":[{"embeddable":true,"href":"https:\/\/webciudadana.net\/index.php?rest_route=%2Fwp%2Fv2%2Fcomments&post=63568"}],"version-history":[{"count":0,"href":"https:\/\/webciudadana.net\/index.php?rest_route=\/wp\/v2\/posts\/63568\/revisions"}],"wp:attachment":[{"href":"https:\/\/webciudadana.net\/index.php?rest_route=%2Fwp%2Fv2%2Fmedia&parent=63568"}],"wp:term":[{"taxonomy":"category","embeddable":true,"href":"https:\/\/webciudadana.net\/index.php?rest_route=%2Fwp%2Fv2%2Fcategories&post=63568"},{"taxonomy":"post_tag","embeddable":true,"href":"https:\/\/webciudadana.net\/index.php?rest_route=%2Fwp%2Fv2%2Ftags&post=63568"}],"curies":[{"name":"wp","href":"https:\/\/api.w.org\/{rel}","templated":true}]}}