{"id":63570,"date":"2025-09-16T09:15:50","date_gmt":"2025-09-16T07:15:50","guid":{"rendered":"https:\/\/ticker-noticiasep.microcontenidos.com\/NoticiaRSS.vbhtml?user=FRND562DLP&amp;cod=20250916091550"},"modified":"2025-09-16T09:15:50","modified_gmt":"2025-09-16T07:15:50","slug":"sociedad-intu-xanadu-pone-en-marcha-la-campana-imaginate-quedarte-en-blanco-y-para-concienciar-sobre-el-alzheimer","status":"publish","type":"post","link":"https:\/\/webciudadana.net\/?p=63570","title":{"rendered":"Sociedad: intu Xanad\u00fa pone en marcha la campa\u00f1a &#8216;Imag\u00ednate quedarte en blanco y*&#8217; para concienciar sobre el Alzheimer"},"content":{"rendered":"\n<div><img decoding=\"async\" src=\"https:\/\/img.europapress.es\/fotoweb\/fotonoticia_20250916091550_300.jpg\" class=\"ff-og-image-inserted\"><\/div>\n<p>(Informaci\u00f3n remitida por la empresa firmante)<\/p>\n<p> Madrid, 16 de septiembre de 2025. intu Xanad\u00fa lanza por cuarto a\u00f1o consecutivo &#8216;Imag\u00ednate quedarte en blanco y*&#8217;, una iniciativa impulsada por CBRE en el marco del D\u00eda Mundial del Alzheimer que tendr\u00e1 lugar el 21 de septiembre, y cuyo objetivo es visibilizar, concienciar y sensibilizar sobre la enfermedad tanto a los visitantes como al conjunto de la sociedad.<\/p>\n<p> Como muestra adem\u00e1s del apoyo y compromiso con los afectados y sus familias, el mi\u00e9rcoles 17 y jueves 18 de septiembre, un grupo formado por enfermos, expertos y representantes de la Asociaci\u00f3n Alois Alzheimer, AFA Alcorc\u00f3n, visitar\u00e1n Atlantis. Un tour por el acuario interactivo de intu Xanad\u00fa con el que se pretende ofrecer planes de ocio que ayuden a mantener la mente activa y favorecer la estimulaci\u00f3n cognitiva de estos pacientes.<\/p>\n<p> Dificultades cotidianas por la falta de memoria <\/p>\n<p> Bajo el lema &#8216;Imag\u00ednate quedarte en blanco y*&#8217;, intu Xanad\u00fa pondr\u00e1 en marcha adem\u00e1s del 15 al 21 de septiembre una campa\u00f1a visual en diferentes puntos del centro (aseos, ascensores, cajeros*) con el objetivo de mostrar el papel esencial que juega la memoria en el d\u00eda a d\u00eda. <\/p>\n<p> De esta forma, los visitantes se ir\u00e1n encontrando carteles en blanco en los que podr\u00e1n leer frases como &#8216;Imag\u00ednate quedarte en blanco y* no saber d\u00f3nde est\u00e1s&#8217;, &#8216;Imag\u00ednate quedarte en blanco y*no reconocerte&#8217; o &#8216;Imag\u00ednate quedarte en blanco y*no recordar lo que has venido a preguntar&#8217;; lemas cuyo objetivo es impactar de manera visual a quien lo lee y concienciar sobre algunas de las dificultades que provoca el Alzheimer por culpa de la falta de memoria y el olvido.<\/p>\n<p> Por \u00faltimo, esta iniciativa se enmarca dentro de &#8216;Compromiso intu Xanad\u00fa&#8217;, un plan de acci\u00f3n puesto en marcha por el destino madrile\u00f1o para generar un impacto positivo en la comunidad y contribuir al bienestar social a trav\u00e9s de la colaboraci\u00f3n y compromiso con las personas y organizaciones locales. <\/p>\n<p> M\u00e1s informaci\u00f3n: https:\/\/www.intuxanadu.com\/blog\/salud\/dia-mundial-del-alzheimer\/<\/p>\n","protected":false},"excerpt":{"rendered":"<p>(Informaci\u00f3n remitida por la empresa firmante) Madrid, 16 de septiembre de 2025. intu Xanad\u00fa lanza por cuarto a\u00f1o consecutivo &#8216;Imag\u00ednate quedarte en blanco y*&#8217;, una iniciativa impulsada por CBRE en el marco del D\u00eda Mundial del Alzheimer que tendr\u00e1 lugar el 21 de septiembre, y cuyo objetivo es visibilizar, concienciar y sensibilizar sobre la enfermedad [&hellip;]<\/p>\n","protected":false},"author":1,"featured_media":0,"comment_status":"closed","ping_status":"closed","sticky":false,"template":"","format":"standard","meta":{"footnotes":""},"categories":[2],"tags":[],"class_list":["post-63570","post","type-post","status-publish","format-standard","hentry","category-noticias"],"_links":{"self":[{"href":"https:\/\/webciudadana.net\/index.php?rest_route=\/wp\/v2\/posts\/63570","targetHints":{"allow":["GET"]}}],"collection":[{"href":"https:\/\/webciudadana.net\/index.php?rest_route=\/wp\/v2\/posts"}],"about":[{"href":"https:\/\/webciudadana.net\/index.php?rest_route=\/wp\/v2\/types\/post"}],"author":[{"embeddable":true,"href":"https:\/\/webciudadana.net\/index.php?rest_route=\/wp\/v2\/users\/1"}],"replies":[{"embeddable":true,"href":"https:\/\/webciudadana.net\/index.php?rest_route=%2Fwp%2Fv2%2Fcomments&post=63570"}],"version-history":[{"count":0,"href":"https:\/\/webciudadana.net\/index.php?rest_route=\/wp\/v2\/posts\/63570\/revisions"}],"wp:attachment":[{"href":"https:\/\/webciudadana.net\/index.php?rest_route=%2Fwp%2Fv2%2Fmedia&parent=63570"}],"wp:term":[{"taxonomy":"category","embeddable":true,"href":"https:\/\/webciudadana.net\/index.php?rest_route=%2Fwp%2Fv2%2Fcategories&post=63570"},{"taxonomy":"post_tag","embeddable":true,"href":"https:\/\/webciudadana.net\/index.php?rest_route=%2Fwp%2Fv2%2Ftags&post=63570"}],"curies":[{"name":"wp","href":"https:\/\/api.w.org\/{rel}","templated":true}]}}