{"id":63597,"date":"2025-09-17T00:01:58","date_gmt":"2025-09-16T22:01:58","guid":{"rendered":"https:\/\/ticker-noticiasep.microcontenidos.com\/NoticiaRSS.vbhtml?user=FRND562DLP&amp;cod=20250917000158"},"modified":"2025-09-17T00:01:58","modified_gmt":"2025-09-16T22:01:58","slug":"mundo-congreso-eadv-2025-el-eczema-atopico-se-relaciona-con-un-riesgo-mucho-mayor-de-pensamientos-suicidas","status":"publish","type":"post","link":"https:\/\/webciudadana.net\/?p=63597","title":{"rendered":"Mundo: Congreso EADV 2025: El eczema at\u00f3pico se relaciona con un riesgo mucho mayor de pensamientos suicidas"},"content":{"rendered":"\n<p>(Informaci\u00f3n remitida por la empresa firmante)<\/p>\n<p>\nPARIS, 17 de septiembre de 2025 \/PRNewswire\/ &#8212; Un nuevo estudio internacional presentado hoy en el Congreso 2025 de la Academia Europea de Dermatolog\u00eda y Venereolog\u00eda (EADV) revela que los adultos con eczema at\u00f3pico (EA) tienen muchas m\u00e1s probabilidades de experimentar pensamientos suicidas.<\/p>\n<p> Como una de las investigaciones globales m\u00e1s grandes para examinar la relaci\u00f3n entre el EA y la ideaci\u00f3n suicida, el estudio \u00abCicatrices de la Vida\u00bb encuest\u00f3 a 30.801 adultos en 27 pa\u00edses en 2024. Entre ellos, 15.223 eran adultos con EA actual confirmado por un m\u00e9dico, mientras que 7.968 adultos sin EA sirvieron como grupo de control.<\/p>\n<p> Los participantes con EA actual se agruparon por edad de aparici\u00f3n del EA (infancia, adolescencia o adulto) y completaron un cuestionario detallado en l\u00ednea que capturaba informaci\u00f3n sociodemogr\u00e1fica, idea suicida autoinformada, gravedad de picaz\u00f3n y dolor de piel, gravedad del EA y experiencias de estigmatizaci\u00f3n relacionada con la piel.<\/p>\n<p> Los resultados mostraron que el 13,2 % de los adultos con EA reportaron ideas suicidas, en comparaci\u00f3n con el 8,5 % de los adultos sin EA. Todos los subgrupos de EA, independientemente de si la afecci\u00f3n comenz\u00f3 en la infancia, la adolescencia o la edad adulta, presentaron mayor probabilidad de idea suicida que los controles.<\/p>\n<p> El eczema at\u00f3pico, una enfermedad inflamatoria cr\u00f3nica de la piel que afecta a m\u00e1s de 200 millones de personas en todo el mundo, se caracteriza por episodios recurrentes de piel seca, con picaz\u00f3n e inflamaci\u00f3n. M\u00e1s all\u00e1 de los s\u00edntomas f\u00edsicos, su impacto en la salud mental es cada vez m\u00e1s reconocido, y muchos experimentan ansiedad, depresi\u00f3n y estigma social, junto con los desaf\u00edos diarios de controlar su enfermedad.<\/p>\n<p> Cabe destacar que el estudio identific\u00f3 varios factores fuertemente asociados con la idea suicida en adultos con EA. Los adultos m\u00e1s j\u00f3venes, en particular los menores de 30 a\u00f1os, fueron m\u00e1s propensos a reportar pensamientos suicidas (OR = 1,6), al igual que las personas con obesidad (OR = 1,29).<\/p>\n<p> Las caracter\u00edsticas cl\u00ednicas tambi\u00e9n desempe\u00f1aron un papel importante: los EA de moderados a graves duplicaron las probabilidades de idea suicida (OR = 2,01), mientras que el prurito (picaz\u00f3n), el dolor de piel y la alta intensidad general de los s\u00edntomas se asociaron significativamente con un mayor riesgo.<\/p>\n<p> Los factores psicosociales y del sue\u00f1o contribuyeron a\u00fan m\u00e1s al riesgo. Los adultos con pensamientos suicidas reportaron mayores niveles de estigmatizaci\u00f3n y una mayor prevalencia de trastornos del sue\u00f1o, con insomnio mixto (dificultad para conciliar el sue\u00f1o y permanecer dormido) notablemente vinculado a la idea suicida (OR = 1,78).<\/p>\n<p> La doctora Delphine Kerob, una de las investigadoras principales, coment\u00f3: \u00abLos resultados destacan que los efectos del eczema at\u00f3pico van m\u00e1s all\u00e1 de lo superficial, y que los pensamientos suicidas representan una preocupaci\u00f3n grave y frecuente que los profesionales de la salud suelen pasar por alto\u00bb.<\/p>\n<p> \u00abAl identificar los principales factores de riesgo que subyacen a la idea suicida en esta poblaci\u00f3n, esperamos que este estudio ayude a los profesionales sanitarios a reconocer y abordar mejor estos desaf\u00edos, contribuyendo as\u00ed al bienestar general de los pacientes de forma m\u00e1s eficaz\u00bb.<\/p>\n<p> View original content:https:\/\/www.prnewswire.com\/news-releases\/congreso-eadv-2025-el-eczema-atopico-se-relaciona-con-un-riesgo-mucho-mayor-de-pensamientos-suicidas-302555225.html<\/p>\n","protected":false},"excerpt":{"rendered":"<p>(Informaci\u00f3n remitida por la empresa firmante) PARIS, 17 de septiembre de 2025 \/PRNewswire\/ &#8212; Un nuevo estudio internacional presentado hoy en el Congreso 2025 de la Academia Europea de Dermatolog\u00eda y Venereolog\u00eda (EADV) revela que los adultos con eczema at\u00f3pico (EA) tienen muchas m\u00e1s probabilidades de experimentar pensamientos suicidas. Como una de las investigaciones globales [&hellip;]<\/p>\n","protected":false},"author":1,"featured_media":0,"comment_status":"closed","ping_status":"closed","sticky":false,"template":"","format":"standard","meta":{"footnotes":""},"categories":[2],"tags":[],"class_list":["post-63597","post","type-post","status-publish","format-standard","hentry","category-noticias"],"_links":{"self":[{"href":"https:\/\/webciudadana.net\/index.php?rest_route=\/wp\/v2\/posts\/63597","targetHints":{"allow":["GET"]}}],"collection":[{"href":"https:\/\/webciudadana.net\/index.php?rest_route=\/wp\/v2\/posts"}],"about":[{"href":"https:\/\/webciudadana.net\/index.php?rest_route=\/wp\/v2\/types\/post"}],"author":[{"embeddable":true,"href":"https:\/\/webciudadana.net\/index.php?rest_route=\/wp\/v2\/users\/1"}],"replies":[{"embeddable":true,"href":"https:\/\/webciudadana.net\/index.php?rest_route=%2Fwp%2Fv2%2Fcomments&post=63597"}],"version-history":[{"count":0,"href":"https:\/\/webciudadana.net\/index.php?rest_route=\/wp\/v2\/posts\/63597\/revisions"}],"wp:attachment":[{"href":"https:\/\/webciudadana.net\/index.php?rest_route=%2Fwp%2Fv2%2Fmedia&parent=63597"}],"wp:term":[{"taxonomy":"category","embeddable":true,"href":"https:\/\/webciudadana.net\/index.php?rest_route=%2Fwp%2Fv2%2Fcategories&post=63597"},{"taxonomy":"post_tag","embeddable":true,"href":"https:\/\/webciudadana.net\/index.php?rest_route=%2Fwp%2Fv2%2Ftags&post=63597"}],"curies":[{"name":"wp","href":"https:\/\/api.w.org\/{rel}","templated":true}]}}