{"id":63605,"date":"2025-09-17T10:24:01","date_gmt":"2025-09-17T08:24:01","guid":{"rendered":"https:\/\/ticker-noticiasep.microcontenidos.com\/NoticiaRSS.vbhtml?user=FRND562DLP&amp;cod=20250917102401"},"modified":"2025-09-17T10:24:01","modified_gmt":"2025-09-17T08:24:01","slug":"sociedad-los-arcos-impulsa-zona-cero-pantallas-para-concienciar-sobre-el-uso-excesivo-de-pantallas-en-la-infancia","status":"publish","type":"post","link":"https:\/\/webciudadana.net\/?p=63605","title":{"rendered":"Sociedad: Los Arcos impulsa \u201cZona Cero Pantallas\u201d para concienciar sobre el uso excesivo de pantallas en la infancia"},"content":{"rendered":"\n<div><img decoding=\"async\" src=\"https:\/\/img.europapress.es\/fotoweb\/fotonoticia_20250917102401_300.jpg\" class=\"ff-og-image-inserted\"><\/div>\n<p>(Informaci\u00f3n remitida por la empresa firmante)<\/p>\n<p>\nDel 26 de septiembre al 4 de octubre, Los Arcos acoge la iniciativa \u201cZona Cero Pantallas\u201d, con actividades gratuitas para concienciar sobre el uso saludable de la tecnolog\u00eda en la infancia<\/p>\n<p>\nLa influencer \u2018Luc\u00eda, Mi Pediatra\u2019, junto a expertos del Hospital San Juan de Dios y la asociaci\u00f3n Asanec, ofrecer\u00e1 una charla gratuita sobre los efectos del uso excesivo de pantallas y consejos para un consumo equilibrado en ni\u00f1os y adolescentes<\/p>\n<p>\nDurante la semana se realizar\u00e1n charlas en colegios, retos sin pantallas y juegos tradicionales<\/p>\n<p>\nEn la provincia de Sevilla, m\u00e1s de 222.000 ni\u00f1os de entre 0 y 11 a\u00f1os podr\u00edan estar expuestos a un uso abusivo de pantallas con riesgos para su desarrollo f\u00edsico, cognitivo y emocional<\/p>\n<p>\nSevilla, 17 de septiembre de 2025.-*El centro comercial Los Arcos, el centro comercial de referencia de la provincia de Sevilla, llevar\u00e1 a cabo una campa\u00f1a de concienciaci\u00f3n ciudadana sobre los efectos del uso excesivo de pantallas en ni\u00f1os. De acuerdo a diversos estudios, se estima que m\u00e1s de 222.000 ni\u00f1os de entre 0 y 11 a\u00f1os podr\u00edan estar expuestos a un uso abusivo de pantallas en la provincia, lo que puede ocasionar retrasos en la comunicaci\u00f3n y en las habilidades de resoluci\u00f3n de problemas, as\u00ed como dificultades para conciliar el sue\u00f1o y problemas de ansiedad.<\/p>\n<p>\nAnte esta situaci\u00f3n, y en su labor de ser parte activa de la sociedad, del 26 de septiembre al 4 de octubre, el centro comercial Los Arcos llevar\u00e1 a cabo una campa\u00f1a de concienciaci\u00f3n que incluir\u00e1 charlas en colegios, una mesa redonda de expertos e influencers especializados en desarrollo infantil y actividades familiares.<\/p>\n<p>\nLuc\u00eda Mi Pediatra en Los Arcos<\/p>\n<p>\nLa campa\u00f1a contar\u00e1 con la participaci\u00f3n de*Luc\u00eda Gal\u00e1n Bertrand, conocida como Luc\u00eda, Mi Pediatra, m\u00e9dica especializada en pediatr\u00eda, divulgadora y autora de referencia en crianza y salud infantil. Reconocida por su cercan\u00eda y rigor, Luc\u00eda combina su experiencia m\u00e9dica con un lenguaje emp\u00e1tico, llegando a miles de familias a trav\u00e9s de sus redes sociales, conferencias y publicaciones.<\/p>\n<p>\nEl pr\u00f3ximo*27 de septiembre a las 18:00 horas, Los Arcos acoger\u00e1 una*mesa redonda moderada por Luc\u00eda Mi Pediatra, en la que tambi\u00e9n participar\u00e1 la coordinadora del grupo Atenci\u00f3n a la Infancia y Adolescencia de la*Asociaci\u00f3n Andaluza de Enfermer\u00eda Familiar y Comunitaria (Asanec), Roc\u00edo del Pilar Cordero,*y un representante del*Hospital San Juan de Dios.<\/p>\n<p>\nEn este encuentro se abordar\u00e1n los efectos del uso excesivo de pantallas en ni\u00f1os y adolescentes, as\u00ed como sus consecuencias en el desarrollo f\u00edsico y emocional, al tiempo que se ofrecer\u00e1n herramientas pr\u00e1cticas para un uso equilibrado de la tecnolog\u00eda en el hogar. Esta sesi\u00f3n, que ser\u00e1 libre y gratuita, tambi\u00e9n incluir\u00e1 un turno de preguntas abierto a las familias asistentes.<\/p>\n<p>\nAdem\u00e1s, la mesa redonda ser\u00e1*grabada en formato podcast*para que pueda ser vista y escuchada posteriormente en diferentes plataformas digitales. Este cap\u00edtulo formar\u00e1 parte de una serie de podcasts que se registrar\u00e1n en distintos centros comerciales de Espa\u00f1a, acercando as\u00ed el debate y la reflexi\u00f3n a un p\u00fablico m\u00e1s amplio.<\/p>\n<p>\nLa cita se completar\u00e1 con una*firma de libros de Luc\u00eda Mi Pediatra, que tendr\u00e1 lugar de*20:00 a 21:30 horas*en el propio centro comercial, ofreciendo a las familias la oportunidad de conocer a la autora y llevarse sus obras dedicadas.<\/p>\n<p>\nUna semana repleta de actividades cero pantallas para ni\u00f1os y adultos<\/p>\n<p>\nAdem\u00e1s de la mesa redonda, la campa\u00f1a Zona Cero Pantallas desarrollar\u00e1 durante toda la semana en Los Arcos un*completo programa de actividades gratuitas*para concienciar sobre un uso saludable de la tecnolog\u00eda en la infancia. Se realizar\u00e1n*charlas en colegios*a cargo de pediatras y expertos locales,*el \u2018Reto Zona Cero Pantallas\u2019*\u2014una experiencia en la que las familias podr\u00e1n dejar sus m\u00f3viles en taquillas y sumar minutos sin pantallas para ganar premios\u2014, y*una zona de juegos anal\u00f3gicos*para redescubrir cl\u00e1sicos como las chapas, el scalextric o la rayuela.<\/p>\n<p>\nLuis Enrique Ruiz, gerente de Los Arcos, comentaba que*\u201cpara Los Arcos es un orgullo acoger una iniciativa tan necesaria como Zona Cero Pantallas. Sabemos que muchas familias buscan ideas y recursos para equilibrar el uso de las pantallas, y esta campa\u00f1a les brinda la oportunidad de aprender, compartir y descubrir alternativas que fortalecen los v\u00ednculos familiares.\u201d<\/p>\n<p>\nM\u00e1s informaci\u00f3n y reservas a trav\u00e9s de la APP de Los Arcos.<\/p>\n<p>\nSobre Los Arcos*<\/p>\n<p>\nLos Arcos, propiedad de Castellana Properties y gestionado por Cushman &amp; Wakefield, l\u00edder global en servicios inmobiliarios, desarrolla a lo largo del a\u00f1o distintas acciones sociales, ambientales y culturales a fin de mejorar su entorno. La realizaci\u00f3n en sus instalaciones de estas iniciativas forma parte de su responsabilidad social que persigue la mejora de la vida de los sevillanos.<\/p>\n<p>\nContacto prensa:<\/p>\n<p>\nLeopoldo Eduardo Alonso Llofriu*<\/p>\n<p>\n600 90 56 25<\/p>\n<p>\nleopoldoalonso@europapress.es<\/p>\n<p>\nVirginia Garc\u00eda<\/p>\n<p>\n679 17 79 45<\/p>\n<p>\nvirginiagarcia@europapress.es<\/p>\n","protected":false},"excerpt":{"rendered":"<p>(Informaci\u00f3n remitida por la empresa firmante) Del 26 de septiembre al 4 de octubre, Los Arcos acoge la iniciativa \u201cZona Cero Pantallas\u201d, con actividades gratuitas para concienciar sobre el uso saludable de la tecnolog\u00eda en la infancia La influencer \u2018Luc\u00eda, Mi Pediatra\u2019, junto a expertos del Hospital San Juan de Dios y la asociaci\u00f3n Asanec, [&hellip;]<\/p>\n","protected":false},"author":1,"featured_media":0,"comment_status":"closed","ping_status":"closed","sticky":false,"template":"","format":"standard","meta":{"footnotes":""},"categories":[2],"tags":[],"class_list":["post-63605","post","type-post","status-publish","format-standard","hentry","category-noticias"],"_links":{"self":[{"href":"https:\/\/webciudadana.net\/index.php?rest_route=\/wp\/v2\/posts\/63605","targetHints":{"allow":["GET"]}}],"collection":[{"href":"https:\/\/webciudadana.net\/index.php?rest_route=\/wp\/v2\/posts"}],"about":[{"href":"https:\/\/webciudadana.net\/index.php?rest_route=\/wp\/v2\/types\/post"}],"author":[{"embeddable":true,"href":"https:\/\/webciudadana.net\/index.php?rest_route=\/wp\/v2\/users\/1"}],"replies":[{"embeddable":true,"href":"https:\/\/webciudadana.net\/index.php?rest_route=%2Fwp%2Fv2%2Fcomments&post=63605"}],"version-history":[{"count":0,"href":"https:\/\/webciudadana.net\/index.php?rest_route=\/wp\/v2\/posts\/63605\/revisions"}],"wp:attachment":[{"href":"https:\/\/webciudadana.net\/index.php?rest_route=%2Fwp%2Fv2%2Fmedia&parent=63605"}],"wp:term":[{"taxonomy":"category","embeddable":true,"href":"https:\/\/webciudadana.net\/index.php?rest_route=%2Fwp%2Fv2%2Fcategories&post=63605"},{"taxonomy":"post_tag","embeddable":true,"href":"https:\/\/webciudadana.net\/index.php?rest_route=%2Fwp%2Fv2%2Ftags&post=63605"}],"curies":[{"name":"wp","href":"https:\/\/api.w.org\/{rel}","templated":true}]}}