{"id":63608,"date":"2025-09-17T11:18:39","date_gmt":"2025-09-17T09:18:39","guid":{"rendered":"https:\/\/ticker-noticiasep.microcontenidos.com\/NoticiaRSS.vbhtml?user=FRND562DLP&amp;cod=20250917111839"},"modified":"2025-09-17T11:18:39","modified_gmt":"2025-09-17T09:18:39","slug":"sociedad-intu-xanadu-da-la-bienvenida-al-otono-con-un-evento-lleno-de-moda-estilo-belleza-y-creatividad","status":"publish","type":"post","link":"https:\/\/webciudadana.net\/?p=63608","title":{"rendered":"Sociedad: intu Xanad\u00fa da la bienvenida al oto\u00f1o con un evento lleno de moda, estilo, belleza y creatividad"},"content":{"rendered":"\n<div><img decoding=\"async\" src=\"https:\/\/img.europapress.es\/fotoweb\/fotonoticia_20250917111839_300.jpg\" class=\"ff-og-image-inserted\"><\/div>\n<p>(Informaci\u00f3n remitida por la empresa firmante)<\/p>\n<p>\nMadrid, 17 de septiembre de 2025.- Del 19 al 21 de septiembre, intu Xanad\u00fa celebra un evento \u00fanico para dar la bienvenida a la pr\u00f3xima temporada de oto\u00f1o-invierno. As\u00ed, a partir del viernes y hasta el domingo, el destino madrile\u00f1o ofrecer\u00e1 a sus visitantes un fin de semana lleno de actividades y experiencias exclusivas.<\/p>\n<p> Inspirado en el Color Pantone 2025 Mocha Mousse, el centro lucir\u00e1 para la ocasi\u00f3n elementos decorativos en tonos naranjas, marrones, rojos, dorados y ocres, y dise\u00f1ados con materiales ecol\u00f3gicos y sostenibles.<\/p>\n<p> Un ambiente c\u00e1lido, acogedor y sofisticado en el que se podr\u00e1 disfrutar de un taller de arte floral impartido por un profesional para aprender a realizar tocados con flores preservadas y secas para el pelo.<\/p>\n<p> En el mismo espacio tambi\u00e9n se podr\u00e1 descubrir lo \u00faltimo en tendencias beauty para oto\u00f1o-invierno; un profesional de la est\u00e9tica realizar\u00e1 esmaltado de u\u00f1as y dise\u00f1o de cejas acorde a cada persona; y en colaboraci\u00f3n con KIKO Milano, expertos en maquillaje realizar\u00e1n retoques y dar\u00e1n consejos siguiendo tambi\u00e9n la tendencia del color de la temporada, el Mocha Mousse.<\/p>\n<p> Los asistentes tambi\u00e9n tendr\u00e1n la oportunidad de disfrutar de momentos culinarios con degustaciones de t\u00e9 en colaboraci\u00f3n con Tea Shop, quienes realizar\u00e1n un taller sobre los beneficios y preparaci\u00f3n del t\u00e9 Matcha y las infusiones, adem\u00e1s de ofrecer una degustaci\u00f3n de sus productos.<\/p>\n<p> Adem\u00e1s de los talleres, un espectacular photocall con forma de invernadero de madera estar\u00e1 desde el lunes 15 de septiembre para que todos aquellos que lo deseen posen con su mejor look de oto\u00f1o-invierno e inmortalicen y compartan ese momento.<\/p>\n<p> EVENTO OTO\u00d1O-INVIERNO <\/p>\n<p> CU\u00c1NDO: Del 19 al 21 de septiembre <\/p>\n<p> (Photocall desde el 15 de septiembre) <\/p>\n<p> D\u00d3NDE: intu Xanad\u00fa. A-5, salida 22. Plaza Xanad\u00fa (planta baja).<\/p>\n<p> HORARIO: de 12h a 14h y de 17h a 21h.<\/p>\n<p> Gratuito <\/p>\n<p> Calendario evento aqu\u00ed<\/p>\n","protected":false},"excerpt":{"rendered":"<p>(Informaci\u00f3n remitida por la empresa firmante) Madrid, 17 de septiembre de 2025.- Del 19 al 21 de septiembre, intu Xanad\u00fa celebra un evento \u00fanico para dar la bienvenida a la pr\u00f3xima temporada de oto\u00f1o-invierno. As\u00ed, a partir del viernes y hasta el domingo, el destino madrile\u00f1o ofrecer\u00e1 a sus visitantes un fin de semana lleno [&hellip;]<\/p>\n","protected":false},"author":1,"featured_media":0,"comment_status":"closed","ping_status":"closed","sticky":false,"template":"","format":"standard","meta":{"footnotes":""},"categories":[2],"tags":[],"class_list":["post-63608","post","type-post","status-publish","format-standard","hentry","category-noticias"],"_links":{"self":[{"href":"https:\/\/webciudadana.net\/index.php?rest_route=\/wp\/v2\/posts\/63608","targetHints":{"allow":["GET"]}}],"collection":[{"href":"https:\/\/webciudadana.net\/index.php?rest_route=\/wp\/v2\/posts"}],"about":[{"href":"https:\/\/webciudadana.net\/index.php?rest_route=\/wp\/v2\/types\/post"}],"author":[{"embeddable":true,"href":"https:\/\/webciudadana.net\/index.php?rest_route=\/wp\/v2\/users\/1"}],"replies":[{"embeddable":true,"href":"https:\/\/webciudadana.net\/index.php?rest_route=%2Fwp%2Fv2%2Fcomments&post=63608"}],"version-history":[{"count":0,"href":"https:\/\/webciudadana.net\/index.php?rest_route=\/wp\/v2\/posts\/63608\/revisions"}],"wp:attachment":[{"href":"https:\/\/webciudadana.net\/index.php?rest_route=%2Fwp%2Fv2%2Fmedia&parent=63608"}],"wp:term":[{"taxonomy":"category","embeddable":true,"href":"https:\/\/webciudadana.net\/index.php?rest_route=%2Fwp%2Fv2%2Fcategories&post=63608"},{"taxonomy":"post_tag","embeddable":true,"href":"https:\/\/webciudadana.net\/index.php?rest_route=%2Fwp%2Fv2%2Ftags&post=63608"}],"curies":[{"name":"wp","href":"https:\/\/api.w.org\/{rel}","templated":true}]}}