{"id":63610,"date":"2025-09-17T14:01:37","date_gmt":"2025-09-17T12:01:37","guid":{"rendered":"https:\/\/ticker-noticiasep.microcontenidos.com\/NoticiaRSS.vbhtml?user=FRND562DLP&amp;cod=20250917140137"},"modified":"2025-09-17T14:01:37","modified_gmt":"2025-09-17T12:01:37","slug":"mundo-con-el-mini-5-pro-dji-firma-una-primicia-mundial-que-redefine-el-vuelo","status":"publish","type":"post","link":"https:\/\/webciudadana.net\/?p=63610","title":{"rendered":"Mundo: Con el Mini 5 Pro, DJI firma una primicia mundial que redefine el vuelo"},"content":{"rendered":"\n<div><img decoding=\"async\" src=\"https:\/\/img.europapress.es\/fotoweb\/fotonoticia_20250917140137_300.jpg\" class=\"ff-og-image-inserted\"><\/div>\n<p>(Informaci\u00f3n remitida por la empresa firmante)<\/p>\n<p>\nEl sensor CMOS grande de 1 pulgada, la detecci\u00f3n de obst\u00e1culos omnidireccional en escenas nocturnas, la grabaci\u00f3n vertical real y la rotaci\u00f3n flexible del estabilizador de 225\u00b0 se combinan para dar vida al dron con c\u00e1mara mini todo en uno superior <\/p>\n<p>\nSHENZHEN, China, 17 septembre 2025 \/PRNewswire\/ &#8212; DJI, el l\u00edder mundial en drones civiles y tecnolog\u00eda creativa para c\u00e1maras, presenta hoy el DJI Mini 5 Pro. Con el primer sensor de 1 pulgada del mundo en un dron con c\u00e1mara mini, una bater\u00eda de vuelo inteligente que proporciona hasta 36 minutos de tiempo de vuelo y ActiveTrack 360\u00b0 mejorado, el dron ligero y del tama\u00f1o de la palma de la mano, ofrece a todos la oportunidad de capturar los bellos momentos de la vida y preservar recuerdos preciados con un detalle asombroso1.<\/p>\n<p> Im\u00e1genes de nivel profesional en un cuerpo compacto<\/p>\n<p>\nMini 5 Pro estrena un sensor grande de 1 pulgada y 50 MP, preservando incluso los detalles m\u00e1s peque\u00f1os en condiciones de poca luz, como atardeceres y paisajes nocturnos; y un nuevo modo Med-Tele de 48 mm con mayor resoluci\u00f3n de zoom digital que los modelos anteriores, para que los sujetos destaquen con mayor textura y a\u00f1adan profundidad. Adem\u00e1s, la tecnolog\u00eda de optimizaci\u00f3n de retratos de DJI mejora el brillo, el contraste y los tonos de piel de los retratos para que se vean naturalmente radiantes con expresiones m\u00e1s v\u00edvidas.<\/p>\n<p> Ajustes cinematogr\u00e1ficos de serie<\/p>\n<p>\nCon el v\u00eddeo HDR 4K\/60 fps se pueden lograr hasta 14 pasos de rango din\u00e1mico1 para capturar metraje cinematogr\u00e1fico en escenas de alto contraste, como vistas detalladas de texturas de nubes y otros elementos durante el amanecer y el atardecer.<\/p>\n<p>\nPara aquellos que deseen tomarse las cosas con calma, y con una flexibilidad creativa a\u00fan mayor durante la postproducci\u00f3n, Mini 5 Pro admite la grabaci\u00f3n de v\u00eddeo en c\u00e1mara lenta a 4K\/120 fps. En cuanto a los modos de color, Mini 5 Pro puede grabar v\u00eddeo de 10 bits mediante codificaci\u00f3n H.265, ofreciendo un rendimiento de color refinado, con el ISO m\u00e1ximo elevado a 12 800. En los modos de color D-Log M y HLG, el ISO m\u00e1ximo aumenta hasta 3200, lo que permite un mayor brillo y m\u00e1s detalles en escenas urbanas nocturnas.<\/p>\n<p> Movimiento de c\u00e1mara con mayores posibilidades<\/p>\n<p>\nMini 5 Pro admite rotaci\u00f3n de alabeo de gran angular de 225\u00b0 y grabaci\u00f3n vertical real, lo que aporta mayor libertad y posibilidades al movimiento de la c\u00e1mara.<\/p>\n<p> Con una rotaci\u00f3n de alabeo de 225\u00b0, el estabilizador ofrece movimientos de c\u00e1mara flexibles y din\u00e1micos. Junto con modos inteligentes como Rotar de QuickShot, Timelapse, Spotlight y Vuelo de trayectoria, capturar metraje giratorio creativo es m\u00e1s f\u00e1cil que nunca.<\/p>\n<p> Graba instant\u00e1neamente rascacielos, cascadas y vibrantes escenas urbanas con la grabaci\u00f3n en vertical real de la c\u00e1mara. No es necesario recortar cada foto o v\u00eddeo, est\u00e1n listo para las redes sociales.<\/p>\n<p>\nVuelo seguro incluso con poca luz<\/p>\n<p>\nMini 5 Pro cuenta con un LiDAR frontal y varios sensores de visi\u00f3n para la detecci\u00f3n de obst\u00e1culos omnidireccional en escenas nocturnas, para un regreso a casa m\u00e1s seguro. En los paisajes nocturnos de la ciudad, detecta y evita activamente los obst\u00e1culos a lo largo de las rutas de vuelo y regreso para un vuelo nocturno sin preocupaciones. Si cuenta con suficiente iluminaci\u00f3n, puede memorizar rutas de vuelo, lo que permite despegar y regresar de forma segura incluso sin se\u00f1al satelital.<\/p>\n<p> Sistema de detecci\u00f3n de visi\u00f3n omnidireccional: con LiDAR orientado hacia delante, lentes de ojo de pez en la parte delantera y trasera; lentes binoculares y un sensor infrarrojo 3D en la parte inferior, se logra la detecci\u00f3n de obst\u00e1culos omnidireccional para vuelos m\u00e1s seguros<\/p>\n<p>\n1Detecci\u00f3n de obst\u00e1culos omnidireccional en escenas nocturnas1: proporciona seguridad robusta en fotograf\u00eda nocturna, lo que permite al usuario crear con confianza y eficiencia1.<\/p>\n<p> RPO nocturno: con el LiDAR orientado hacia delante, Mini 5 Pro detecta obst\u00e1culos como edificios altos incluso en condiciones de poca luz y realiza maniobras inteligentes en vertical, asegurando retornos m\u00e1s seguros durante vuelos nocturnos1.<\/p>\n<p> RPO sin GNSS: gracias al posicionamiento visual en tiempo real y a las tecnolog\u00edas de construcci\u00f3n de mapas, Mini 5 Pro memoriza rutas de vuelo cuando hay una iluminaci\u00f3n adecuada disponible1. Esto garantiza un regreso seguro, incluso al despegar desde lugares sin se\u00f1ales satelitales, como balcones.<\/p>\n<p> GNSS de doble banda: con GNSS de doble banda L1 + L5, Mini 5 Pro se conecta a m\u00e1s sat\u00e9lites, para una mayor estabilidad de la se\u00f1al y un posicionamiento preciso.<\/p>\n<p> ActiveTrack 360\u00b0 mejorado<\/p>\n<p>\nLa funci\u00f3n ActiveTrack 360\u00b0 mejorada ofrece un seguimiento personalizable para diversos escenarios, y presenta un rendimiento de seguimiento m\u00e1s estable y seguro que los modelos anteriores. Ya sea filmando un paseo por la playa o un paseo en bicicleta por una carretera sinuosa, Mini 5 Pro detecta escenarios deportivos y seleccionar\u00e1 el modo adecuado para lograr un encuadre y un seguimiento \u00f3ptimos. El rendimiento de seguimiento se ha mejorado para equilibrar velocidad, agilidad y seguridad.<\/p>\n<p> 1<\/p>\n<p>\nFoto &#8212; https:\/\/mma.prnewswire.com\/media\/2773520\/image.jpg<\/p>\n<p> View original content:https:\/\/www.prnewswire.com\/news-releases\/con-el-mini-5-pro-dji-firma-una-primicia-mundial-que-redefine-el-vuelo-302557559.html<\/p>\n","protected":false},"excerpt":{"rendered":"<p>(Informaci\u00f3n remitida por la empresa firmante) El sensor CMOS grande de 1 pulgada, la detecci\u00f3n de obst\u00e1culos omnidireccional en escenas nocturnas, la grabaci\u00f3n vertical real y la rotaci\u00f3n flexible del estabilizador de 225\u00b0 se combinan para dar vida al dron con c\u00e1mara mini todo en uno superior SHENZHEN, China, 17 septembre 2025 \/PRNewswire\/ &#8212; DJI, [&hellip;]<\/p>\n","protected":false},"author":1,"featured_media":0,"comment_status":"closed","ping_status":"closed","sticky":false,"template":"","format":"standard","meta":{"footnotes":""},"categories":[2],"tags":[],"class_list":["post-63610","post","type-post","status-publish","format-standard","hentry","category-noticias"],"_links":{"self":[{"href":"https:\/\/webciudadana.net\/index.php?rest_route=\/wp\/v2\/posts\/63610","targetHints":{"allow":["GET"]}}],"collection":[{"href":"https:\/\/webciudadana.net\/index.php?rest_route=\/wp\/v2\/posts"}],"about":[{"href":"https:\/\/webciudadana.net\/index.php?rest_route=\/wp\/v2\/types\/post"}],"author":[{"embeddable":true,"href":"https:\/\/webciudadana.net\/index.php?rest_route=\/wp\/v2\/users\/1"}],"replies":[{"embeddable":true,"href":"https:\/\/webciudadana.net\/index.php?rest_route=%2Fwp%2Fv2%2Fcomments&post=63610"}],"version-history":[{"count":0,"href":"https:\/\/webciudadana.net\/index.php?rest_route=\/wp\/v2\/posts\/63610\/revisions"}],"wp:attachment":[{"href":"https:\/\/webciudadana.net\/index.php?rest_route=%2Fwp%2Fv2%2Fmedia&parent=63610"}],"wp:term":[{"taxonomy":"category","embeddable":true,"href":"https:\/\/webciudadana.net\/index.php?rest_route=%2Fwp%2Fv2%2Fcategories&post=63610"},{"taxonomy":"post_tag","embeddable":true,"href":"https:\/\/webciudadana.net\/index.php?rest_route=%2Fwp%2Fv2%2Ftags&post=63610"}],"curies":[{"name":"wp","href":"https:\/\/api.w.org\/{rel}","templated":true}]}}