{"id":63621,"date":"2025-09-17T20:09:17","date_gmt":"2025-09-17T18:09:17","guid":{"rendered":"https:\/\/ticker-noticiasep.microcontenidos.com\/NoticiaRSS.vbhtml?user=FRND562DLP&amp;cod=20250917200917"},"modified":"2025-09-17T20:09:17","modified_gmt":"2025-09-17T18:09:17","slug":"mundo-se-inaugura-el-foro-de-la-civilizacion-del-rio-yangtze-2025","status":"publish","type":"post","link":"https:\/\/webciudadana.net\/?p=63621","title":{"rendered":"Mundo: Se inaugura el Foro de la Civilizaci\u00f3n del R\u00edo Yangtze 2025"},"content":{"rendered":"\n<div><img decoding=\"async\" src=\"https:\/\/img.europapress.es\/fotoweb\/fotonoticia_20250917200917_300.jpg\" class=\"ff-og-image-inserted\"><\/div>\n<p>(Informaci\u00f3n remitida por la empresa firmante)<\/p>\n<p>\n&#8211;Compartiendo la sabidur\u00eda de la civilizaci\u00f3n de los r\u00edos del mundo, se inaugura el Foro de la Civilizaci\u00f3n del R\u00edo Yangts\u00e9 2025<\/p>\n<p>\nCHONGQING, China, 17 de septiembre de 2025 \/PRNewswire\/ &#8212; Un informe de iChongqing:<\/p>\n<p>\nEl 17 de septiembre se celebr\u00f3 con \u00e9xito en Chongqing el Foro de la Civilizaci\u00f3n del R\u00edo Yangts\u00e9 2025. Con el tema \u00abConstruyendo puentes entre r\u00edos y mares, compartiendo la sabidur\u00eda de las civilizaciones\u00bb, el foro reuni\u00f3 a reconocidos expertos y acad\u00e9micos de China y del extranjero. Los asistentes participaron en profundos debates centrados en la preservaci\u00f3n y el legado de la civilizaci\u00f3n del r\u00edo Yangts\u00e9, el desarrollo de alta calidad de la Franja Econ\u00f3mica del R\u00edo Yangts\u00e9 y el aprendizaje mutuo entre las principales civilizaciones fluviales del mundo. El foro sirvi\u00f3 como plataforma para inspirar nuevas ideas, consolidar soluciones viables y promover esfuerzos conjuntos en la protecci\u00f3n del patrimonio cultural y el desarrollo sostenible.<\/p>\n<p> Durante la sesi\u00f3n principal del foro, ocho expertos pronunciaron discursos perspicaces que abordaron temas clave, como la transici\u00f3n de la civilizaci\u00f3n industrial a la ecol\u00f3gica impulsada por nuevas fuerzas productivas de calidad, la brillantez hist\u00f3rica de la civilizaci\u00f3n del r\u00edo Yangts\u00e9 y el impacto de los intercambios entre civilizaciones en las primeras formas de Estado. Los ponentes hicieron hincapi\u00e9 en la continuidad cultural, el fortalecimiento del di\u00e1logo entre civilizaciones y exploraron v\u00edas para impulsar el desarrollo de alta calidad de la Franja Econ\u00f3mica del R\u00edo Yangts\u00e9 e incrementar los intercambios entre las civilizaciones fluviales globales.<\/p>\n<p> Se organiz\u00f3 una amplia gama de eventos paralelos al foro principal, incluyendo el Seminario Acad\u00e9mico del Sitio de Longgupo 2025, el Concierto Mundial de los Grandes R\u00edos, un intercambio y exposici\u00f3n del patrimonio cultural inmaterial de la cuenca del r\u00edo Yangts\u00e9, la exposici\u00f3n especial \u00abDe Dunhuang a Dazu\u00bb, una deslumbrante actuaci\u00f3n de drones titulada \u00abNuevo Ritmo de Chongqing\u00bb y una serie de actividades de exploraci\u00f3n cultural a lo largo del r\u00edo Yangts\u00e9.<\/p>\n<p> Chongqing lanz\u00f3 el primer Foro de la Civilizaci\u00f3n del R\u00edo Yangts\u00e9 en 2023. Al a\u00f1o siguiente, con la aprobaci\u00f3n del gobierno central, el foro se elev\u00f3 a la categor\u00eda de evento permanente a nivel provincial-ministerial, convirti\u00e9ndose en el \u00fanico foro de su tipo dedicado a las civilizaciones y culturas de la cuenca del r\u00edo Yangts\u00e9. Las dos primeras sesiones atrajeron a m\u00e1s de 200 expertos de importantes instituciones acad\u00e9micas y culturales de todo el pa\u00eds. Muchas de las medidas propuestas relativas a la construcci\u00f3n del Parque Cultural Nacional del R\u00edo Yangts\u00e9 y las producciones culturales se han traducido en pol\u00edticas concretas.<\/p>\n<p> Tras el \u00e9xito de sus sesiones anteriores, el foro se ha convertido en un evento acad\u00e9mico de alto nivel con influencia nacional, caracterizado por la coordinaci\u00f3n entre el gobierno central y local y la colaboraci\u00f3n regional. La edici\u00f3n de este a\u00f1o se distingue adem\u00e1s por su expansi\u00f3n internacional, los participantes de alto nivel y una gama m\u00e1s diversa de actividades.<\/p>\n<p> Foto &#8211; https:\/\/mma.prnewswire.com\/media\/2775273\/Caption_The_Scholars_China_French_Egypt_UK_Brazil_Pakistan_delivered.jpg<\/p>\n<p> View original content:https:\/\/www.prnewswire.com\/news-releases\/se-inaugura-el-foro-de-la-civilizacion-del-rio-yangtze-2025-302559551.html<\/p>\n","protected":false},"excerpt":{"rendered":"<p>(Informaci\u00f3n remitida por la empresa firmante) &#8211;Compartiendo la sabidur\u00eda de la civilizaci\u00f3n de los r\u00edos del mundo, se inaugura el Foro de la Civilizaci\u00f3n del R\u00edo Yangts\u00e9 2025 CHONGQING, China, 17 de septiembre de 2025 \/PRNewswire\/ &#8212; Un informe de iChongqing: El 17 de septiembre se celebr\u00f3 con \u00e9xito en Chongqing el Foro de la [&hellip;]<\/p>\n","protected":false},"author":1,"featured_media":0,"comment_status":"closed","ping_status":"closed","sticky":false,"template":"","format":"standard","meta":{"footnotes":""},"categories":[2],"tags":[],"class_list":["post-63621","post","type-post","status-publish","format-standard","hentry","category-noticias"],"_links":{"self":[{"href":"https:\/\/webciudadana.net\/index.php?rest_route=\/wp\/v2\/posts\/63621","targetHints":{"allow":["GET"]}}],"collection":[{"href":"https:\/\/webciudadana.net\/index.php?rest_route=\/wp\/v2\/posts"}],"about":[{"href":"https:\/\/webciudadana.net\/index.php?rest_route=\/wp\/v2\/types\/post"}],"author":[{"embeddable":true,"href":"https:\/\/webciudadana.net\/index.php?rest_route=\/wp\/v2\/users\/1"}],"replies":[{"embeddable":true,"href":"https:\/\/webciudadana.net\/index.php?rest_route=%2Fwp%2Fv2%2Fcomments&post=63621"}],"version-history":[{"count":0,"href":"https:\/\/webciudadana.net\/index.php?rest_route=\/wp\/v2\/posts\/63621\/revisions"}],"wp:attachment":[{"href":"https:\/\/webciudadana.net\/index.php?rest_route=%2Fwp%2Fv2%2Fmedia&parent=63621"}],"wp:term":[{"taxonomy":"category","embeddable":true,"href":"https:\/\/webciudadana.net\/index.php?rest_route=%2Fwp%2Fv2%2Fcategories&post=63621"},{"taxonomy":"post_tag","embeddable":true,"href":"https:\/\/webciudadana.net\/index.php?rest_route=%2Fwp%2Fv2%2Ftags&post=63621"}],"curies":[{"name":"wp","href":"https:\/\/api.w.org\/{rel}","templated":true}]}}