{"id":63623,"date":"2025-09-17T21:59:49","date_gmt":"2025-09-17T19:59:49","guid":{"rendered":"https:\/\/ticker-noticiasep.microcontenidos.com\/NoticiaRSS.vbhtml?user=FRND562DLP&amp;cod=20250917215949"},"modified":"2025-09-17T21:59:49","modified_gmt":"2025-09-17T19:59:49","slug":"mundo-debemos-unirnos-por-las-ninas-de-afganistan","status":"publish","type":"post","link":"https:\/\/webciudadana.net\/?p=63623","title":{"rendered":"Mundo: Debemos unirnos por las ni\u00f1as de Afganist\u00e1n"},"content":{"rendered":"\n<div><img decoding=\"async\" src=\"https:\/\/img.europapress.es\/fotoweb\/fotonoticia_20250917215949_300.jpg\" class=\"ff-og-image-inserted\"><\/div>\n<p>(Informaci\u00f3n remitida por la empresa firmante)<\/p>\n<p>\nEn el cuarto aniversario de la prohibici\u00f3n de la educaci\u00f3n secundaria para ni\u00f1as en Afganist\u00e1n, Education Cannot Wait exige el regreso a la educaci\u00f3n<\/p>\n<p>\nNUEVA YORK, 17 de septiembre de 2025 \/PRNewswire\/ &#8212; Al conmemorar hoy el tr\u00e1gico cuarto aniversario de la prohibici\u00f3n de la educaci\u00f3n secundaria para las ni\u00f1as en Afganist\u00e1n, la comunidad mundial debe unirse para apoyar la educaci\u00f3n de todas las ni\u00f1as en Afganist\u00e1n.<\/p>\n<p> Los l\u00edderes mundiales deben seguir defendiendo el derecho a la educaci\u00f3n de todas las ni\u00f1as en Afganist\u00e1n, complementando los esfuerzos de la Organizaci\u00f3n para la Cooperaci\u00f3n Isl\u00e1mica \u00abpara unir a acad\u00e9micos y autoridades religiosas del mundo isl\u00e1mico contra la decisi\u00f3n de impedir que las ni\u00f1as reciban educaci\u00f3n\u00bb.<\/p>\n<p> Debemos escuchar al pueblo afgano: un nuevo informe de ONU Mujeres indica que el 92% de los afganos apoya la educaci\u00f3n secundaria de las ni\u00f1as. Tambi\u00e9n debemos escuchar a las ni\u00f1as afganas afectadas por la prohibici\u00f3n: la campa\u00f1a global de defensa de Education Cannot Wait, Voces de las Ni\u00f1as Afganas, combina contundentes llamamientos a la acci\u00f3n de las ni\u00f1as afganas con conmovedoras obras de arte. Como dice una ni\u00f1a afgana: \u00abQuiero recuperar mi escuela y mis clases. Quiero recuperar mis libros. Quiero recuperar a mis compa\u00f1eros. Quiero recuperar mi libertad. Quiero recuperar mi vida\u00bb.<\/p>\n<p> Hoy en d\u00eda, m\u00e1s de 2,2 millones de ni\u00f1as afganas tienen prohibido asistir a la escuela m\u00e1s all\u00e1 de la primaria, seg\u00fan la UNESCO. En total, hasta 7 millones de ni\u00f1os no asisten a la escuela debido a la prohibici\u00f3n y otras restricciones, seg\u00fan UNICEF.<\/p>\n<p> El impacto en el pueblo afgano es enorme. En una naci\u00f3n donde el 85% de la poblaci\u00f3n vive con menos de un d\u00f3lar estadounidense al d\u00eda, la prohibici\u00f3n podr\u00eda suponer una p\u00e9rdida total de 1.500 millones de d\u00f3lares estadounidenses al PIB en 2030 y 9.600 millones de d\u00f3lares estadounidenses en 2066, seg\u00fan la UNESCO.<\/p>\n<p>\nDebemos mantener viva la esperanza para los ni\u00f1os de Afganist\u00e1n. Education Cannot Wait (ECW) y nuestros socios estrat\u00e9gicos ya han proporcionado a cerca de 300.000 ni\u00f1os en Afganist\u00e1n la seguridad, la esperanza y la oportunidad de una educaci\u00f3n de calidad, el 54% de los cuales son ni\u00f1as.<\/p>\n<p> Gracias a m\u00e1s de 90 millones de d\u00f3lares estadounidenses en inversiones, los socios locales de ECW han logrado ampliar de forma sostenible el acceso de las ni\u00f1as a la educaci\u00f3n, ampliando a\u00fan m\u00e1s la educaci\u00f3n comunitaria en zonas remotas y desatendidas e implementando programas de aprendizaje acelerado personalizados para adolescentes que no pueden acceder al sistema educativo formal.<\/p>\n<p> A pesar de los desaf\u00edos que se avecinan, el mundo no debe dejar de apoyar la educaci\u00f3n comunitaria en todo Afganist\u00e1n. Esto significa financiar iniciativas educativas que brinden acceso a la educaci\u00f3n a todos los ni\u00f1os y ni\u00f1as a trav\u00e9s de grupos locales.<\/p>\n<p> Tambi\u00e9n significa proporcionar apoyo psicol\u00f3gico y de salud mental a los ni\u00f1os y ni\u00f1as afganos que viven una vida de miedo e inseguridad. Al invertir hoy en la educaci\u00f3n de las ni\u00f1as afganas, estamos invirtiendo en el fin de la injusticia, el fin de la pobreza y en un futuro mejor para las generaciones venideras.<\/p>\n<p> Foto &#8211; https:\/\/mma.prnewswire.com\/media\/2774808\/Education_Cannot_Wait_Afghan_girls.jpg<\/p>\n<p> View original content:https:\/\/www.prnewswire.com\/news-releases\/debemos-unirnos-por-las-ninas-de-afganistan-302559660.html<\/p>\n","protected":false},"excerpt":{"rendered":"<p>(Informaci\u00f3n remitida por la empresa firmante) En el cuarto aniversario de la prohibici\u00f3n de la educaci\u00f3n secundaria para ni\u00f1as en Afganist\u00e1n, Education Cannot Wait exige el regreso a la educaci\u00f3n NUEVA YORK, 17 de septiembre de 2025 \/PRNewswire\/ &#8212; Al conmemorar hoy el tr\u00e1gico cuarto aniversario de la prohibici\u00f3n de la educaci\u00f3n secundaria para las [&hellip;]<\/p>\n","protected":false},"author":1,"featured_media":0,"comment_status":"closed","ping_status":"closed","sticky":false,"template":"","format":"standard","meta":{"footnotes":""},"categories":[2],"tags":[],"class_list":["post-63623","post","type-post","status-publish","format-standard","hentry","category-noticias"],"_links":{"self":[{"href":"https:\/\/webciudadana.net\/index.php?rest_route=\/wp\/v2\/posts\/63623","targetHints":{"allow":["GET"]}}],"collection":[{"href":"https:\/\/webciudadana.net\/index.php?rest_route=\/wp\/v2\/posts"}],"about":[{"href":"https:\/\/webciudadana.net\/index.php?rest_route=\/wp\/v2\/types\/post"}],"author":[{"embeddable":true,"href":"https:\/\/webciudadana.net\/index.php?rest_route=\/wp\/v2\/users\/1"}],"replies":[{"embeddable":true,"href":"https:\/\/webciudadana.net\/index.php?rest_route=%2Fwp%2Fv2%2Fcomments&post=63623"}],"version-history":[{"count":0,"href":"https:\/\/webciudadana.net\/index.php?rest_route=\/wp\/v2\/posts\/63623\/revisions"}],"wp:attachment":[{"href":"https:\/\/webciudadana.net\/index.php?rest_route=%2Fwp%2Fv2%2Fmedia&parent=63623"}],"wp:term":[{"taxonomy":"category","embeddable":true,"href":"https:\/\/webciudadana.net\/index.php?rest_route=%2Fwp%2Fv2%2Fcategories&post=63623"},{"taxonomy":"post_tag","embeddable":true,"href":"https:\/\/webciudadana.net\/index.php?rest_route=%2Fwp%2Fv2%2Ftags&post=63623"}],"curies":[{"name":"wp","href":"https:\/\/api.w.org\/{rel}","templated":true}]}}