{"id":63629,"date":"2025-09-18T09:01:20","date_gmt":"2025-09-18T07:01:20","guid":{"rendered":"https:\/\/ticker-noticiasep.microcontenidos.com\/NoticiaRSS.vbhtml?user=FRND562DLP&amp;cod=20250918090120"},"modified":"2025-09-18T09:01:20","modified_gmt":"2025-09-18T07:01:20","slug":"mundo-purepeak-transforma-cosmetickeychain-en-un-estilo-de-vida-global-de-cuidado-de-la-piel-para-la-generacion-z","status":"publish","type":"post","link":"https:\/\/webciudadana.net\/?p=63629","title":{"rendered":"Mundo: Purepeak transforma \u00abCosmeticKeychain\u00bb en un estilo de vida global de cuidado de la piel para la Generaci\u00f3n Z"},"content":{"rendered":"\n<div><img decoding=\"async\" src=\"https:\/\/img.europapress.es\/fotoweb\/fotonoticia_20250918090120_300.jpg\" class=\"ff-og-image-inserted\"><\/div>\n<p>(Informaci\u00f3n remitida por la empresa firmante)<\/p>\n<p>\n&#8211;Purepeak transforma el furor de \u00abCosmeticKeychain\u00bb de TikTok en un estilo de vida global de cuidado de la piel para la Generaci\u00f3n Z<\/p>\n<p>\nLa innovaci\u00f3n port\u00e1til, vegana y sostenible impulsa la pr\u00f3xima ola de crecimiento de la K-Beauty<\/p>\n<p>\nSEUL, Corea del Sur, MIL\u00c1N y PAR\u00cdS, 18 de septiembre de 2025 \/PRNewswire\/ &#8212; Lo que comenz\u00f3 como una tendencia viral en TikTok e Instagram \u2014millones de visualizaciones bajo el hashtag #CosmeticKeychain\u2014 se ha convertido en uno de los cambios m\u00e1s din\u00e1micos en la cultura de la belleza global. Bolsos y carteras adornados con art\u00edculos de belleza en miniatura se han convertido en un elemento clave del estilo diario de la Generaci\u00f3n Z. Ahora, la marca de K-beauty Purepeak es pionera en el siguiente cap\u00edtulo: llevar el fen\u00f3meno \u00abCosmeticKeychain\u00bb al cuidado de la piel.<\/p>\n<p> Al combinar la portabilidad con la innovaci\u00f3n vegana y ecol\u00f3gica, Purepeak est\u00e1 redefiniendo la forma en que los j\u00f3venes consumidores expresan su individualidad, viajan y cuidan su piel. Sus productos est\u00e1n dise\u00f1ados no solo para aplicarse, sino tambi\u00e9n para llevarse, mostrarse y compartirse, convirtiendo el cuidado de la piel en un accesorio de estilo de vida.<\/p>\n<p> El cuidado de la piel port\u00e1til se une a la cultura de la Generaci\u00f3n Z<\/p>\n<p>\nDesde 2022, Purepeak ha invertido en I+D para convertir la tendencia de los accesorios en un cuidado de la piel eficaz. Lanzada en Corea en 2024 y expandida a Europa y Jap\u00f3n en 2025, la \u00abL\u00ednea de Belleza S\u00f3lida\u00bb de la marca se ha convertido en su sello distintivo. La l\u00ednea incluye:<\/p>\n<p>\nBarras de protecci\u00f3n solar veganas Turva Sun y Posh Tone-up (FPS 50\/PA++++)<\/p>\n<p>\nB\u00e1lsamo multiusos antiedadFolin Hegen<\/p>\n<p>\nB\u00e1lsamo limpiador fundente Lino Clean<\/p>\n<p>\nCada producto viene en un formato s\u00f3lido compacto que ofrece hidrataci\u00f3n, antiedad y correcci\u00f3n del tono, adapt\u00e1ndose a la perfecci\u00f3n al estilo de vida activo de la Generaci\u00f3n Z. Posh Tone-up, por ejemplo, reduce la dependencia de bases de maquillaje pesadas y apoya la creciente rutina de skinimalism.<\/p>\n<p> M\u00e1s all\u00e1 de la portabilidad: Sostenibilidad e innovaci\u00f3n en dise\u00f1o<\/p>\n<p>\nPurepeak integra envases herm\u00e9ticos patentados, dise\u00f1os rellenables, pl\u00e1sticos reciclados y f\u00f3rmulas seguras para los arrecifes. El enfoque de la marca garantiza que la portabilidad no comprometa el rendimiento ni la sostenibilidad. De forma similar a c\u00f3mo las casas de lujo introdujeron los perfumes recargables con llavero para \u00abllevar fragancia\u00bb, Purepeak extiende esta idea premium al cuidado de la piel, fusionando funcionalidad, moda y responsabilidad ambiental.<\/p>\n<p> La belleza de viaje y ocio como motor de crecimiento<\/p>\n<p>\nLos expertos del sector describen a Purepeak como pionera en belleza para viajes y ocio, satisfaciendo las necesidades de las generaciones MZ que valoran la movilidad, los viajes y la expresi\u00f3n de su estilo de vida. Al llevar el cuidado de la piel m\u00e1s all\u00e1 del tocador, Purepeak est\u00e1 creando una categor\u00eda que refleja c\u00f3mo los consumidores actuales viven y comparten la belleza.<\/p>\n<p> \u00abLa Generaci\u00f3n Z no solo busca productos, sino experiencias y autoexpresi\u00f3n\u00bb, declar\u00f3 un portavoz de Purepeak. \u00abAl transformar el llavero cosm\u00e9tico viral en productos de cuidado de la piel port\u00e1tiles, Purepeak lidera la pr\u00f3xima ola de crecimiento global de la K-beauty\u00bb.<\/p>\n<p> Tienda global:http:\/\/global.purepeak.co.kr\/<\/p>\n<p>\nTienda Redcare:www.redcare.it<\/p>\n<p>\nFoto &#8212; https:\/\/mma.prnewswire.com\/media\/2771702\/image.jpg<\/p>\n<p> View original content:https:\/\/www.prnewswire.com\/news-releases\/purepeak-transforma-cosmetickeychain-en-un-estilo-de-vida-global-de-cuidado-de-la-piel-para-la-generacion-z-302555268.html<\/p>\n","protected":false},"excerpt":{"rendered":"<p>(Informaci\u00f3n remitida por la empresa firmante) &#8211;Purepeak transforma el furor de \u00abCosmeticKeychain\u00bb de TikTok en un estilo de vida global de cuidado de la piel para la Generaci\u00f3n Z La innovaci\u00f3n port\u00e1til, vegana y sostenible impulsa la pr\u00f3xima ola de crecimiento de la K-Beauty SEUL, Corea del Sur, MIL\u00c1N y PAR\u00cdS, 18 de septiembre de [&hellip;]<\/p>\n","protected":false},"author":1,"featured_media":0,"comment_status":"closed","ping_status":"closed","sticky":false,"template":"","format":"standard","meta":{"footnotes":""},"categories":[2],"tags":[],"class_list":["post-63629","post","type-post","status-publish","format-standard","hentry","category-noticias"],"_links":{"self":[{"href":"https:\/\/webciudadana.net\/index.php?rest_route=\/wp\/v2\/posts\/63629","targetHints":{"allow":["GET"]}}],"collection":[{"href":"https:\/\/webciudadana.net\/index.php?rest_route=\/wp\/v2\/posts"}],"about":[{"href":"https:\/\/webciudadana.net\/index.php?rest_route=\/wp\/v2\/types\/post"}],"author":[{"embeddable":true,"href":"https:\/\/webciudadana.net\/index.php?rest_route=\/wp\/v2\/users\/1"}],"replies":[{"embeddable":true,"href":"https:\/\/webciudadana.net\/index.php?rest_route=%2Fwp%2Fv2%2Fcomments&post=63629"}],"version-history":[{"count":0,"href":"https:\/\/webciudadana.net\/index.php?rest_route=\/wp\/v2\/posts\/63629\/revisions"}],"wp:attachment":[{"href":"https:\/\/webciudadana.net\/index.php?rest_route=%2Fwp%2Fv2%2Fmedia&parent=63629"}],"wp:term":[{"taxonomy":"category","embeddable":true,"href":"https:\/\/webciudadana.net\/index.php?rest_route=%2Fwp%2Fv2%2Fcategories&post=63629"},{"taxonomy":"post_tag","embeddable":true,"href":"https:\/\/webciudadana.net\/index.php?rest_route=%2Fwp%2Fv2%2Ftags&post=63629"}],"curies":[{"name":"wp","href":"https:\/\/api.w.org\/{rel}","templated":true}]}}