{"id":63640,"date":"2025-09-18T17:12:01","date_gmt":"2025-09-18T15:12:01","guid":{"rendered":"https:\/\/ticker-noticiasep.microcontenidos.com\/NoticiaRSS.vbhtml?user=FRND562DLP&amp;cod=20250918171201"},"modified":"2025-09-18T17:12:01","modified_gmt":"2025-09-18T15:12:01","slug":"grupo-insur-refuerza-su-estructura-para-liderar-la-promocion-residencial-en-mercados-clave","status":"publish","type":"post","link":"https:\/\/webciudadana.net\/?p=63640","title":{"rendered":"Grupo Insur refuerza su estructura para liderar la promoci\u00f3n residencial en mercados clave"},"content":{"rendered":"\n<div><img decoding=\"async\" src=\"https:\/\/img.europapress.es\/fotoweb\/fotonoticia_20250918171201_300.jpg\" class=\"ff-og-image-inserted\"><\/div>\n<p>(Informaci\u00f3n remitida por la empresa firmante)<\/p>\n<p>\nLa compa\u00f1\u00eda nombra nuevos directores territoriales de promoci\u00f3n residencial a Jos\u00e9 Ortiz Pereira en Andaluc\u00eda Occidental, F\u00e9lix Crist\u00f3bal Gonz\u00e1lez en Madrid y a Patricia Garc\u00eda Santamar\u00eda en Levante<\/p>\n<p>\nEstos nombramientos se suman al equipo junto con Juan Conejo, actual director territorial de Andaluc\u00eda Oriental, y refuerzan la apuesta de la compa\u00f1\u00eda por una estructura m\u00e1s s\u00f3lida y cercana a cada mercado, con el objetivo de impulsar el desarrollo residencial y consolidar su posici\u00f3n como referente del sector en Espa\u00f1a<\/p>\n<p>\nSevilla, 18 de septiembre de 2025.-Grupo Insur, compa\u00f1\u00eda patrimonialista y promotora de referencia en el sector inmobiliario con 80 a\u00f1os de experiencia, da un paso clave en su proceso de transformaci\u00f3n y expansi\u00f3n con la creaci\u00f3n de nuevas direcciones territoriales en su \u00e1rea de promoci\u00f3n residencial.* Esta reorganizaci\u00f3n estrat\u00e9gica, que ser\u00e1 uno de los pilares del futuro plan estrat\u00e9gico de la compa\u00f1\u00eda, permitir\u00e1 fortalecer su liderazgo y responder con mayor agilidad a los retos del sector.<\/p>\n<p>\nLa designaci\u00f3n de estos profesionales para las direcciones en Andaluc\u00eda Occidental, Madrid y Levante refuerza la capacidad de respuesta y la presencia de Grupo Insur en mercados prioritarios, consolidando una estructura m\u00e1s s\u00f3lida, cercana y adaptada a las necesidades actuales del negocio.<\/p>\n<p>\nEn*palabras de*Francisco Pumar, director general de Grupo Insur,*el objetivo*de estas nuevas posiciones es \u201cconsolidar una estructura m\u00e1s \u00e1gil, eficiente y alineada con las nuevas necesidades del mercado, de forma que pueda generar un valor a\u00f1adido significativo en nuestro negocio de promoci\u00f3n residencial\u201d, explica.<\/p>\n<p>\nNuevas Direcciones Territoriales para impulsar la promoci\u00f3n residencial<\/p>\n<p>\nPara consolidar su presencia en mercados prioritarios y dotar de mayor agilidad su gesti\u00f3n, Grupo Insur incorpora nuevos directores territoriales de gran experiencia en el sector, que se suman a la labor de Juan Conejo, actual director territorial de Andaluc\u00eda Oriental desde 2022:<\/p>\n<p>\nJos\u00e9 Ortiz Pereira,*director territorial de Promoci\u00f3n Residencial en Andaluc\u00eda Occidental. Con m\u00e1s de 25 a\u00f1os de experiencia, ha liderado m\u00e1s de 50 promociones residenciales en compa\u00f1\u00edas como San Jos\u00e9 o V\u00eda C\u00e9lere.<\/p>\n<p>\nF\u00e9lix Crist\u00f3bal Gonz\u00e1lez,*director territorial de Promoci\u00f3n Residencial en Madrid. Con 30 a\u00f1os de experiencia en empresas como Ferrovial y Aelca, ha desarrollado los \u00faltimos siete a\u00f1os de su carrera en Grupo Insur y ahora asume la responsabilidad del mercado madrile\u00f1o.<\/p>\n<p>\nPatricia Garc\u00eda Santamar\u00eda, directora territorial de Promoci\u00f3n Residencial en Levante. Con 25 a\u00f1os de experiencia y una extensa trayectoria en Habitat Inmobiliaria, se une a Grupo Insur para liderar los desarrollos residenciales en la Comunidad Valenciana<\/p>\n<p>\nEstas cuatro direcciones territoriales de promoci\u00f3n residencial depender\u00e1n de*Zacar\u00edas Zulategui, director de Promoci\u00f3n Residencial de Grupo Insur, quien tras m\u00e1s de 15 a\u00f1os en la compa\u00f1\u00eda liderar\u00e1 la integraci\u00f3n y coordinaci\u00f3n de los equipos en cada territorio.<\/p>\n<p>\nSeg\u00fan Zacar\u00edas Zulategui, \u201cla nueva estructura es fundamental para fortalecer nuestra presencia en mercados clave como Andaluc\u00eda, Madrid y la Comunidad Valenciana y estamos convencidos de que era la mejor manera para dar una respuesta \u00e1gil y personalizada a las necesidades de nuestros clientes\u201d<\/p>\n<p>\nCon esta nueva estructura, Grupo Insur reafirma su compromiso con un crecimiento sostenible y la creaci\u00f3n de valor a largo plazo, consolidando su posici\u00f3n como uno de los referentes del sector inmobiliario en Andaluc\u00eda y en el resto del pa\u00eds.<\/p>\n<p>\nSobre Grupo Insur<\/p>\n<p>\nGrupo Insur es un grupo inmobiliario patrimonialista y promotor cotizado con 80 a\u00f1os de experiencia, comprometido con las personas, la integridad, la innovaci\u00f3n y el medioambiente, creando valor para todos sus grupos de inter\u00e9s.<\/p>\n<p>\nEs l\u00edder en gesti\u00f3n de inmuebles en Andaluc\u00eda con una cartera patrimonial de 117.000 metros cuadrados entre oficinas, hoteles y locales comerciales y 3.000 plazas de aparcamiento. En su actividad de promoci\u00f3n, cuenta con una cartera de 5.000 viviendas en las zonas prime de Andaluc\u00eda y Madrid y 120.385 metros cuadrados de proyectos de promoci\u00f3n terciaria, de los que 50.555 metros cuadrados est\u00e1n en desarrollo y tres de ellos, los proyectos de oficinas \u00c1gora y Noa en M\u00e1laga, y Elever en Madrid (Las Tablas) est\u00e1n en construcci\u00f3n.<\/p>\n<p>\nCuenta con un modelo de negocio diferencial con el que contribuye a la creaci\u00f3n de proyectos de vida, inspirando y mejorando el bienestar de las personas. M\u00e1s informaci\u00f3n en*grupoinsur.com.<\/p>\n<p>\nContacto de Prensa:<\/p>\n<p>\nManuel Recio<\/p>\n<p>\n600 90 55 93<\/p>\n<p>\nmanuelrecio@europapress.es<\/p>\n<p>\nLeopoldo Eduardo Alonso Llofriu<\/p>\n<p>\n600 90 56 25<\/p>\n<p>\nleopoldoalonso@europapress.es<\/p>\n","protected":false},"excerpt":{"rendered":"<p>(Informaci\u00f3n remitida por la empresa firmante) La compa\u00f1\u00eda nombra nuevos directores territoriales de promoci\u00f3n residencial a Jos\u00e9 Ortiz Pereira en Andaluc\u00eda Occidental, F\u00e9lix Crist\u00f3bal Gonz\u00e1lez en Madrid y a Patricia Garc\u00eda Santamar\u00eda en Levante Estos nombramientos se suman al equipo junto con Juan Conejo, actual director territorial de Andaluc\u00eda Oriental, y refuerzan la apuesta de [&hellip;]<\/p>\n","protected":false},"author":1,"featured_media":0,"comment_status":"closed","ping_status":"closed","sticky":false,"template":"","format":"standard","meta":{"footnotes":""},"categories":[2],"tags":[],"class_list":["post-63640","post","type-post","status-publish","format-standard","hentry","category-noticias"],"_links":{"self":[{"href":"https:\/\/webciudadana.net\/index.php?rest_route=\/wp\/v2\/posts\/63640","targetHints":{"allow":["GET"]}}],"collection":[{"href":"https:\/\/webciudadana.net\/index.php?rest_route=\/wp\/v2\/posts"}],"about":[{"href":"https:\/\/webciudadana.net\/index.php?rest_route=\/wp\/v2\/types\/post"}],"author":[{"embeddable":true,"href":"https:\/\/webciudadana.net\/index.php?rest_route=\/wp\/v2\/users\/1"}],"replies":[{"embeddable":true,"href":"https:\/\/webciudadana.net\/index.php?rest_route=%2Fwp%2Fv2%2Fcomments&post=63640"}],"version-history":[{"count":0,"href":"https:\/\/webciudadana.net\/index.php?rest_route=\/wp\/v2\/posts\/63640\/revisions"}],"wp:attachment":[{"href":"https:\/\/webciudadana.net\/index.php?rest_route=%2Fwp%2Fv2%2Fmedia&parent=63640"}],"wp:term":[{"taxonomy":"category","embeddable":true,"href":"https:\/\/webciudadana.net\/index.php?rest_route=%2Fwp%2Fv2%2Fcategories&post=63640"},{"taxonomy":"post_tag","embeddable":true,"href":"https:\/\/webciudadana.net\/index.php?rest_route=%2Fwp%2Fv2%2Ftags&post=63640"}],"curies":[{"name":"wp","href":"https:\/\/api.w.org\/{rel}","templated":true}]}}