{"id":63657,"date":"2025-09-19T12:48:48","date_gmt":"2025-09-19T10:48:48","guid":{"rendered":"https:\/\/ticker-noticiasep.microcontenidos.com\/NoticiaRSS.vbhtml?user=FRND562DLP&amp;cod=20250919124848"},"modified":"2025-09-19T12:48:48","modified_gmt":"2025-09-19T10:48:48","slug":"sociedad-mas-de-270-residencias-en-espana-han-eliminado-las-sujeciones-a-personas-con-demencia","status":"publish","type":"post","link":"https:\/\/webciudadana.net\/?p=63657","title":{"rendered":"Sociedad: M\u00e1s de 270 residencias en Espa\u00f1a han eliminado las sujeciones a personas con demencia"},"content":{"rendered":"\n<p>(Informaci\u00f3n remitida por la empresa firmante)<\/p>\n<p>\nD\u00cdA MUNDIAL DEL ALZHEIMER.<\/p>\n<p>\nLos expertos aseguran que las sujeciones provocan m\u00e1s de una treintena de efectos secundarios negativos y aumentan el riesgo de ca\u00eddas por la p\u00e9rdida de tono muscular y del sentido del equilibrio.<\/p>\n<p>\nRecuerdan que, a diferencia de otros pa\u00edses, en Espa\u00f1a existe todav\u00eda una actitud \u00abmuy sobreprotectora\u00bb con estas personas que lleva a aplicar medidas de seguridad f\u00edsica \u00abpara evitar que caigan\u00bb.<\/p>\n<p>\nEl programa &#8216;Desatar&#8217; de CEOMA surgi\u00f3 hace m\u00e1s de 20 a\u00f1os con el objetivo de acabar con las sujeciones f\u00edsicas y farmacol\u00f3gicas en las residencias de mayores y apostar por la formaci\u00f3n del personal, incidir en la prevenci\u00f3n de los problemas de conducta y en la transformaci\u00f3n de los centros.<\/p>\n<p> Madrid, 19 de septiembre de 2025.- M\u00e1s de 270 residencias en Espa\u00f1a han eliminado las sujeciones f\u00edsicas y farmacol\u00f3gicas a las personas con demencia, seg\u00fan ha explicado el director t\u00e9cnico del programa &#8216;Desatar&#8217; de CEOMA, Antonio Burgue\u00f1o, que ha recordado que esta iniciativa naci\u00f3 con el objetivo de poner fin a estas medidas de seguridad f\u00edsica pasiva para dotar de mayor autonom\u00eda a las personas.<\/p>\n<p> Con motivo del D\u00eda Mundial del Alzh\u00e9imer, que se celebra el 21 de septiembre, Burgue\u00f1o ha explicado que m\u00e1s del 60% de las personas que viven en residencias sufren alg\u00fan proceso de demencia. Los expertos coinciden en que la aplicaci\u00f3n de sujeciones, ya sean f\u00edsicas o farmacol\u00f3gicas, tiene numerosas consecuencias en la persona con demencia. En este sentido, el director t\u00e9cnico de &#8216;Desatar&#8217; ha apuntado \u00abm\u00e1s de 30 efectos secundarios negativos, como la aparici\u00f3n de \u00falceras por presi\u00f3n, la p\u00e9rdida de equilibrio, la sarcopenia, la p\u00e9rdida de masa muscular o de energ\u00eda, adem\u00e1s del impacto psicol\u00f3gico\u00bb.<\/p>\n<p> Para evitar ca\u00eddas, muchos centros aplican todav\u00eda sujeciones, un hecho que, seg\u00fan el coordinador del programa, Vicente P\u00e9rez, responde \u00aba una actitud muy sobreprotectora\u00bb con estas personas. Seg\u00fan el especialista, \u00abhay diferencias culturales, ya que aqu\u00ed se intenta evitar como sea que se caigan y en otros pa\u00edses de aplica un factor riesgo positivo y se trabaja en otras medidas\u00bb.<\/p>\n<p> A pesar de que todav\u00eda \u00abhace falta m\u00e1s concienciaci\u00f3n\u00bb, P\u00e9rez ha destacado que, a ra\u00edz de la instrucci\u00f3n de la fiscal\u00eda general del Estado de 2022, que instaba a las residencias a eliminar las sujeciones, se ha acelerado el proceso de acabar con estas medidas y cada vez son m\u00e1s los centros que optan por otro tipo de cuidados.<\/p>\n<p> El coordinador de &#8216;Desatar&#8217; ha querido dejar claro que se trata de un proceso largo porque \u00abquitar sujeciones es f\u00e1cil, pero hacerlo sin tomar otras medidas es una temeridad\u00bb. Por ello, considera que \u00abpreviamente tiene que haber un cambio de mentalidad, mirar con otros ojos a las personas, y dejar de trabajar de una forma para hacerlo de otra\u00bb.<\/p>\n<p> Para que el proceso sea exitoso, desde el programa &#8216;Desatar&#8217; se acompa\u00f1a a los centros que lo deseen a \u00abhacer m\u00e1s f\u00e1cil el camino y m\u00e1s eficiente\u00bb. \u00abLes pedimos mucha informaci\u00f3n del centro, del sistema organizativo, de las personas que viven all\u00ed y preparamos formaci\u00f3n e intervenci\u00f3n adaptada a cada residencia\u00bb, ha explicado. P\u00e9rez ha celebrado que Extremadura es la primera Comunidad Aut\u00f3noma que ha eliminado todas las sujeciones en sus centros.<\/p>\n<p>\nCentros amigables de las personas con demencia.<\/p>\n<p> Una vez que las residencias eliminan estas medidas de seguridad, pueden ir m\u00e1s all\u00e1 y recibir una certificaci\u00f3n que las acredite como centros amigables con las personas mayores con demencia, otro proyecto impulsado por CEOMA con el objetivo de ofrecer la mejor atenci\u00f3n a los usuarios y promover su bienestar.<\/p>\n<p> El responsable de esta iniciativa, Antonio Burgue\u00f1o, ha explicado que, para obtener la certificaci\u00f3n, los centros deben haber eliminado ya las sujeciones y cumplir \u00abun total de 65 est\u00e1ndares m\u00e1s\u00bb, que hacen referencia a la organizaci\u00f3n, a espacios compartidos, al trato que se da a los usuarios, a las condiciones del centro o al entorno\u00bb. En la actualidad, un total de 10 residencias disponen de esta certificaci\u00f3n y una veintena m\u00e1s est\u00e1n en proceso de cumplir estos est\u00e1ndares.<\/p>\n<p> Desde CEOMA, calculan que unas 250.000 personas con demencia viven en residencias en Espa\u00f1a. Seg\u00fan Burgue\u00f1o, \u00abmuchas de ellas tienen una edad avanzada y a menudo se considera que han pasado a un punto de &#8216;no retorno&#8217; y se las considera desahuciadas\u00bb. Ante esta situaci\u00f3n, Antonio Burgue\u00f1o ha reclamado que \u00abse preste mayor atenci\u00f3n a las personas mayores con esta enfermedad y que, aunque tengan una edad muy avanzada, si se las cuida y se les da soporte de forma adecuada, pueden vivir muchos a\u00f1os\u00bb.<\/p>\n<p> En la misma l\u00ednea, el presidente de CEOMA, Jos\u00e9 Luis Fern\u00e1ndez Santillana, ha reivindicado la necesidad de destinar \u00abm\u00e1s recursos para el diagn\u00f3stico temprano y la atenci\u00f3n domiciliaria\u00bb y \u00abun compromiso real para no olvidar a quienes olvidan\u00bb. \u00abEl Alzheimer no borra la dignidad de quienes lo padecen. Nuestra obligaci\u00f3n es asegurar que cada persona reciba cuidados humanos, cercanos y respetuosos\u00bb, ha concluido.<\/p>\n<p>\nCEOMA.<\/p>\n<p> La Confederaci\u00f3n Espa\u00f1ola de Organizaciones de Mayores (CEOMA) es una organizaci\u00f3n sin \u00e1nimo de lucro creada para la defensa de los derechos de las personas mayores. Representa a m\u00e1s 800.000 de Socios de Base y m\u00e1s de 1.500 Asociaciones y abarca a 26 organizaciones de mayores de las distintas Comunidades Aut\u00f3nomas.<\/p>\n<p> M\u00e1s informaci\u00f3n: www.ceoma.org.<\/p>\n<p>\nCelia Moreno Garrido.<\/p>\n<p>\nDirectora Gerente.<\/p>\n<p>\nceliamoreno@ceoma.org.<\/p>\n<p>\nTel.: 91 557 25 56.<\/p>\n<p>\n\u00c0gata Sala.<\/p>\n<p>\nEuropa Press Comunicaci\u00f3n.<\/p>\n<p>\nagatasala@europapress.es.<\/p>\n<p>\n600 90 55 38.<\/p>\n","protected":false},"excerpt":{"rendered":"<p>(Informaci\u00f3n remitida por la empresa firmante) D\u00cdA MUNDIAL DEL ALZHEIMER. Los expertos aseguran que las sujeciones provocan m\u00e1s de una treintena de efectos secundarios negativos y aumentan el riesgo de ca\u00eddas por la p\u00e9rdida de tono muscular y del sentido del equilibrio. Recuerdan que, a diferencia de otros pa\u00edses, en Espa\u00f1a existe todav\u00eda una actitud [&hellip;]<\/p>\n","protected":false},"author":1,"featured_media":0,"comment_status":"closed","ping_status":"closed","sticky":false,"template":"","format":"standard","meta":{"footnotes":""},"categories":[2],"tags":[],"class_list":["post-63657","post","type-post","status-publish","format-standard","hentry","category-noticias"],"_links":{"self":[{"href":"https:\/\/webciudadana.net\/index.php?rest_route=\/wp\/v2\/posts\/63657","targetHints":{"allow":["GET"]}}],"collection":[{"href":"https:\/\/webciudadana.net\/index.php?rest_route=\/wp\/v2\/posts"}],"about":[{"href":"https:\/\/webciudadana.net\/index.php?rest_route=\/wp\/v2\/types\/post"}],"author":[{"embeddable":true,"href":"https:\/\/webciudadana.net\/index.php?rest_route=\/wp\/v2\/users\/1"}],"replies":[{"embeddable":true,"href":"https:\/\/webciudadana.net\/index.php?rest_route=%2Fwp%2Fv2%2Fcomments&post=63657"}],"version-history":[{"count":0,"href":"https:\/\/webciudadana.net\/index.php?rest_route=\/wp\/v2\/posts\/63657\/revisions"}],"wp:attachment":[{"href":"https:\/\/webciudadana.net\/index.php?rest_route=%2Fwp%2Fv2%2Fmedia&parent=63657"}],"wp:term":[{"taxonomy":"category","embeddable":true,"href":"https:\/\/webciudadana.net\/index.php?rest_route=%2Fwp%2Fv2%2Fcategories&post=63657"},{"taxonomy":"post_tag","embeddable":true,"href":"https:\/\/webciudadana.net\/index.php?rest_route=%2Fwp%2Fv2%2Ftags&post=63657"}],"curies":[{"name":"wp","href":"https:\/\/api.w.org\/{rel}","templated":true}]}}