{"id":63665,"date":"2025-09-19T17:33:27","date_gmt":"2025-09-19T15:33:27","guid":{"rendered":"https:\/\/ticker-noticiasep.microcontenidos.com\/NoticiaRSS.vbhtml?user=FRND562DLP&amp;cod=20250919173327"},"modified":"2025-09-19T17:33:27","modified_gmt":"2025-09-19T15:33:27","slug":"el-milagrito-conmemora-el-dia-mundial-de-la-limpieza-con-un-mural-gigante-de-eco-tips","status":"publish","type":"post","link":"https:\/\/webciudadana.net\/?p=63665","title":{"rendered":"El Milagrito conmemora el D\u00eda Mundial de la Limpieza con un mural gigante de Eco-tips"},"content":{"rendered":"\n<div><img decoding=\"async\" src=\"https:\/\/img.europapress.es\/fotoweb\/fotonoticia_20250919173327_300.jpg\" class=\"ff-og-image-inserted\"><\/div>\n<p>(Informaci\u00f3n remitida por la empresa firmante)<\/p>\n<p>\nJornada medioambiental en la que compartieron consejos de reciclaje, ahorro energ\u00e9tico y limpieza natural<\/p>\n<p>\nSevilla, 19 de septiembre de 2025.- La compa\u00f1\u00eda Fabrienvaf NUCA, fabricante del famoso desengrasante El Milagrito, ha vuelto a demostrar que la sostenibilidad forma parte de su ADN con motivo del D\u00eda Mundial de la Limpieza. Por quinto a\u00f1o consecutivo, la compa\u00f1\u00eda celebr\u00f3 una jornada medioambiental en la que los trabajadores se convirtieron en protagonistas, creando un mural gigante elaborado con madera reciclada y decorado con eco-tips aportados por toda la plantilla.<\/p>\n<p>\nCada empleado lleg\u00f3 a las instalaciones con un consejo bajo el brazo: desde trucos de limpieza caseros y naturales, hasta pr\u00e1cticas sencillas de reciclaje o ideas para ahorrar energ\u00eda en el d\u00eda a d\u00eda. Esos peque\u00f1os gestos, representados en cartulinas con forma de hojas y corazones, quedaron plasmados en un mural que se exhibir\u00e1 de manera permanente en la f\u00e1brica como recordatorio de la fuerza de las acciones colectivas.<\/p>\n<p>\n\u201cEstas iniciativas no son solo simb\u00f3licas. Ayudan a que los h\u00e1bitos sostenibles se interioricen en la plantilla y refuercen nuestro compromiso con los est\u00e1ndares medioambientales que acreditan nuestras certificaciones, como la ISO 14001 o la EMAS\u201d, se\u00f1al\u00f3 Mario Gonz\u00e1lez Mart\u00edn, responsable de Calidad y Fabricaci\u00f3n de Fabrienvaf.<\/p>\n<p>\nLa jornada incluy\u00f3 una charla sobre la Gu\u00eda de Buenas Pr\u00e1cticas Ambientales, Sostenibilidad y Pol\u00edtica de Calidad y Medio Ambiente de la compa\u00f1\u00eda y un divertido concurso con preguntas que puso a prueba los conocimientos de los participantes. Una din\u00e1mica que, adem\u00e1s de concienciar, busc\u00f3 reforzar la responsabilidad compartida de reducir residuos y consumo energ\u00e9tico tanto dentro como fuera de la empresa.<\/p>\n<p>\nFabrienvaf lleva participando en el D\u00eda Mundial de la Limpieza desde 2021, cada a\u00f1o con un reto distinto: juegos y concursos en sus inicios, una jornada de limpieza en la ribera del Guadalquivir en 2023, la plantaci\u00f3n de medio centenar de cipreses en 2024, y este a\u00f1o, el mural colectivo de eco-tips. Acciones que reflejan el esp\u00edritu joven, creativo y proactivo de su equipo, convencido de que la sostenibilidad empieza con peque\u00f1os gestos.<\/p>\n<p>\nCon reconocimientos como el certificado de Huella de Carbono, ISO 9001 y 14001, EMAS o el sello de Energ\u00eda 100 % Verde, la compa\u00f1\u00eda reafirma que cuidar del planeta no es una acci\u00f3n puntual, sino un compromiso permanente.<\/p>\n<p>\nPara m\u00e1s informaci\u00f3n:<\/p>\n<p>\nChcomunicaci\u00f3n<\/p>\n<p>\nTfno: 954 08 47 00 \/ 685 672 074 <\/p>\n<p>\nEmisor: Fabrienvaf NUCA<\/p>\n","protected":false},"excerpt":{"rendered":"<p>(Informaci\u00f3n remitida por la empresa firmante) Jornada medioambiental en la que compartieron consejos de reciclaje, ahorro energ\u00e9tico y limpieza natural Sevilla, 19 de septiembre de 2025.- La compa\u00f1\u00eda Fabrienvaf NUCA, fabricante del famoso desengrasante El Milagrito, ha vuelto a demostrar que la sostenibilidad forma parte de su ADN con motivo del D\u00eda Mundial de la [&hellip;]<\/p>\n","protected":false},"author":1,"featured_media":0,"comment_status":"closed","ping_status":"closed","sticky":false,"template":"","format":"standard","meta":{"footnotes":""},"categories":[2],"tags":[],"class_list":["post-63665","post","type-post","status-publish","format-standard","hentry","category-noticias"],"_links":{"self":[{"href":"https:\/\/webciudadana.net\/index.php?rest_route=\/wp\/v2\/posts\/63665","targetHints":{"allow":["GET"]}}],"collection":[{"href":"https:\/\/webciudadana.net\/index.php?rest_route=\/wp\/v2\/posts"}],"about":[{"href":"https:\/\/webciudadana.net\/index.php?rest_route=\/wp\/v2\/types\/post"}],"author":[{"embeddable":true,"href":"https:\/\/webciudadana.net\/index.php?rest_route=\/wp\/v2\/users\/1"}],"replies":[{"embeddable":true,"href":"https:\/\/webciudadana.net\/index.php?rest_route=%2Fwp%2Fv2%2Fcomments&post=63665"}],"version-history":[{"count":0,"href":"https:\/\/webciudadana.net\/index.php?rest_route=\/wp\/v2\/posts\/63665\/revisions"}],"wp:attachment":[{"href":"https:\/\/webciudadana.net\/index.php?rest_route=%2Fwp%2Fv2%2Fmedia&parent=63665"}],"wp:term":[{"taxonomy":"category","embeddable":true,"href":"https:\/\/webciudadana.net\/index.php?rest_route=%2Fwp%2Fv2%2Fcategories&post=63665"},{"taxonomy":"post_tag","embeddable":true,"href":"https:\/\/webciudadana.net\/index.php?rest_route=%2Fwp%2Fv2%2Ftags&post=63665"}],"curies":[{"name":"wp","href":"https:\/\/api.w.org\/{rel}","templated":true}]}}