{"id":63669,"date":"2025-09-19T21:19:23","date_gmt":"2025-09-19T19:19:23","guid":{"rendered":"https:\/\/ticker-noticiasep.microcontenidos.com\/NoticiaRSS.vbhtml?user=FRND562DLP&amp;cod=20250919211923"},"modified":"2025-09-19T21:19:23","modified_gmt":"2025-09-19T19:19:23","slug":"mundo-el-teatro-colon-acoge-el-historico-concierto-del-ano-de-la-cultura-de-qatar-argentina-y-chile","status":"publish","type":"post","link":"https:\/\/webciudadana.net\/?p=63669","title":{"rendered":"Mundo: El Teatro Col\u00f3n acoge el hist\u00f3rico concierto del A\u00f1o de la Cultura de Qatar, Argentina y Chile"},"content":{"rendered":"\n<div><img decoding=\"async\" src=\"https:\/\/img.europapress.es\/fotoweb\/fotonoticia_20250919211923_300.jpg\" class=\"ff-og-image-inserted\"><\/div>\n<p>(Informaci\u00f3n remitida por la empresa firmante)<\/p>\n<p>\nBUENOS AIRES, Argentina, 19 de septiembre de 2025 \/PRNewswire\/ &#8212; La Orquesta Filarm\u00f3nica de Qatar (QPO) inici\u00f3 su primera gira sudamericana con un concierto inaugural en Doha, al que asisti\u00f3 Su Excelencia la Jequesa Al Mayassa bint Hamad bin Khalifa Al Thani, seguido de un debut hist\u00f3rico en el Teatro Col\u00f3n de Buenos Aires el 17 de septiembre. Esta actuaci\u00f3n marc\u00f3 un hito en la iniciativa A\u00f1os de Cultura de este a\u00f1o, una iniciativa global que apoya la curiosidad cultural y fortalece los v\u00ednculos mediante intercambios internacionales en materia de desarrollo social, patrimonio, industrias creativas e innovaci\u00f3n.<\/p>\n<p> Dirigido por el maestro Enrique Arturo Diemecke, el programa combin\u00f3 la pasi\u00f3n r\u00edtmica de Latinoam\u00e9rica con la profunda herencia tonal del mundo \u00e1rabe. En el Teatro Col\u00f3n, frecuentemente considerado uno de los mejores escenarios de \u00f3pera del mundo y reconocido por su ac\u00fastica, la QPO llev\u00f3 su singular fusi\u00f3n de tradiciones sinf\u00f3nicas occidentales y la herencia musical del mundo \u00e1rabe al apasionado p\u00fablico de Argentina.<\/p>\n<p> El maestro Diemecke dirigi\u00f3 a m\u00e1s de 70 m\u00fasicos de la QPO en una actuaci\u00f3n descrita como \u00abuna expresi\u00f3n definitoria\u00bb de la misi\u00f3n de intercambio cultural de la orquesta y \u00abun poderoso s\u00edmbolo de la universalidad de la m\u00fasica\u00bb. Fue especialmente conmovedor considerando su anterior etapa como director art\u00edstico general del Teatro Col\u00f3n, de 2017 a 2022, lo que marc\u00f3 su primer regreso al recinto.<\/p>\n<p> V\u00edctor Hugo Villena, el c\u00e9lebre virtuoso del bandone\u00f3n argentino, ofreci\u00f3 una conmovedora interpretaci\u00f3n del Aconcagua de Piazzolla, impregnando la pieza de una profunda emotividad y un profundo sentido de identidad nacional.<\/p>\n<p> Como muestra del compromiso de Qatar con el apoyo a los compositores locales, las obras de Dana Al Fardan y el Dr. Nasser Sahim, este \u00faltimo tambi\u00e9n subdirector ejecutivo de QPO, introdujeron texturas orquestales impregnadas de grandeza cinematogr\u00e1fica y arraigadas en las escalas tradicionales del maqam del Golfo.<\/p>\n<p> Kurt Meister, director ejecutivo de la QPO, destac\u00f3 la importancia de la actuaci\u00f3n: \u00abCompartir escenario con el Maestro Diemecke y el Virtuoso Villena en una sala tan emblem\u00e1tica como el Teatro Col\u00f3n es un gran honor y un poderoso s\u00edmbolo de la universalidad de la m\u00fasica\u00bb.<\/p>\n<p> Gabriela Ricardes, ministra de Cultura de la Ciudad de Buenos Aires, se hizo eco de estos sentimientos, elogiando la colaboraci\u00f3n como \u00abuna poderosa expresi\u00f3n de diplomacia cultural\u00bb y celebrando a Qatar como socio distinguido en la temporada cultural de este a\u00f1o.<\/p>\n<p> Fundada en 2007 por Su Alteza la Jequesa Moza bint Nasser, la QPO re\u00fane a m\u00fasicos de m\u00e1s de 28 pa\u00edses, muchos de ellos provenientes de conjuntos c\u00e9lebres como la Filarm\u00f3nica de Nueva York y la Orquesta Sinf\u00f3nica de la BBC.<\/p>\n<p> Foto &#8211; https:\/\/mma.prnewswire.com\/media\/2775790\/Years_of_Culture_Logo.jpg<\/p>\n<p>\nFoto &#8212; https:\/\/mma.prnewswire.com\/media\/2776692\/A_Musical_Encounter_Sounds_of_Qatar_and_Argentina_in_Doha.jpg<\/p>\n<p>\nFoto &#8212; https:\/\/mma.prnewswire.com\/media\/2776523\/QPO_Buenos_Aires__5.jpg<\/p>\n<p>\nFoto &#8212; https:\/\/mma.prnewswire.com\/media\/2776522\/QPO_Buenos_Aires__6.jpg<\/p>\n<p>\nFoto &#8212; https:\/\/mma.prnewswire.com\/media\/2776521\/QPO_Buenos_Aires__7.jpg<\/p>\n<p> View original content:https:\/\/www.prnewswire.com\/news-releases\/el-teatro-colon-acoge-el-historico-concierto-del-ano-de-la-cultura-de-qatar-argentina-y-chile-302561872.html<\/p>\n","protected":false},"excerpt":{"rendered":"<p>(Informaci\u00f3n remitida por la empresa firmante) BUENOS AIRES, Argentina, 19 de septiembre de 2025 \/PRNewswire\/ &#8212; La Orquesta Filarm\u00f3nica de Qatar (QPO) inici\u00f3 su primera gira sudamericana con un concierto inaugural en Doha, al que asisti\u00f3 Su Excelencia la Jequesa Al Mayassa bint Hamad bin Khalifa Al Thani, seguido de un debut hist\u00f3rico en el [&hellip;]<\/p>\n","protected":false},"author":1,"featured_media":0,"comment_status":"closed","ping_status":"closed","sticky":false,"template":"","format":"standard","meta":{"footnotes":""},"categories":[2],"tags":[],"class_list":["post-63669","post","type-post","status-publish","format-standard","hentry","category-noticias"],"_links":{"self":[{"href":"https:\/\/webciudadana.net\/index.php?rest_route=\/wp\/v2\/posts\/63669","targetHints":{"allow":["GET"]}}],"collection":[{"href":"https:\/\/webciudadana.net\/index.php?rest_route=\/wp\/v2\/posts"}],"about":[{"href":"https:\/\/webciudadana.net\/index.php?rest_route=\/wp\/v2\/types\/post"}],"author":[{"embeddable":true,"href":"https:\/\/webciudadana.net\/index.php?rest_route=\/wp\/v2\/users\/1"}],"replies":[{"embeddable":true,"href":"https:\/\/webciudadana.net\/index.php?rest_route=%2Fwp%2Fv2%2Fcomments&post=63669"}],"version-history":[{"count":0,"href":"https:\/\/webciudadana.net\/index.php?rest_route=\/wp\/v2\/posts\/63669\/revisions"}],"wp:attachment":[{"href":"https:\/\/webciudadana.net\/index.php?rest_route=%2Fwp%2Fv2%2Fmedia&parent=63669"}],"wp:term":[{"taxonomy":"category","embeddable":true,"href":"https:\/\/webciudadana.net\/index.php?rest_route=%2Fwp%2Fv2%2Fcategories&post=63669"},{"taxonomy":"post_tag","embeddable":true,"href":"https:\/\/webciudadana.net\/index.php?rest_route=%2Fwp%2Fv2%2Ftags&post=63669"}],"curies":[{"name":"wp","href":"https:\/\/api.w.org\/{rel}","templated":true}]}}