{"id":63670,"date":"2025-09-19T22:56:48","date_gmt":"2025-09-19T20:56:48","guid":{"rendered":"https:\/\/ticker-noticiasep.microcontenidos.com\/NoticiaRSS.vbhtml?user=FRND562DLP&amp;cod=20250919225648"},"modified":"2025-09-19T22:56:48","modified_gmt":"2025-09-19T20:56:48","slug":"mundo-banano-de-costa-rica-se-posiciona-en-el-mundo-por-su-modelo-de-innovacion-y-sostenibilidad","status":"publish","type":"post","link":"https:\/\/webciudadana.net\/?p=63670","title":{"rendered":"Mundo: Banano de Costa Rica se posiciona en el mundo por su modelo de innovaci\u00f3n y sostenibilidad"},"content":{"rendered":"\n<div><img decoding=\"async\" src=\"https:\/\/img.europapress.es\/fotoweb\/fotonoticia_20250919225648_300.jpg\" class=\"ff-og-image-inserted\"><\/div>\n<p>(Informaci\u00f3n remitida por la empresa firmante)<\/p>\n<p>\nEl pa\u00eds viene realizando esfuerzos importantes de la mano de la Marca Pa\u00eds esencial COSTA RICA y la Promotora del Comercio Exterior de Costa Rica (PROCOMER).<\/p>\n<p> SAN JOS\u00c9, Costa Rica, 19 de septiembre de 2025 \/PRNewswire\/ &#8212; Reconocida por sus verdes paisajes, paradis\u00edacas playas y una amplia biodiversidad, Costa Rica es un pa\u00eds que tiene mucho m\u00e1s que ofrecer. Adem\u00e1s de su clima de negocios excepcional, cuenta con un talento humano altamente calificado, empresas agroindustriales consolidadas y una extensa variedad de productos agr\u00edcolas que alimentan al mundo. Entre ellos, destaca uno de sus frutos m\u00e1s emblem\u00e1ticos: el banano.<\/p>\n<p> El banano ha sido parte de la historia de Costa Rica desde el siglo XIX. Lleg\u00f3 primero como cultivo para consumo local, pero pocos a\u00f1os despu\u00e9s se convirti\u00f3 en uno de los productos m\u00e1s exportados del pa\u00eds. Desde entonces, este fruto no solo forma parte de la mesa de los costarricenses, sino tambi\u00e9n de millones de familias alrededor del mundo.<\/p>\n<p> Actualmente, el banano costarricense llega a m\u00e1s de 45 pa\u00edses y ha alcanzado posiciones destacadas: Costa Rica es el tercer exportador de banano a nivel mundial, el tercer proveedor de la Uni\u00f3n Europea y el sexto de Canad\u00e1. En el 2024, las exportaciones de este producto alcanzaron los $1.189 millones, equivalentes al 6% del total de las exportaciones nacionales, el 1% del PIB y el 33% de las exportaciones agr\u00edcolas.<\/p>\n<p> \u00abM\u00e1s all\u00e1 de los n\u00fameros, el banano es un pilar de desarrollo en las zonas rurales del pa\u00eds: genera cerca de 40.000 empleos directos y alrededor de 100.000 indirectos, impactando a miles de familias. En la provincia de Lim\u00f3n, en el Caribe costarricense, este cultivo emplea aproximadamente el 76% de la mano de obra local, consolid\u00e1ndose como un factor importante de estabilidad social y econ\u00f3mica\u00bb, afirm\u00f3 Laura L\u00f3pez, Gerente General de la Promotora del Comercio Exterior de Costa Rica (PROCOMER).<\/p>\n<p> Modelo de producci\u00f3n responsable<\/p>\n<p>\nLa fortaleza del banano costarricense no se limita a su productividad, sino que radica en un modelo de producci\u00f3n basado en la innovaci\u00f3n, la trazabilidad y la sostenibilidad. El sector bananero ha realizado un esfuerzo constante por investigar y aumentar la productividad de las fincas, reduciendo el uso de agroqu\u00edmicos y optimizando el manejo de los recursos naturales.<\/p>\n<p> Costa Rica produce banano en armon\u00eda con el ambiente y en estricto respeto a los derechos laborales. Desde 1992, de manera voluntaria, se cre\u00f3 la Comisi\u00f3n Ambiental Bananera (CAB), integrada por diversos actores del sector, con el fin de autorregular y establecer est\u00e1ndares ambientales en las fincas, asegurar el cumplimiento de la legislaci\u00f3n laboral, velar por la salud ocupacional, capacitaci\u00f3n y di\u00e1logo social.<\/p>\n<p> Este modelo ha convertido a Costa Rica en un referente mundial de producci\u00f3n responsable, ya que, a trav\u00e9s de la CAB, se han implementado pr\u00e1cticas como: reciclaje del pl\u00e1stico utilizado en el cultivo, programas de reforestaci\u00f3n y protecci\u00f3n de bosques, sistemas de drenaje y manejo del agua para reducir consumo y contaminaci\u00f3n, y monitoreo del impacto ambiental en las zonas productoras.<\/p>\n<p> Asimismo, en el 2011, la industria bananera costarricense obtuvo la Indicaci\u00f3n Geogr\u00e1fica (IG) \u00abBanano de Costa Rica\u00bb, la primera en registrarse en Latinoam\u00e9rica. Este reconocimiento certifica el origen, la calidad y la reputaci\u00f3n del producto, diferenci\u00e1ndolo en los mercados internacionales, ya que Costa Rica es el \u00fanico pa\u00eds exportador de banano con una IG registrada, lo que refuerza su prestigio y evidencia el compromiso del sector con est\u00e1ndares sociales y ambientales de primer nivel.<\/p>\n<p> Adem\u00e1s de su valor econ\u00f3mico y social, el banano es un aliado para la salud. De acuerdo con la Escuela de Salud P\u00fablica de Harvard, el banano permite tener el coraz\u00f3n sano, una digesti\u00f3n balanceada y altos niveles de energ\u00eda.<\/p>\n<p> La innovaci\u00f3n y diferenciaci\u00f3n mantienen al banano costarricense en la preferencia de los mercados internacionales, raz\u00f3n por la cual el futuro de la fruta se enfoca en la tecnolog\u00eda, la investigaci\u00f3n cient\u00edfica y la inversi\u00f3n en sostenibilidad; \u00e1reas donde el pa\u00eds ya viene realizando esfuerzos importantes de la mano de actores como la Marca Pa\u00eds esencialCOSTA RICA la Promotora del Comercio Exterior de Costa Rica (PROCOMER) y la Corporaci\u00f3n Bananera Nacional (CORBANA).<\/p>\n<p> El banano de Costa Rica es m\u00e1s que un fruto tropical: es un s\u00edmbolo de innovaci\u00f3n agr\u00edcola, un motor social para miles de familias y un alimento saludable que viaja desde el coraz\u00f3n de Centroam\u00e9rica hasta las mesas del mundo entero.<\/p>\n<p> Foto &#8211; https:\/\/mma.prnewswire.com\/media\/2776940\/Banana.jpg<\/p>\n<p> View original content:https:\/\/www.prnewswire.com\/news-releases\/banano-de-costa-rica-se-posiciona-en-el-mundo-por-su-modelo-de-innovacion-y-sostenibilidad-302561978.html<\/p>\n","protected":false},"excerpt":{"rendered":"<p>(Informaci\u00f3n remitida por la empresa firmante) El pa\u00eds viene realizando esfuerzos importantes de la mano de la Marca Pa\u00eds esencial COSTA RICA y la Promotora del Comercio Exterior de Costa Rica (PROCOMER). SAN JOS\u00c9, Costa Rica, 19 de septiembre de 2025 \/PRNewswire\/ &#8212; Reconocida por sus verdes paisajes, paradis\u00edacas playas y una amplia biodiversidad, Costa [&hellip;]<\/p>\n","protected":false},"author":1,"featured_media":0,"comment_status":"closed","ping_status":"closed","sticky":false,"template":"","format":"standard","meta":{"footnotes":""},"categories":[2],"tags":[],"class_list":["post-63670","post","type-post","status-publish","format-standard","hentry","category-noticias"],"_links":{"self":[{"href":"https:\/\/webciudadana.net\/index.php?rest_route=\/wp\/v2\/posts\/63670","targetHints":{"allow":["GET"]}}],"collection":[{"href":"https:\/\/webciudadana.net\/index.php?rest_route=\/wp\/v2\/posts"}],"about":[{"href":"https:\/\/webciudadana.net\/index.php?rest_route=\/wp\/v2\/types\/post"}],"author":[{"embeddable":true,"href":"https:\/\/webciudadana.net\/index.php?rest_route=\/wp\/v2\/users\/1"}],"replies":[{"embeddable":true,"href":"https:\/\/webciudadana.net\/index.php?rest_route=%2Fwp%2Fv2%2Fcomments&post=63670"}],"version-history":[{"count":0,"href":"https:\/\/webciudadana.net\/index.php?rest_route=\/wp\/v2\/posts\/63670\/revisions"}],"wp:attachment":[{"href":"https:\/\/webciudadana.net\/index.php?rest_route=%2Fwp%2Fv2%2Fmedia&parent=63670"}],"wp:term":[{"taxonomy":"category","embeddable":true,"href":"https:\/\/webciudadana.net\/index.php?rest_route=%2Fwp%2Fv2%2Fcategories&post=63670"},{"taxonomy":"post_tag","embeddable":true,"href":"https:\/\/webciudadana.net\/index.php?rest_route=%2Fwp%2Fv2%2Ftags&post=63670"}],"curies":[{"name":"wp","href":"https:\/\/api.w.org\/{rel}","templated":true}]}}