{"id":63688,"date":"2025-09-22T08:58:11","date_gmt":"2025-09-22T06:58:11","guid":{"rendered":"https:\/\/ticker-noticiasep.microcontenidos.com\/NoticiaRSS.vbhtml?user=FRND562DLP&amp;cod=20250922085811"},"modified":"2025-09-22T08:58:11","modified_gmt":"2025-09-22T06:58:11","slug":"mundo-engwe-abre-su-primera-tienda-temporal-en-alemania-acelera-su-expansion-en-el-mercado-europeo","status":"publish","type":"post","link":"https:\/\/webciudadana.net\/?p=63688","title":{"rendered":"Mundo: ENGWE abre su primera tienda temporal en Alemania: acelera su expansi\u00f3n en el mercado europeo"},"content":{"rendered":"\n<p>(Informaci\u00f3n remitida por la empresa firmante)<\/p>\n<p>\nBERL\u00cdN, 22 de septiembre de 2025 \/PRNewswire\/ &#8212; ENGWE, una marca de bicicletas el\u00e9ctricas en r\u00e1pido crecimiento, ha abierto su primera tienda temporal en Berl\u00edn y Colonia, Alemania, bajo el lema \u00abRide the Future, Start Now\u00bb. La tienda temporal invita a los residentes a entrar, tocar y probar bicicletas el\u00e9ctricas. Este evento inmersivo combina tecnolog\u00eda, dise\u00f1o y estilo de vida, ofreciendo a los consumidores alemanes una experiencia de primera mano con las innovadoras bicicletas el\u00e9ctricas de ENGWE. Este hito marca un paso decisivo en la estrategia a largo plazo de ENGWE para fortalecer su presencia en el mercado ciclista m\u00e1s competitivo de Europa.<\/p>\n<p> Desde principios de 2025, ENGWE ha priorizado el mercado alem\u00e1n, y este enfoque espec\u00edfico dio sus frutos r\u00e1pidamente. La compa\u00f1\u00eda logr\u00f3 las mayores ventas en el mercado alem\u00e1n este a\u00f1o, impulsada por el atractivo del producto, sus caracter\u00edsticas pr\u00e1cticas y el boca a boca local. La familia L20 ha sido destacada repetidamente por medios de comunicaci\u00f3n de confianza: heise.de situ\u00f3 la L20 3.0 Pro entre las 10 mejores bicicletas el\u00e9ctricas plegables; n-tv.de nombr\u00f3 a la bicicleta el\u00e9ctrica L20 Boost la mejor opci\u00f3n en su comparativa de bicicletas el\u00e9ctricas de 2025; Welt tambi\u00e9n destac\u00f3 el modelo como uno de los de mayor rendimiento; y FAZ elogi\u00f3 el rendimiento de la L20 Boost, superando las expectativas. Estas rese\u00f1as contribuyeron a despertar el inter\u00e9s entre los ciclistas habituales y a impulsar las pruebas de conducci\u00f3n locales en la tienda temporal, con el objetivo de convertir la curiosidad en compras seguras.<\/p>\n<p> De cara a 2026, ENGWE ampliar\u00e1 su presencia f\u00edsica en Alemania, abriendo tiendas exclusivas en Berl\u00edn, M\u00fanich, Fr\u00e1ncfort, Bochum y Colonia, con el objetivo de llegar a aproximadamente cinco millones de ciclistas. La compa\u00f1\u00eda seguir\u00e1 presente en Eurobike y aplicar\u00e1 una estrategia de \u00abProducto + Canal + Ecosistema\u00bb que combina productos atractivos con servicios accesibles de venta al p\u00fablico y comunitarios para acelerar la adopci\u00f3n en el mayor mercado \u00fanico de Europa.<\/p>\n<p> M\u00e1s all\u00e1 del comercio minorista, ENGWE se dedica a fomentar la cultura ciclista en Alemania. La marca colaborar\u00e1 con clubes locales para organizar paseos, talleres y eventos comunitarios, creando un ecosistema que conecte los productos con las personas. \u00abAlemania es un referente mundial en calidad ciclista. Crecer aqu\u00ed no se trata solo de expandir el mercado, sino de aprender de los ciclistas m\u00e1s exigentes\u00bb, declar\u00f3 un portavoz de ENGWE. \u00abLa innovaci\u00f3n empieza por comprender las necesidades del usuario\u00bb.<\/p>\n<p> La apertura de la primera tienda temporal de ENGWE en Alemania es m\u00e1s que un lanzamiento simb\u00f3lico: es la base de un plan a largo plazo para consolidar la marca en el mercado ciclista m\u00e1s importante de Europa. Con tiendas permanentes y colaboraciones locales en el horizonte, ENGWE se posiciona como un actor clave en la pr\u00f3xima era de la movilidad urbana. Para m\u00e1s informaci\u00f3n, visite la p\u00e1gina oficial de ENGWE.<\/p>\n<p> Logo &#8211; https:\/\/mma.prnewswire.com\/media\/2341757\/ENGWE_Logo.jpg<\/p>\n<p> View original content:https:\/\/www.prnewswire.com\/news-releases\/engwe-abre-su-primera-tienda-temporal-en-alemania-acelera-su-expansion-en-el-mercado-europeo-302562671.html<\/p>\n","protected":false},"excerpt":{"rendered":"<p>(Informaci\u00f3n remitida por la empresa firmante) BERL\u00cdN, 22 de septiembre de 2025 \/PRNewswire\/ &#8212; ENGWE, una marca de bicicletas el\u00e9ctricas en r\u00e1pido crecimiento, ha abierto su primera tienda temporal en Berl\u00edn y Colonia, Alemania, bajo el lema \u00abRide the Future, Start Now\u00bb. La tienda temporal invita a los residentes a entrar, tocar y probar bicicletas [&hellip;]<\/p>\n","protected":false},"author":1,"featured_media":0,"comment_status":"closed","ping_status":"closed","sticky":false,"template":"","format":"standard","meta":{"footnotes":""},"categories":[2],"tags":[],"class_list":["post-63688","post","type-post","status-publish","format-standard","hentry","category-noticias"],"_links":{"self":[{"href":"https:\/\/webciudadana.net\/index.php?rest_route=\/wp\/v2\/posts\/63688","targetHints":{"allow":["GET"]}}],"collection":[{"href":"https:\/\/webciudadana.net\/index.php?rest_route=\/wp\/v2\/posts"}],"about":[{"href":"https:\/\/webciudadana.net\/index.php?rest_route=\/wp\/v2\/types\/post"}],"author":[{"embeddable":true,"href":"https:\/\/webciudadana.net\/index.php?rest_route=\/wp\/v2\/users\/1"}],"replies":[{"embeddable":true,"href":"https:\/\/webciudadana.net\/index.php?rest_route=%2Fwp%2Fv2%2Fcomments&post=63688"}],"version-history":[{"count":0,"href":"https:\/\/webciudadana.net\/index.php?rest_route=\/wp\/v2\/posts\/63688\/revisions"}],"wp:attachment":[{"href":"https:\/\/webciudadana.net\/index.php?rest_route=%2Fwp%2Fv2%2Fmedia&parent=63688"}],"wp:term":[{"taxonomy":"category","embeddable":true,"href":"https:\/\/webciudadana.net\/index.php?rest_route=%2Fwp%2Fv2%2Fcategories&post=63688"},{"taxonomy":"post_tag","embeddable":true,"href":"https:\/\/webciudadana.net\/index.php?rest_route=%2Fwp%2Fv2%2Ftags&post=63688"}],"curies":[{"name":"wp","href":"https:\/\/api.w.org\/{rel}","templated":true}]}}