{"id":63693,"date":"2025-09-22T13:38:13","date_gmt":"2025-09-22T11:38:13","guid":{"rendered":"https:\/\/ticker-noticiasep.microcontenidos.com\/NoticiaRSS.vbhtml?user=FRND562DLP&amp;cod=20250922133813"},"modified":"2025-09-22T13:38:13","modified_gmt":"2025-09-22T11:38:13","slug":"sociedad-galp-y-bmw-group-inauguran-en-intu-xanadu-el-mayor-parque-de-recarga-de-coches-electricos-de-iberia","status":"publish","type":"post","link":"https:\/\/webciudadana.net\/?p=63693","title":{"rendered":"Sociedad: Galp y BMW Group inauguran en Intu Xanad\u00fa el mayor parque de recarga de coches el\u00e9ctricos de Iberia"},"content":{"rendered":"\n<div><img decoding=\"async\" src=\"https:\/\/img.europapress.es\/fotoweb\/fotonoticia_20250922133813_300.jpg\" class=\"ff-og-image-inserted\"><\/div>\n<p>(Informaci\u00f3n remitida por la empresa firmante)<\/p>\n<p> &#8211; El parque cuenta con 116 puntos de carga: 16 ultrarr\u00e1pidos y 100 semirr\u00e1pidos. Con una potencia de 180KW y 22KW respectivamente, estos puntos ofrecen tiempos de carga para una autonom\u00eda de 100 km de menos de 6 minutos en los primeros y de 90 minutos en los segundos <\/p>\n<p> &#8211; Esta instalaci\u00f3n en Intu Xanad\u00fa supone un paso m\u00e1s en la materializaci\u00f3n de la alianza entre Galp y BMW Group, vigente desde octubre de 2022, por el desarrollo de la movilidad el\u00e9ctrica en Espa\u00f1a <\/p>\n<p> &#8211; La inversi\u00f3n de Galp en Espa\u00f1a en los \u00faltimos cinco a\u00f1os super\u00f3 los 1,3 mil millones de euros, revel\u00f3 Jo\u00e3o Diogo Marques da Silva, co-CEO de la compa\u00f1\u00eda energ\u00e9tica<\/p>\n<p> &#8211; El acto ha contado con el apoyo de Luis Quiroga, alcalde de Arroyomolinos<\/p>\n<p> Madrid, 22 de septiembre de 2025. Galp y BMW Group han inaugurado hoy el mayor parque de carga el\u00e9ctrica de Iberia en el centro comercial de Intu Xanad\u00fa, en la ciudad madrile\u00f1a de Arroyomolinos. La instalaci\u00f3n, cuenta con 116 puntos de recarga 16 ultrarr\u00e1pidos y 100 semirr\u00e1pidos, con una potencia de 180KW y 22KW respectivamente.<\/p>\n<p> Los m\u00e1s de 12,5 millones de clientes anuales de Intu Xanad\u00fa podr\u00e1n disfrutar de una instalaci\u00f3n con m\u00e1s de 3,6 MW de potencia que garantiza la carga simult\u00e1nea de m\u00faltiples veh\u00edculos, sin riesgo de saturaci\u00f3n. El emplazamiento estrat\u00e9gico de este parque en la capital espa\u00f1ola y en el centro de la Pen\u00ednsula Ib\u00e9rica refuerza el compromiso de ambas compa\u00f1\u00edas por la electrificaci\u00f3n, impulsando la creaci\u00f3n de una red de puntos de carga a lo largo de los principales corredores de media distancia y largo recorrido de Espa\u00f1a y Portugal y eliminando barreras para la adopci\u00f3n de la movilidad el\u00e9ctrica.<\/p>\n<p> La infraestructura de cargadores de Galp en la Pen\u00ednsula Ib\u00e9rica pr\u00e1cticamente se ha duplicado cada a\u00f1o en los \u00faltimos cinco a\u00f1os, pasando de una base de 500 cargadores en 2020 a los actuales 8.500 cargadores. Los usuarios de esta nueva infraestructura tendr\u00e1n acceso a una experiencia de tan solo 6 minutos o 90 minutos, seg\u00fan la categor\u00eda del cargador.<\/p>\n<p> El evento de inauguraci\u00f3n ha contado con la participaci\u00f3n de representantes institucionales y actores clave de la industria, como Luis Quiroga, alcalde de Arroyomolinos, que ha mostrado su apoyo a Galp y BMW Group como compa\u00f1\u00edas pioneras en la creaci\u00f3n de soluciones innovadoras y accesibles que faciliten la transici\u00f3n hacia la movilidad sostenible.<\/p>\n<p> \u00abEn los \u00faltimos 5 a\u00f1os Galp ha invertido m\u00e1s de 1,3 mil millones de euros en Espa\u00f1a lo que refleja la importancia de este pa\u00eds en nuestra estrategia. Somos hoy uno de los principales productores de energ\u00eda solar en Iberia y gestionamos una red de movilidad en Espa\u00f1a con m\u00e1s de 550 estaciones de servicio, tiendas de conveniencia y una red de carga el\u00e9ctrica en crecimiento. El proyecto Xanad\u00fa demuestra nuestro firme compromiso con la transici\u00f3n para una movilidad cada vez m\u00e1s sostenible y la ambici\u00f3n entre socios que son l\u00edderes en sus respectivos sectores de actividad\u00bb, destaca Jo\u00e3o Diogo Marques da Silva, co-CEO de Galp.<\/p>\n<p> \u00abPorque la transici\u00f3n energ\u00e9tica no se har\u00e1 sin la adhesi\u00f3n de los ciudadanos, estamos democratizando el acceso a puntos de carga en la Comunidad Aut\u00f3noma en la que se ha registrado el mayor volumen de ventas de coches el\u00e9ctricos. Sin embargo, no vamos a competir por el n\u00famero de tomas instaladas sino por las mejores ubicaciones, los mejores servicios de conveniencia y las plataformas de pago m\u00e1s \u00e1giles. Todo para atraer a m\u00e1s personas al camino de la movilidad sostenible.\u00bb, a\u00f1ade David \u00c1lvaro, CEO de Galp en Espa\u00f1a.<\/p>\n<p> \u00abLa movilidad el\u00e9ctrica necesita soluciones de carga para que los clientes ganen m\u00e1s confianza en sus desplazamientos. Desde que lanzamos el BMW i3 en 2013, hasta el lanzamiento del BMW iX3 en este 2025, han pasado 12 a\u00f1os y la tecnolog\u00eda de los veh\u00edculos ha hecho que las estaciones de carga tambi\u00e9n evolucionen tanto por capacidad para acoger al parque m\u00f3vil como por la velocidad de carga que los veh\u00edculos necesitan. Por eso, una estaci\u00f3n de carga tan amplia y potente como la que estrenamos junto a Galp en Xanad\u00fa es estrat\u00e9gica para seguir aportando soluciones reales a las necesidades presentes y futuras\u00bb, afirma Manuel Terroba, CEO de BMW Group para Iberia.<\/p>\n<p> Para intu Xanad\u00fa -propiedad de Nuveen Real Estate y Rivoli Asset Management &#8211; este proyecto se enmarca en su plan de sostenibilidad y responde a su compromiso por impactar de forma positiva en la sociedad y el medio ambiente. Intu Xanad\u00fa viene de esta manera a cubrir, de la mano de Galp y de BMW Group, la creciente demanda de puntos de recarga de acceso p\u00fablico.<\/p>\n<p> \u00abEsta alianza no es solo una inversi\u00f3n en infraestructuras, sino un compromiso claro con un futuro m\u00e1s sostenible. En Rivoli Asset Management, creemos que la sostenibilidad debe estar integrada en cada fase del ciclo de inversi\u00f3n y gesti\u00f3n asegurando la responsabilidad de nuestros activos en el tiempo.\u00bb, afirma Ignacio Fonseca, director general de Rivoli Asset Management.<\/p>\n<p> Para Maurice Meulendijk, Head of Retail Southern Europe Nuveen Real Estate \u00abEste proyecto forma parte de nuestra estrategia de inversi\u00f3n, dise\u00f1ada para mejorar la experiencia de m\u00e1s de 12.5 millones de visitantes anuales. Al mismo tiempo, demuestra c\u00f3mo las iniciativas sostenibles se integran en la forma en que invertimos y gestionamos los activos, incorporando eficiencia, innovaci\u00f3n y valor a largo plazo\u00bb.<\/p>\n<p> El 21% de la red de cargadores de Galp en la Pen\u00ednsula Ib\u00e9rica est\u00e1 compuesta por tomas r\u00e1pidas y ultrarr\u00e1pidas, con el objetivo de reforzar la estrategia de crear una red que acerque cada vez m\u00e1s la experiencia de recarga el\u00e9ctrica a la inmediatez del repostaje tradicional, poniendo a disposici\u00f3n de sus clientes m\u00e1s cargadores y m\u00e1s r\u00e1pidos en ubicaciones clave para millones de usuarios.<\/p>\n<p> Sobre Galp <\/p>\n<p> Galp es una empresa multienerg\u00e9tica con sede en Lisboa que compite a diario con los gigantes mundiales del sector. Operamos en nueve pa\u00edses y tres continentes, con actividades principales en Brasil, \u00c1frica y la Pen\u00ednsula Ib\u00e9rica. Nuestra oferta incluye diversas formas de energ\u00eda: desde electricidad generada a partir de fuentes renovables hasta gas natural y combustibles l\u00edquidos. Gestionamos 1,5 GW de capacidad renovable, produciendo electricidad sostenible que carga miles de veh\u00edculos el\u00e9ctricos y suministra energ\u00eda a hogares y empresas. Adem\u00e1s, estamos avanzando en la producci\u00f3n de una nueva generaci\u00f3n de combustibles sint\u00e9ticos y biocombustibles con una menor huella de carbono. Galp cuenta con una marca, una identidad y una presencia fuerte en el d\u00eda a d\u00eda de sus clientes, a trav\u00e9s de una red de 1,500 estaciones de servicio y tiendas de conveniencia en la Pen\u00ednsula Ib\u00e9rica. <\/p>\n<p> M\u00e1s informaci\u00f3n en https:\/\/www.galp.com\/corp\/es\/ <\/p>\n<p> Sobre BMW Group <\/p>\n<p> Con sus cuatro marcas BMW, MINI, Rolls-Royce y BMW Motorrad, el Grupo BMW es el principal fabricante premium de autom\u00f3viles y motocicletas del mundo, y tambi\u00e9n proporciona servicios financieros premium. La red de producci\u00f3n del Grupo BMW comprende m\u00e1s de 30 centros de producci\u00f3n en todo el mundo; la empresa tiene una red de ventas global en m\u00e1s de 140 pa\u00edses. <\/p>\n<p> En 2024, BMW Group vendi\u00f3 m\u00e1s de 2,45 millones de veh\u00edculos de pasajeros y m\u00e1s de 210.000 motocicletas en todo el mundo. El beneficio antes de impuestos en el ejercicio financiero de 2024 fue de 11,0 mil millones de euros, mientras que los ingresos ascendieron a 142,4 mil millones de euros. A 31 de diciembre de 2024, BMW Group ten\u00eda una plantilla de 159.104 empleados. <\/p>\n<p> El \u00e9xito econ\u00f3mico de BMW Group siempre se ha basado en una visi\u00f3n a largo plazo y en una acci\u00f3n responsable. La sostenibilidad es un elemento clave de la estrategia corporativa de BMW Group y abarca todos los productos, desde la cadena de suministro y la producci\u00f3n hasta el final de su vida \u00fatil. <\/p>\n","protected":false},"excerpt":{"rendered":"<p>(Informaci\u00f3n remitida por la empresa firmante) &#8211; El parque cuenta con 116 puntos de carga: 16 ultrarr\u00e1pidos y 100 semirr\u00e1pidos. Con una potencia de 180KW y 22KW respectivamente, estos puntos ofrecen tiempos de carga para una autonom\u00eda de 100 km de menos de 6 minutos en los primeros y de 90 minutos en los segundos [&hellip;]<\/p>\n","protected":false},"author":1,"featured_media":0,"comment_status":"closed","ping_status":"closed","sticky":false,"template":"","format":"standard","meta":{"footnotes":""},"categories":[2],"tags":[],"class_list":["post-63693","post","type-post","status-publish","format-standard","hentry","category-noticias"],"_links":{"self":[{"href":"https:\/\/webciudadana.net\/index.php?rest_route=\/wp\/v2\/posts\/63693","targetHints":{"allow":["GET"]}}],"collection":[{"href":"https:\/\/webciudadana.net\/index.php?rest_route=\/wp\/v2\/posts"}],"about":[{"href":"https:\/\/webciudadana.net\/index.php?rest_route=\/wp\/v2\/types\/post"}],"author":[{"embeddable":true,"href":"https:\/\/webciudadana.net\/index.php?rest_route=\/wp\/v2\/users\/1"}],"replies":[{"embeddable":true,"href":"https:\/\/webciudadana.net\/index.php?rest_route=%2Fwp%2Fv2%2Fcomments&post=63693"}],"version-history":[{"count":0,"href":"https:\/\/webciudadana.net\/index.php?rest_route=\/wp\/v2\/posts\/63693\/revisions"}],"wp:attachment":[{"href":"https:\/\/webciudadana.net\/index.php?rest_route=%2Fwp%2Fv2%2Fmedia&parent=63693"}],"wp:term":[{"taxonomy":"category","embeddable":true,"href":"https:\/\/webciudadana.net\/index.php?rest_route=%2Fwp%2Fv2%2Fcategories&post=63693"},{"taxonomy":"post_tag","embeddable":true,"href":"https:\/\/webciudadana.net\/index.php?rest_route=%2Fwp%2Fv2%2Ftags&post=63693"}],"curies":[{"name":"wp","href":"https:\/\/api.w.org\/{rel}","templated":true}]}}