{"id":63698,"date":"2025-09-22T16:21:30","date_gmt":"2025-09-22T14:21:30","guid":{"rendered":"https:\/\/ticker-noticiasep.microcontenidos.com\/NoticiaRSS.vbhtml?user=FRND562DLP&amp;cod=20250922162130"},"modified":"2025-09-22T16:21:30","modified_gmt":"2025-09-22T14:21:30","slug":"el-faro-consolida-su-apuesta-por-el-crecimiento-con-las-reaperturas-de-stradivarius-primor-y-scalpers","status":"publish","type":"post","link":"https:\/\/webciudadana.net\/?p=63698","title":{"rendered":"El Faro consolida su apuesta por el crecimiento con las reaperturas de Stradivarius, Primor y Scalpers"},"content":{"rendered":"\n<div><img decoding=\"async\" src=\"https:\/\/img.europapress.es\/fotoweb\/fotonoticia_20250922162130_300.jpg\" class=\"ff-og-image-inserted\"><\/div>\n<p>(Informaci\u00f3n remitida por la empresa firmante)<\/p>\n<p>\nEl local de Stradivarius ampl\u00eda su espacio y ocupar\u00e1 m\u00e1s de 1.000 metros cuadrados tras su reforma, mientras que los nuevos locales de Primor y Scalpers cuentan con 5.000 y 300 metros cuadrados, respectivamente, en sus nuevos emplazamientos<\/p>\n<p>\n\u201cComo referente comercial de la comunidad, las firmas pioneras conf\u00edan en nuestro centro para aplicar sus \u00faltimas novedades en concepto de dise\u00f1o y organizaci\u00f3n de sus tiendas, lo que se traduce en una mejora de la experiencia del cliente a nivel general y un gran atractivo para el consumidor m\u00e1s joven a nivel particular\u201d, indican desde la gerencia del centro comercial El Faro<\/p>\n<p>\nBadajoz, 22 de septiembre de 2025.- El centro comercial El Faro consolida su apuesta por el crecimiento continuo con las reaperturas como las de Stradivarius y Primor, y a las que se suma la de Scalpers, que estrenar\u00e1 nuevo local este mi\u00e9rcoles 24 de septiembre. El centro est\u00e1 llevando a cabo esta estrategia de renovaci\u00f3n de sus r\u00f3tulos con el objetivo de ofrecer los \u00faltimos conceptos a sus clientes, al tiempo que refuerza su posici\u00f3n como punto atractivo para grandes operadores.<\/p>\n<p>\nUn mes de septiembre a ritmo de reaperturas que inici\u00f3 la marca de perfumer\u00eda y cosm\u00e9tica Primor, la cual abri\u00f3 sus puertas al p\u00fablico el pasado 17 de septiembre. El local de la firma cuenta con una superficie de 5.000 metros cuadrados y est\u00e1 ubicado junto a Lefties. A trav\u00e9s del lema, \u2018la tienda m\u00e1s bella del mundo\u2019, este espacio pone el foco en la est\u00e9tica, de forma que colores como el rosa y el verde se entrelazan con tonos plateados y techos iluminados para generar un escenario que rompe con lo predecible y busca revolucionar en el sector \u2018retail beauty\u2019.<\/p>\n<p>\nPrimor es una marca espa\u00f1ola con m\u00e1s de 70 a\u00f1os de recorrido. Una de las claves de su \u00e9xito ha pasado por la gama de productos que se pueden encontrar en su cat\u00e1logo, todos ellos a precios asequibles. Este factor, unido a su clara apuesta por el crecimiento, le ha permitido sumar m\u00e1s de 250 puntos de venta a nivel nacional e internacional, con presencia en pa\u00edses como Portugal, Italia y Francia.<\/p>\n<p>\nStradivarius ampl\u00eda espacio e incorpora su colecci\u00f3n completa<\/p>\n<p>\nTras una reforma integral que ha ampliado el espacio y ha modernizado la distribuci\u00f3n de los elementos presentes, el local de Stradivarius reabri\u00f3 sus puertas al p\u00fablico el pasado jueves con una superficie que sobrepasa los 1.000 metros cuadrados. Como principal novedad, el establecimiento contar\u00e1 con todas las colecciones disponibles en la web de la ense\u00f1a.<\/p>\n<p>\nEsta firma de moda femenina, parte del Grupo Inditex, destaca por ofrecer un cat\u00e1logo centrado en la variedad de opciones de dise\u00f1o y tonalidades, donde destacan sus pantalones, trajes, faldas, camisas y cinturones.<\/p>\n<p>\nScalpers, la \u00faltima incorporaci\u00f3n<\/p>\n<p>\nLa firma de moda Scalpers inaugurar\u00e1 su nuevo local este mi\u00e9rcoles 24 de septiembre, con una superficie ampliada que le permitir\u00e1 incorporar la l\u00ednea \u2018Kids\u2019 a la ya existente colecci\u00f3n \u2018Man\u2019. Esta expansi\u00f3n tambi\u00e9n dar\u00e1 paso a la incorporaci\u00f3n de la l\u00ednea \u2018Woman\u2019, que se sumar\u00e1 al amplio cat\u00e1logo que la marca posee en El Faro.<\/p>\n<p>\nInicialmente enfocada en prendas dirigidas al p\u00fablico masculino (ropa casual y deportiva, trajes y complementos), esta marca andaluza con m\u00e1s de 300 tiendas f\u00edsicas repartidas por el pa\u00eds ha ampliado sus miras hasta ofrecer prendas de ropa para mujer y ni\u00f1os. Entre sus proyectos, Scalpers tambi\u00e9n ha lanzado colecciones espec\u00edficas para el hogar e incluso una l\u00ednea de cosm\u00e9tica.<\/p>\n<p>\nDesde la gerencia de El Faro han se\u00f1alado que \u201cesta modernizaci\u00f3n de nuestras marcas es el reflejo de la constante evoluci\u00f3n en la que estamos inmersos\u201d. \u201cNos sentimos muy orgullosos que los operadores de primer nivel conf\u00eden en El Faro para aplicar sus \u00faltimas novedades en concepto de dise\u00f1o y organizaci\u00f3n de sus tiendas, lo que se traduce en una mejora de la experiencia del cliente a nivel general y un gran atractivo para el consumidor m\u00e1s joven a nivel particular\u201d.<\/p>\n<p>\nEn lo que va de a\u00f1o, El Faro ha dado la bienvenida otras marcas de renombre, entre las que sobresalen la mayor tienda de Mango en Extremadura, con m\u00e1s de 1.200 metros cuadrados, y Fitness Park, que eligi\u00f3 el complejo para inaugurar su primer gimnasio en la regi\u00f3n, con cerca de 2.000 metros cuadrados de instalaciones. Una renovaci\u00f3n de cartera a la que se han unido las aperturas de la zapater\u00eda RKS y la l\u00ednea Mango Teen, el aterrizaje de Normal y la remodelaci\u00f3n de Lollipops.<\/p>\n<p>\nSobre El Faro*<\/p>\n<p>\nInaugurado en 2012, El Faro es el centro comercial de referencia en Extremadura. Propiedad de Castellana Properties y gestionado por Cushman &amp; Wakefield, en sus m\u00e1s de 66.000 m* de superficie comercial el centro re\u00fane una amplia y variada oferta de moda, restauraci\u00f3n, ocio y servicios, con m\u00e1s de 100 establecimientos, incluyendo marcas nacionales e internacionales de primer nivel.<\/p>\n<p>\nEn total, el centro comercial genera un total de m\u00e1s de 1.200 puestos de trabajo, y acoge m\u00e1s de 8M de visitas al a\u00f1o. Ubicado junto a la A-5 y a pocos minutos del centro de Badajoz, El Faro es un espacio din\u00e1mico, moderno y accesible, que apuesta por la innovaci\u00f3n, la sostenibilidad y la experiencia del visitante. Adem\u00e1s, acoge numerosas actividades culturales, sociales y de entretenimiento a lo largo del a\u00f1o, reforzando su papel como punto de encuentro para familias, j\u00f3venes y visitantes de ambos lados de la frontera.<\/p>\n<p>\nPara m\u00e1s informaci\u00f3n o gesti\u00f3n de entrevistas:<\/p>\n<p>\nAGENCIA DE COMUNICACI\u00d3N DE EL FARO:<\/p>\n<p>\neuropa press Comunicaci\u00f3n*<\/p>\n<p>\nLeopoldo Eduardo Alonso Llofriu (600 90 56 25)<\/p>\n<p>\nleopoldoalonso@europapress.es<\/p>\n<p>\nSandra Delgado (600 90 50 85)<\/p>\n<p>\nsandradelgado@europapress.es<\/p>\n<p>\nVirginia Garc\u00eda (679 17 79 45)<\/p>\n<p>\nvirginiagarcia@europapress.es<\/p>\n<p>\n*<\/p>\n","protected":false},"excerpt":{"rendered":"<p>(Informaci\u00f3n remitida por la empresa firmante) El local de Stradivarius ampl\u00eda su espacio y ocupar\u00e1 m\u00e1s de 1.000 metros cuadrados tras su reforma, mientras que los nuevos locales de Primor y Scalpers cuentan con 5.000 y 300 metros cuadrados, respectivamente, en sus nuevos emplazamientos \u201cComo referente comercial de la comunidad, las firmas pioneras conf\u00edan en [&hellip;]<\/p>\n","protected":false},"author":1,"featured_media":0,"comment_status":"closed","ping_status":"closed","sticky":false,"template":"","format":"standard","meta":{"footnotes":""},"categories":[2],"tags":[],"class_list":["post-63698","post","type-post","status-publish","format-standard","hentry","category-noticias"],"_links":{"self":[{"href":"https:\/\/webciudadana.net\/index.php?rest_route=\/wp\/v2\/posts\/63698","targetHints":{"allow":["GET"]}}],"collection":[{"href":"https:\/\/webciudadana.net\/index.php?rest_route=\/wp\/v2\/posts"}],"about":[{"href":"https:\/\/webciudadana.net\/index.php?rest_route=\/wp\/v2\/types\/post"}],"author":[{"embeddable":true,"href":"https:\/\/webciudadana.net\/index.php?rest_route=\/wp\/v2\/users\/1"}],"replies":[{"embeddable":true,"href":"https:\/\/webciudadana.net\/index.php?rest_route=%2Fwp%2Fv2%2Fcomments&post=63698"}],"version-history":[{"count":0,"href":"https:\/\/webciudadana.net\/index.php?rest_route=\/wp\/v2\/posts\/63698\/revisions"}],"wp:attachment":[{"href":"https:\/\/webciudadana.net\/index.php?rest_route=%2Fwp%2Fv2%2Fmedia&parent=63698"}],"wp:term":[{"taxonomy":"category","embeddable":true,"href":"https:\/\/webciudadana.net\/index.php?rest_route=%2Fwp%2Fv2%2Fcategories&post=63698"},{"taxonomy":"post_tag","embeddable":true,"href":"https:\/\/webciudadana.net\/index.php?rest_route=%2Fwp%2Fv2%2Ftags&post=63698"}],"curies":[{"name":"wp","href":"https:\/\/api.w.org\/{rel}","templated":true}]}}