{"id":63699,"date":"2025-09-22T17:35:40","date_gmt":"2025-09-22T15:35:40","guid":{"rendered":"https:\/\/ticker-noticiasep.microcontenidos.com\/NoticiaRSS.vbhtml?user=FRND562DLP&amp;cod=20250922173540"},"modified":"2025-09-22T17:35:40","modified_gmt":"2025-09-22T15:35:40","slug":"mundo-actuando-ahora-por-un-mundo-en-paz-para-garantizar-la-educacion-para-todos","status":"publish","type":"post","link":"https:\/\/webciudadana.net\/?p=63699","title":{"rendered":"Mundo: Actuando ahora por un mundo en paz, para garantizar la educaci\u00f3n para todos"},"content":{"rendered":"\n<div><img decoding=\"async\" src=\"https:\/\/img.europapress.es\/fotoweb\/fotonoticia_20250922173540_300.jpg\" class=\"ff-og-image-inserted\"><\/div>\n<p>(Informaci\u00f3n remitida por la empresa firmante)<\/p>\n<p>\nConmemoramos el D\u00eda Internacional de la Paz con Education Cannot Wait<\/p>\n<p>\nNUEVA YORK, 22 de septiembre de 2025 \/PRNewswire\/ &#8212; La educaci\u00f3n es la base de un mundo m\u00e1s pac\u00edfico y unido. Gracias al poder transformador de la educaci\u00f3n \u2014especialmente para los 234 millones de ni\u00f1as y ni\u00f1os que viven en primera l\u00ednea de conflictos, desplazamientos forzados y otras crisis prolongadas\u2014, podemos construir un mundo basado en los derechos humanos, la dignidad humana y el amplio potencial del esp\u00edritu humano.<\/p>\n<p> Ning\u00fan ni\u00f1o sue\u00f1a con la guerra. Ning\u00fan ni\u00f1o desea ser obligado a abandonar su hogar. Ning\u00fan ni\u00f1o pide una cat\u00e1strofe. Ning\u00fan ni\u00f1o quiere ver su futuro destruido.<\/p>\n<p> Los ni\u00f1os sue\u00f1an con la paz. Sue\u00f1an con la igualdad. Sue\u00f1an con un mundo mejor.<\/p>\n<p> Al conmemorar el D\u00eda Internacional de la Paz de este a\u00f1o, instando a las personas de todo el mundo a actuar ahora por un mundo en paz, debemos aferrarnos a la humanidad optimista y despreocupada de los ni\u00f1os.<\/p>\n<p> Para cultivar el talento juvenil y proteger a los ni\u00f1os de todo el mundo, debemos invertir en su educaci\u00f3n. Estas inversiones comienzan con la educaci\u00f3n infantil y contin\u00faan hasta la secundaria, la universidad y la formaci\u00f3n continua.<\/p>\n<p> En un plano muy humano, la educaci\u00f3n para todos fomenta la tolerancia, la empat\u00eda y el pensamiento cr\u00edtico, construyendo una cultura de colaboraci\u00f3n y cohesi\u00f3n social en todo el mundo.<\/p>\n<p> La educaci\u00f3n tambi\u00e9n ha demostrado reducir la violencia al crear nuevas oportunidades econ\u00f3micas y promover una mayor estabilidad. Seg\u00fan la Red Interinstitucional para la Educaci\u00f3n en Emergencias:<\/p>\n<p> \u00abUna investigaci\u00f3n que compara datos sobre igualdad educativa y conflictos violentos de casi 100 pa\u00edses a lo largo de 50 a\u00f1os revel\u00f3 una evidencia s\u00f3lida de que la probabilidad de conflicto violento se duplica en pa\u00edses con altos niveles de desigualdad intergrupal en educaci\u00f3n, tras controlar factores de riesgo de conflicto conocidos, como la riqueza, el r\u00e9gimen pol\u00edtico y la geograf\u00eda. La investigaci\u00f3n tambi\u00e9n sugiere que una mayor igualdad educativa entre estudiantes hombres y mujeres reduce la probabilidad de conflicto violento hasta en un 37 %\u00bb.<\/p>\n<p> El gasto militar mundial ha alcanzado un r\u00e9cord de 2,7 billones de d\u00f3lares estadounidenses, seg\u00fan las Naciones Unidas. Al mismo tiempo, el coste de la deserci\u00f3n escolar y la falta de educaci\u00f3n es m\u00e1s del triple, rondando los 10 billones de d\u00f3lares estadounidenses al a\u00f1o, seg\u00fan la UNESCO.<\/p>\n<p>\nImagine un mundo donde gast\u00e1ramos tanto en libros como en bombas. Imagine un mundo donde cada ni\u00f1o, sin importar qui\u00e9n sea ni d\u00f3nde se encuentre, pueda asistir a la escuela en entornos de aprendizaje seguros y de calidad y alcanzar su m\u00e1ximo potencial. Imagine un mundo sin guerras, sin odio, sin intolerancia.<\/p>\n<p> Ese mundo es posible si empieza con educaci\u00f3n para todos.<\/p>\n<p> Foto &#8211; https:\/\/mma.prnewswire.com\/media\/2777690\/Education_Cannot_Wait_Education_for_all_fosters.jpg<\/p>\n<p>\nLogo &#8212; https:\/\/mma.prnewswire.com\/media\/1656121\/Education_Cannot_Wait_Logo.jpg<\/p>\n<p> View original content:https:\/\/www.prnewswire.com\/news-releases\/actuando-ahora-por-un-mundo-en-paz-para-garantizar-la-educacion-para-todos-302563138.html<\/p>\n","protected":false},"excerpt":{"rendered":"<p>(Informaci\u00f3n remitida por la empresa firmante) Conmemoramos el D\u00eda Internacional de la Paz con Education Cannot Wait NUEVA YORK, 22 de septiembre de 2025 \/PRNewswire\/ &#8212; La educaci\u00f3n es la base de un mundo m\u00e1s pac\u00edfico y unido. Gracias al poder transformador de la educaci\u00f3n \u2014especialmente para los 234 millones de ni\u00f1as y ni\u00f1os que [&hellip;]<\/p>\n","protected":false},"author":1,"featured_media":0,"comment_status":"closed","ping_status":"closed","sticky":false,"template":"","format":"standard","meta":{"footnotes":""},"categories":[2],"tags":[],"class_list":["post-63699","post","type-post","status-publish","format-standard","hentry","category-noticias"],"_links":{"self":[{"href":"https:\/\/webciudadana.net\/index.php?rest_route=\/wp\/v2\/posts\/63699","targetHints":{"allow":["GET"]}}],"collection":[{"href":"https:\/\/webciudadana.net\/index.php?rest_route=\/wp\/v2\/posts"}],"about":[{"href":"https:\/\/webciudadana.net\/index.php?rest_route=\/wp\/v2\/types\/post"}],"author":[{"embeddable":true,"href":"https:\/\/webciudadana.net\/index.php?rest_route=\/wp\/v2\/users\/1"}],"replies":[{"embeddable":true,"href":"https:\/\/webciudadana.net\/index.php?rest_route=%2Fwp%2Fv2%2Fcomments&post=63699"}],"version-history":[{"count":0,"href":"https:\/\/webciudadana.net\/index.php?rest_route=\/wp\/v2\/posts\/63699\/revisions"}],"wp:attachment":[{"href":"https:\/\/webciudadana.net\/index.php?rest_route=%2Fwp%2Fv2%2Fmedia&parent=63699"}],"wp:term":[{"taxonomy":"category","embeddable":true,"href":"https:\/\/webciudadana.net\/index.php?rest_route=%2Fwp%2Fv2%2Fcategories&post=63699"},{"taxonomy":"post_tag","embeddable":true,"href":"https:\/\/webciudadana.net\/index.php?rest_route=%2Fwp%2Fv2%2Ftags&post=63699"}],"curies":[{"name":"wp","href":"https:\/\/api.w.org\/{rel}","templated":true}]}}