{"id":63719,"date":"2025-09-23T08:58:50","date_gmt":"2025-09-23T06:58:50","guid":{"rendered":"https:\/\/ticker-noticiasep.microcontenidos.com\/NoticiaRSS.vbhtml?user=FRND562DLP&amp;cod=20250923085850"},"modified":"2025-09-23T08:58:50","modified_gmt":"2025-09-23T06:58:50","slug":"jamon-sin-iva-enrique-tomas-celebra-su-dia-mas-emblematico","status":"publish","type":"post","link":"https:\/\/webciudadana.net\/?p=63719","title":{"rendered":"\u201cJam\u00f3n sin IVA\u201d: Enrique Tom\u00e1s celebra su d\u00eda m\u00e1s emblem\u00e1tico"},"content":{"rendered":"\n<div><img decoding=\"async\" src=\"https:\/\/img.europapress.es\/fotoweb\/fotonoticia_20250923085850_300.jpg\" class=\"ff-og-image-inserted\"><\/div>\n<p>(Informaci\u00f3n remitida por la empresa firmante)<\/p>\n<p>\nEl 28 de septiembre, todos los productos con jam\u00f3n estar\u00e1n sin IVA en tiendas f\u00edsicas y online<\/p>\n<p>\nUna jornada festiva para homenajear al jam\u00f3n ib\u00e9rico y acercarlo a todos los p\u00fablicos con una acci\u00f3n sin precedentes<\/p>\n<p>\nBarcelona, 23 de septiembre de 2025 \u2013 Enrique Tom\u00e1s, marca l\u00edder en la venta y divulgaci\u00f3n del jam\u00f3n ib\u00e9rico, celebrar\u00e1 el pr\u00f3ximo 28 de septiembre su jornada m\u00e1s importante del a\u00f1o: el D\u00eda del Jam\u00f3n, una fecha emblem\u00e1tica en su calendario que rinde homenaje al producto que lo ha convertido en referente mundial.<\/p>\n<p>\nCon motivo de esta celebraci\u00f3n, la marca ha lanzado una campa\u00f1a sin precedentes bajo el lema \u201cJam\u00f3n sin IVA\u201d, en la que durante 24 horas todos los productos que contengan jam\u00f3n estar\u00e1n exentos de IVA tanto en las tiendas f\u00edsicas como en la web. Desde sobres de jam\u00f3n ib\u00e9rico o serrano hasta piezas enteras, bocadillos gourmet, snacks o packs regalo: todo lo que lleve jam\u00f3n, estar\u00e1 disponible con una ventaja exclusiva para el consumidor.<\/p>\n<p>\n\u201cEs un d\u00eda muy especial para nosotros, porque celebramos nuestra esencia: el jam\u00f3n. Y lo queremos hacer de forma cercana, generosa y con impacto\u201d, explica Enrique Tom\u00e1s, fundador de la marca. \u201cNo hay mejor manera de agradecer la fidelidad de nuestros clientes que ofreci\u00e9ndoles esta oportunidad \u00fanica de disfrutar nuestro producto estrella a un precio m\u00e1s accesible\u201d.<\/p>\n<p>\nEsta iniciativa no es solo una promoci\u00f3n comercial. El D\u00eda del Jam\u00f3n es para Enrique Tom\u00e1s una fiesta identitaria, una manera de reconocer el valor de un oficio artesanal, de quienes han mantenido viva la cultura del jam\u00f3n durante generaciones, y de compartir con el p\u00fablico ese respeto por el producto, por el origen y por el tiempo.<\/p>\n<p>\nDisponible en tienda y en web:<\/p>\n<p>\nUna celebraci\u00f3n accesible para todos<\/p>\n<p>\nLa promoci\u00f3n \u201cJam\u00f3n sin IVA\u201d estar\u00e1 activa durante todo el 28 de septiembre, en todos los establecimientos de calle repartidos por Espa\u00f1a, como en su p\u00e1gina web con shop online (www.enriquetomas.com) que tambi\u00e9n tendr\u00e1 env\u00edos gratuitos, permitiendo que clientes de todo el pa\u00eds y del extranjero puedan sumarse a la celebraci\u00f3n, desde casa o de paso por alguna tienda f\u00edsica.<\/p>\n<p>\nEsta acci\u00f3n forma parte del calendario de campa\u00f1as singulares de Enrique Tom\u00e1s, que en los \u00faltimos a\u00f1os ha apostado por vincular su comunicaci\u00f3n a momentos de celebraci\u00f3n, tradici\u00f3n y emoci\u00f3n, conectando cada vez m\u00e1s con un p\u00fablico joven, internacional y gastron\u00f3micamente exigente.<\/p>\n<p>\n\u201cPara nosotros, el jam\u00f3n no es solo un producto. Es emoci\u00f3n, es cultura, es una forma de vivir y de compartir. Este d\u00eda es nuestra forma de decir: gracias\u201d, concluye el fundador. *<\/p>\n<p>\nCon esta campa\u00f1a, Enrique Tom\u00e1s refuerza su prop\u00f3sito como embajador global del jam\u00f3n ib\u00e9rico y da un paso m\u00e1s en su objetivo de acercar el mejor jam\u00f3n del mundo a todos los p\u00fablicos, sin barreras ni complejidades, y con un lenguaje directo, honesto y festivo.<\/p>\n<p>\nSobre Enrique Tom\u00e1s<\/p>\n<p>\nEnrique Tom\u00e1s es el Seleccionador Nacional del Jam\u00f3n. La \u00fanica compa\u00f1\u00eda especializada en elegir el mejor jam\u00f3n ib\u00e9rico de sus diferentes or\u00edgenes, pieza por pieza, con un criterio de calidad \u00fanica para poner a disposici\u00f3n del p\u00fablico el mejor producto gastron\u00f3mico que existe. Su objetivo es ponerle nombre al jam\u00f3n en el mundo y poner a este producto en el lugar que se merece. Para lograrlo lleva desde 1982 dedicado a su selecci\u00f3n y comercializaci\u00f3n. Lo que empez\u00f3 como un negocio en el mercado de La Salud en Badalona (Barcelona), es hoy en d\u00eda una empresa internacional con diferentes \u00e1reas de negocio: desde m\u00e1s de un centenar de tiendas a nivel global, a soluciones de calidad para la gran distribuci\u00f3n, productos gourmet en colaboraci\u00f3n con grandes marcas, eventos y diferentes innovaciones con el que llevar el jam\u00f3n y otros productos selectos ib\u00e9ricos a todos los p\u00fablicos posibles. M\u00e1s informaci\u00f3n en www.enriquetomas.com<\/p>\n<p>\nCONTACTOS DE PRENSA:<\/p>\n<p>\nLaia G\u00f3mez \u2013 laia.gomez@enriquetomas.com \/ Tel. +34 664 39 57 71<\/p>\n<p>\nEmisor: Enrique Tom\u00e1s<\/p>\n","protected":false},"excerpt":{"rendered":"<p>(Informaci\u00f3n remitida por la empresa firmante) El 28 de septiembre, todos los productos con jam\u00f3n estar\u00e1n sin IVA en tiendas f\u00edsicas y online Una jornada festiva para homenajear al jam\u00f3n ib\u00e9rico y acercarlo a todos los p\u00fablicos con una acci\u00f3n sin precedentes Barcelona, 23 de septiembre de 2025 \u2013 Enrique Tom\u00e1s, marca l\u00edder en la [&hellip;]<\/p>\n","protected":false},"author":1,"featured_media":0,"comment_status":"closed","ping_status":"closed","sticky":false,"template":"","format":"standard","meta":{"footnotes":""},"categories":[2],"tags":[],"class_list":["post-63719","post","type-post","status-publish","format-standard","hentry","category-noticias"],"_links":{"self":[{"href":"https:\/\/webciudadana.net\/index.php?rest_route=\/wp\/v2\/posts\/63719","targetHints":{"allow":["GET"]}}],"collection":[{"href":"https:\/\/webciudadana.net\/index.php?rest_route=\/wp\/v2\/posts"}],"about":[{"href":"https:\/\/webciudadana.net\/index.php?rest_route=\/wp\/v2\/types\/post"}],"author":[{"embeddable":true,"href":"https:\/\/webciudadana.net\/index.php?rest_route=\/wp\/v2\/users\/1"}],"replies":[{"embeddable":true,"href":"https:\/\/webciudadana.net\/index.php?rest_route=%2Fwp%2Fv2%2Fcomments&post=63719"}],"version-history":[{"count":0,"href":"https:\/\/webciudadana.net\/index.php?rest_route=\/wp\/v2\/posts\/63719\/revisions"}],"wp:attachment":[{"href":"https:\/\/webciudadana.net\/index.php?rest_route=%2Fwp%2Fv2%2Fmedia&parent=63719"}],"wp:term":[{"taxonomy":"category","embeddable":true,"href":"https:\/\/webciudadana.net\/index.php?rest_route=%2Fwp%2Fv2%2Fcategories&post=63719"},{"taxonomy":"post_tag","embeddable":true,"href":"https:\/\/webciudadana.net\/index.php?rest_route=%2Fwp%2Fv2%2Ftags&post=63719"}],"curies":[{"name":"wp","href":"https:\/\/api.w.org\/{rel}","templated":true}]}}