{"id":63724,"date":"2025-09-23T12:19:08","date_gmt":"2025-09-23T10:19:08","guid":{"rendered":"https:\/\/ticker-noticiasep.microcontenidos.com\/NoticiaRSS.vbhtml?user=FRND562DLP&amp;cod=20250923121908"},"modified":"2025-09-23T12:19:08","modified_gmt":"2025-09-23T10:19:08","slug":"sociedad-intu-xanadu-acoge-la-5a-expo-flexicar-de-vehiculos-de-ocasion","status":"publish","type":"post","link":"https:\/\/webciudadana.net\/?p=63724","title":{"rendered":"Sociedad: intu Xanad\u00fa acoge la 5\u00aa Expo Flexicar de Veh\u00edculos de Ocasi\u00f3n"},"content":{"rendered":"\n<div><img decoding=\"async\" src=\"https:\/\/img.europapress.es\/fotoweb\/fotonoticia_20250923121908_300.jpg\" class=\"ff-og-image-inserted\"><\/div>\n<p>(Informaci\u00f3n remitida por la empresa firmante)<\/p>\n<p> Madrid, 23 de septiembre de 2025.- Del 25 al 28 de septiembre, intu Xanad\u00fa acoge la 5\u00aa Expo Flexicar de Veh\u00edculos de Ocasi\u00f3n, uno de los eventos m\u00e1s esperados por los amantes del motor. Durante cuatro d\u00edas, el parking exterior del destino madrile\u00f1o se convertir\u00e1 en un gran escaparate con m\u00e1s de 500 coches seminuevos, adem\u00e1s de ofertas exclusivas y excelentes condiciones de financiaci\u00f3n.<\/p>\n<p> As\u00ed, en el evento estar\u00e1n disponibles veh\u00edculos de todas las marcas, carrocer\u00edas y motorizaciones, con una antig\u00fcedad inferior a cinco a\u00f1os. Cabe destacar la amplia gama de veh\u00edculos familiares, con opciones incluso de siete plazas para aquellos conductores que buscan soluciones de movilidad para el d\u00eda a d\u00eda o para las vacaciones.<\/p>\n<p> Los amantes de los SUV tambi\u00e9n encontrar\u00e1n una selecci\u00f3n de unidades de todas las marcas y de todos los tama\u00f1os, as\u00ed como compactos urbanos de bajo consumo para quienes necesiten soluciones de movilidad y aparcamiento en la ciudad.<\/p>\n<p> Al igual que en la edici\u00f3n anterior, la movilidad sostenible seguir\u00e1 siendo protagonista gracias a algunos de los ejemplares de Flexicar Green, los concesionarios de la marca especializados en veh\u00edculos h\u00edbridos y el\u00e9ctricos. De este modo, los visitantes podr\u00e1n encontrar coches con etiqueta ECO y Cero, y tendr\u00e1n adem\u00e1s la oportunidad de recibir asesoramiento especializado y personalizado en relaci\u00f3n a la carga de los veh\u00edculos el\u00e9ctricos y los cargadores disponibles en el mercado para instalar en el domicilio.<\/p>\n<p> La entrada a la exposici\u00f3n ser\u00e1 completamente gratuita y podr\u00e1 verse en horario ininterrumpido de 11:00 a 21:00 horas en el parking exterior de intu Xanad\u00fa (cercano a la puerta 4).<\/p>\n<p> 5\u00aa Feria de Veh\u00edculos de Ocasi\u00f3n <\/p>\n<p> CU\u00c1NDO: Del 25 al 28 de septiembre <\/p>\n<p> D\u00d3NDE: intu Xanad\u00fa. A-5, salida 22.<\/p>\n<p> Parking exterior, junto a la puerta 4 <\/p>\n<p> HORARIO: de 11:00 a 21:00h<\/p>\n<p> Gratuito<\/p>\n","protected":false},"excerpt":{"rendered":"<p>(Informaci\u00f3n remitida por la empresa firmante) Madrid, 23 de septiembre de 2025.- Del 25 al 28 de septiembre, intu Xanad\u00fa acoge la 5\u00aa Expo Flexicar de Veh\u00edculos de Ocasi\u00f3n, uno de los eventos m\u00e1s esperados por los amantes del motor. Durante cuatro d\u00edas, el parking exterior del destino madrile\u00f1o se convertir\u00e1 en un gran escaparate [&hellip;]<\/p>\n","protected":false},"author":1,"featured_media":0,"comment_status":"closed","ping_status":"closed","sticky":false,"template":"","format":"standard","meta":{"footnotes":""},"categories":[2],"tags":[],"class_list":["post-63724","post","type-post","status-publish","format-standard","hentry","category-noticias"],"_links":{"self":[{"href":"https:\/\/webciudadana.net\/index.php?rest_route=\/wp\/v2\/posts\/63724","targetHints":{"allow":["GET"]}}],"collection":[{"href":"https:\/\/webciudadana.net\/index.php?rest_route=\/wp\/v2\/posts"}],"about":[{"href":"https:\/\/webciudadana.net\/index.php?rest_route=\/wp\/v2\/types\/post"}],"author":[{"embeddable":true,"href":"https:\/\/webciudadana.net\/index.php?rest_route=\/wp\/v2\/users\/1"}],"replies":[{"embeddable":true,"href":"https:\/\/webciudadana.net\/index.php?rest_route=%2Fwp%2Fv2%2Fcomments&post=63724"}],"version-history":[{"count":0,"href":"https:\/\/webciudadana.net\/index.php?rest_route=\/wp\/v2\/posts\/63724\/revisions"}],"wp:attachment":[{"href":"https:\/\/webciudadana.net\/index.php?rest_route=%2Fwp%2Fv2%2Fmedia&parent=63724"}],"wp:term":[{"taxonomy":"category","embeddable":true,"href":"https:\/\/webciudadana.net\/index.php?rest_route=%2Fwp%2Fv2%2Fcategories&post=63724"},{"taxonomy":"post_tag","embeddable":true,"href":"https:\/\/webciudadana.net\/index.php?rest_route=%2Fwp%2Fv2%2Ftags&post=63724"}],"curies":[{"name":"wp","href":"https:\/\/api.w.org\/{rel}","templated":true}]}}